{"id":25787,"date":"2025-02-19T09:50:19","date_gmt":"2025-02-19T12:50:19","guid":{"rendered":"https:\/\/imais.online\/portal\/?p=25787"},"modified":"2025-02-19T09:50:20","modified_gmt":"2025-02-19T12:50:20","slug":"departamento-de-transito-implanta-sentido-unico-em-ruas-dos-jardins-esplanada-ii-e-monte-verde","status":"publish","type":"post","link":"https:\/\/imais.online\/portal\/departamento-de-transito-implanta-sentido-unico-em-ruas-dos-jardins-esplanada-ii-e-monte-verde\/","title":{"rendered":"Departamento de Tr\u00e2nsito implanta sentido \u00fanico em ruas dos Jardins Esplanada II e Monte Verde"},"content":{"rendered":"<div class=\"imais-before-content-placement\" id=\"imais-4034475308\"><script async src=\"\/\/pagead2.googlesyndication.com\/pagead\/js\/adsbygoogle.js?client=ca-pub-8787528412751566\" crossorigin=\"anonymous\"><\/script><ins class=\"adsbygoogle\" style=\"display:block;\" data-ad-client=\"ca-pub-8787528412751566\" \ndata-ad-slot=\"\" \ndata-ad-format=\"auto\"><\/ins>\n<script> \n(adsbygoogle = window.adsbygoogle || []).push({}); \n<\/script>\n<\/div>\n<p class=\"has-text-align-center\"><em>Altera\u00e7\u00f5es foram realizadas nas ruas Guilherme Siebert Magnusson e Gerson Antonio de Campos<\/em><\/p>\n\n\n\n<p>Mais duas ruas tiveram altera\u00e7\u00f5es na dire\u00e7\u00e3o de tr\u00e2nsito nesta semana: a Rua Guilherme Siebert Magnusson, no Jardim Esplanada II, e a Rua Gerson Antonio de Campos, no Jardim Monte Verde. &nbsp;O Departamento Municipal de Tr\u00e2nsito (Demutran) da Secretaria de Obras e Vias P\u00fablicas j\u00e1 implantou a nova sinaliza\u00e7\u00e3o nos trechos das vias que ficaram de m\u00e3o \u00fanica. As mudan\u00e7as t\u00eam o objetivo de organizar o tr\u00e2nsito e promover seguran\u00e7a aos condutores de ve\u00edculos e pedestres.<\/p>\n\n\n\n<p>A Rua Guilherme Siebert Magnusson est\u00e1 com m\u00e3o \u00fanica, sentido centro-bairro, entre a Avenida Engenheiro F\u00e1bio Roberto Barnab\u00e9 e a Rua Dr. Pedro Maschietto.<\/p>\n\n\n\n<p>Na Rua Gerson Antonio de Campos, Jardim Monte Verde, o sentido \u00fanico ficou no trecho entre a Avenida Engenheiro F\u00e1bio Roberto Barnab\u00e9 e a Rua On\u00f3rio Novachi, sentido centro-bairro<\/p>\n\n\n\n<p>Nos pr\u00f3ximos dias o Demutran ainda dever\u00e1 implantar o sentido \u00fanico na Rua Luiz Vialta, tamb\u00e9m no Jardim Monte Verde, entre a Via Joaquim Emigdio de Campos Bicudo e a Avenida Eng. F\u00e1bio Roberto Barnab\u00e9, sentido bairro-centro.<\/p>\n","protected":false},"excerpt":{"rendered":"<p>Altera\u00e7\u00f5es foram realizadas nas ruas Guilherme Siebert Magnusson e Gerson Antonio de Campos Mais duas ruas tiveram altera\u00e7\u00f5es na dire\u00e7\u00e3o de tr\u00e2nsito nesta semana: a Rua Guilherme Siebert Magnusson, no Jardim Esplanada II, e a Rua Gerson Antonio de Campos, no Jardim Monte Verde. &nbsp;O Departamento Municipal de Tr\u00e2nsito (Demutran) da Secretaria de Obras e [&hellip;]<\/p>\n","protected":false},"author":7,"featured_media":25788,"comment_status":"closed","ping_status":"open","sticky":false,"template":"","format":"standard","meta":{"rop_custom_images_group":[],"rop_custom_messages_group":[],"rop_publish_now":"initial","rop_publish_now_accounts":[],"rop_publish_now_history":[],"rop_publish_now_status":"pending","footnotes":""},"categories":[188],"tags":[],"class_list":["post-25787","post","type-post","status-publish","format-standard","has-post-thumbnail","hentry","category-indaiatuba"],"amp_enabled":true,"_links":{"self":[{"href":"https:\/\/imais.online\/portal\/wp-json\/wp\/v2\/posts\/25787","targetHints":{"allow":["GET"]}}],"collection":[{"href":"https:\/\/imais.online\/portal\/wp-json\/wp\/v2\/posts"}],"about":[{"href":"https:\/\/imais.online\/portal\/wp-json\/wp\/v2\/types\/post"}],"author":[{"embeddable":true,"href":"https:\/\/imais.online\/portal\/wp-json\/wp\/v2\/users\/7"}],"replies":[{"embeddable":true,"href":"https:\/\/imais.online\/portal\/wp-json\/wp\/v2\/comments?post=25787"}],"version-history":[{"count":1,"href":"https:\/\/imais.online\/portal\/wp-json\/wp\/v2\/posts\/25787\/revisions"}],"predecessor-version":[{"id":25789,"href":"https:\/\/imais.online\/portal\/wp-json\/wp\/v2\/posts\/25787\/revisions\/25789"}],"wp:featuredmedia":[{"embeddable":true,"href":"https:\/\/imais.online\/portal\/wp-json\/wp\/v2\/media\/25788"}],"wp:attachment":[{"href":"https:\/\/imais.online\/portal\/wp-json\/wp\/v2\/media?parent=25787"}],"wp:term":[{"taxonomy":"category","embeddable":true,"href":"https:\/\/imais.online\/portal\/wp-json\/wp\/v2\/categories?post=25787"},{"taxonomy":"post_tag","embeddable":true,"href":"https:\/\/imais.online\/portal\/wp-json\/wp\/v2\/tags?post=25787"}],"curies":[{"name":"wp","href":"https:\/\/api.w.org\/{rel}","templated":true}]}}