{"id":25790,"date":"2025-02-19T09:51:45","date_gmt":"2025-02-19T12:51:45","guid":{"rendered":"https:\/\/imais.online\/portal\/?p=25790"},"modified":"2025-02-19T09:51:46","modified_gmt":"2025-02-19T12:51:46","slug":"demutran-faz-remanejamento-de-lombada-eletronica-para-atender-rodovia-joao-ceccon","status":"publish","type":"post","link":"https:\/\/imais.online\/portal\/demutran-faz-remanejamento-de-lombada-eletronica-para-atender-rodovia-joao-ceccon\/","title":{"rendered":"Demutran faz remanejamento de lombada eletr\u00f4nica para atender rodovia Jo\u00e3o Ceccon"},"content":{"rendered":"<div class=\"imais-before-content-placement\" id=\"imais-575419425\"><script async src=\"\/\/pagead2.googlesyndication.com\/pagead\/js\/adsbygoogle.js?client=ca-pub-8787528412751566\" crossorigin=\"anonymous\"><\/script><ins class=\"adsbygoogle\" style=\"display:block;\" data-ad-client=\"ca-pub-8787528412751566\" \ndata-ad-slot=\"\" \ndata-ad-format=\"auto\"><\/ins>\n<script> \n(adsbygoogle = window.adsbygoogle || []).push({}); \n<\/script>\n<\/div>\n<p class=\"has-text-align-center\"><em>Equipamento ser\u00e1 usado em car\u00e1ter educativo e refor\u00e7a seguran\u00e7a vi\u00e1ria em trecho de 40km\/h<\/em><\/p>\n\n\n\n<p>O Departamento Municipal de Tr\u00e2nsito (Demutran) da Secretaria de Obras e Vias P\u00fablicas concluiu ter\u00e7a-feira (18\/2) a realoca\u00e7\u00e3o de uma lombada eletr\u00f4nica da rua Martinho Lutero para a rodovia Jo\u00e3o Ceccon. O equipamento fica pr\u00f3ximo ao Jardim Amstalden Residence e \u00e0 entrada da nova rodovia de interliga\u00e7\u00e3o com a avenida F\u00e1bio Ferraz Bicudo, no sentido bairro-centro. Assim como na Martinho Lutero, a lombada eletr\u00f4nica ser\u00e1 usada em car\u00e1ter educativo com o objetivo de refor\u00e7ar a seguran\u00e7a vi\u00e1ria em um ponto da rodovia que recebe um grande fluxo de ve\u00edculos. A velocidade m\u00e1xima no trecho j\u00e1 \u00e9 de 40km\/h.<\/p>\n\n\n\n<p>O ponto escolhido para receber o equipamento \u00e9 de curva, com entrada e sa\u00edda de condom\u00ednios, e que apresenta muitas reclama\u00e7\u00f5es de moradores referentes a abuso de velocidade. Diante das cont\u00ednuas solicita\u00e7\u00f5es de interven\u00e7\u00f5es no local, a equipe do Demutran em monitoramento \u00e0 via confirmou a necessidade de instala\u00e7\u00e3o de um dispositivo de controle de velocidade, com o intuito de garantir mais seguran\u00e7a aos mun\u00edcipes que trafegam na regi\u00e3o.<\/p>\n\n\n\n<p>A lombada eletr\u00f4nica que foi remanejada para a Jo\u00e3o Ceccon faz parte do conv\u00eanio firmado com o Departamento Estadual de Tr\u00e2nsito (Detran-SP) em 2024, e estava na altura do n\u00famero 292 da rua Martinho Lutero, sentido bairro centro. &nbsp;O trecho manter\u00e1 um ponto de monitoramento eletr\u00f4nico, mas agora apenas de um lado da via.&nbsp;<\/p>\n\n\n\n<p><\/p>\n","protected":false},"excerpt":{"rendered":"<p>Equipamento ser\u00e1 usado em car\u00e1ter educativo e refor\u00e7a seguran\u00e7a vi\u00e1ria em trecho de 40km\/h O Departamento Municipal de Tr\u00e2nsito (Demutran) da Secretaria de Obras e Vias P\u00fablicas concluiu ter\u00e7a-feira (18\/2) a realoca\u00e7\u00e3o de uma lombada eletr\u00f4nica da rua Martinho Lutero para a rodovia Jo\u00e3o Ceccon. O equipamento fica pr\u00f3ximo ao Jardim Amstalden Residence e \u00e0 [&hellip;]<\/p>\n","protected":false},"author":7,"featured_media":25791,"comment_status":"closed","ping_status":"open","sticky":false,"template":"","format":"standard","meta":{"rop_custom_images_group":[],"rop_custom_messages_group":[],"rop_publish_now":"initial","rop_publish_now_accounts":[],"rop_publish_now_history":[],"rop_publish_now_status":"pending","footnotes":""},"categories":[188],"tags":[],"class_list":["post-25790","post","type-post","status-publish","format-standard","has-post-thumbnail","hentry","category-indaiatuba"],"amp_enabled":true,"_links":{"self":[{"href":"https:\/\/imais.online\/portal\/wp-json\/wp\/v2\/posts\/25790","targetHints":{"allow":["GET"]}}],"collection":[{"href":"https:\/\/imais.online\/portal\/wp-json\/wp\/v2\/posts"}],"about":[{"href":"https:\/\/imais.online\/portal\/wp-json\/wp\/v2\/types\/post"}],"author":[{"embeddable":true,"href":"https:\/\/imais.online\/portal\/wp-json\/wp\/v2\/users\/7"}],"replies":[{"embeddable":true,"href":"https:\/\/imais.online\/portal\/wp-json\/wp\/v2\/comments?post=25790"}],"version-history":[{"count":1,"href":"https:\/\/imais.online\/portal\/wp-json\/wp\/v2\/posts\/25790\/revisions"}],"predecessor-version":[{"id":25792,"href":"https:\/\/imais.online\/portal\/wp-json\/wp\/v2\/posts\/25790\/revisions\/25792"}],"wp:featuredmedia":[{"embeddable":true,"href":"https:\/\/imais.online\/portal\/wp-json\/wp\/v2\/media\/25791"}],"wp:attachment":[{"href":"https:\/\/imais.online\/portal\/wp-json\/wp\/v2\/media?parent=25790"}],"wp:term":[{"taxonomy":"category","embeddable":true,"href":"https:\/\/imais.online\/portal\/wp-json\/wp\/v2\/categories?post=25790"},{"taxonomy":"post_tag","embeddable":true,"href":"https:\/\/imais.online\/portal\/wp-json\/wp\/v2\/tags?post=25790"}],"curies":[{"name":"wp","href":"https:\/\/api.w.org\/{rel}","templated":true}]}}