{"id":25802,"date":"2025-02-20T06:57:12","date_gmt":"2025-02-20T09:57:12","guid":{"rendered":"https:\/\/imais.online\/portal\/?p=25802"},"modified":"2025-02-20T06:57:13","modified_gmt":"2025-02-20T09:57:13","slug":"secretaria-de-saude-apresenta-inicio-de-estudo-para-centro-de-hemodialise-em-audiencia-publica","status":"publish","type":"post","link":"https:\/\/imais.online\/portal\/secretaria-de-saude-apresenta-inicio-de-estudo-para-centro-de-hemodialise-em-audiencia-publica\/","title":{"rendered":"Secretaria de Sa\u00fade apresenta in\u00edcio de estudo para Centro de Hemodi\u00e1lise em Audi\u00eancia P\u00fablica"},"content":{"rendered":"<div class=\"imais-before-content-placement\" id=\"imais-2872456075\"><script async src=\"\/\/pagead2.googlesyndication.com\/pagead\/js\/adsbygoogle.js?client=ca-pub-8787528412751566\" crossorigin=\"anonymous\"><\/script><ins class=\"adsbygoogle\" style=\"display:block;\" data-ad-client=\"ca-pub-8787528412751566\" \ndata-ad-slot=\"\" \ndata-ad-format=\"auto\"><\/ins>\n<script> \n(adsbygoogle = window.adsbygoogle || []).push({}); \n<\/script>\n<\/div>\n<p class=\"has-text-align-center\"><em>Presta\u00e7\u00e3o de contas do 3\u00ba quadrimestre de 2024 foi aprovada por unanimidade durante reuni\u00e3o do Conselho Municipal de Sa\u00fade<\/em><\/p>\n\n\n\n<p>A Secretaria de Sa\u00fade realizou na quarta-feira (19), \u00e0s 14h, no audit\u00f3rio da Prefeitura de Indaiatuba, a primeira audi\u00eancia p\u00fablica de 2025 para presta\u00e7\u00e3o de contas do financiamento, das a\u00e7\u00f5es, dos servi\u00e7os de sa\u00fade referentes ao 3\u00ba quadrimestre de 2024 (setembro, outubro, novembro e dezembro de 2024). Durante a primeira etapa da audi\u00eancia, aconteceu a reuni\u00e3o extraordin\u00e1ria do CMS (Conselho Municipal de Sa\u00fade). Na ocasi\u00e3o a secret\u00e1ria de Sa\u00fade, Dra. Heloisa Salatino anunciou o in\u00edcio do estudo para viabilizar o Centro de Hemodi\u00e1lise em Indaiatuba.<\/p>\n\n\n\n<p>A secret\u00e1ria de Sa\u00fade refor\u00e7ou contar com o apoio do Conselho Municipal de Sa\u00fade para garantir a entrega do melhor servi\u00e7o de sa\u00fade para a popula\u00e7\u00e3o. \u201cGostaria de aproveitar esta oportunidade para inform\u00e1-los que, na semana passada, o prefeito Dr. Cust\u00f3dio solicitou que inici\u00e1ssemos um estudo de viabilidade para a constru\u00e7\u00e3o de um Centro de Hemodi\u00e1lise, a iniciativa faz parte do seu Plano de Governo. J\u00e1 come\u00e7amos a trabalhar nesse projeto e solicitamos \u00e0 equipe de engenharia uma an\u00e1lise da cidade para identificar pr\u00e9dios e terrenos p\u00fablicos que atendam aos crit\u00e9rios necess\u00e1rios. Esse estudo nos permitir\u00e1 avaliar a demanda atual em rela\u00e7\u00e3o ao n\u00famero de cadeiras e turnos dispon\u00edveis\u201d, informou a Dra Heloisa Salatino.<\/p>\n\n\n\n<p>A Dra Heloisa falou da import\u00e2ncia da participa\u00e7\u00e3o dos mun\u00edcipes no processo, compartilhando suas necessidades e ideias. \u201cA contribui\u00e7\u00e3o da comunidade ser\u00e1 essencial para garantir que o centro atenda bem todas as necessidades. Acredito na import\u00e2ncia desse projeto e quero dividir essas informa\u00e7\u00f5es com voc\u00eas, pois a participa\u00e7\u00e3o do Conselho Municipal \u00e9 fundamental para que tudo d\u00ea certo. Contarei com o apoio de todos voc\u00eas nessa jornada para a constru\u00e7\u00e3o do Centro de Hemodi\u00e1lise\u201d, finalizou a secret\u00e1ria de Sa\u00fade.<\/p>\n\n\n\n<p>Ap\u00f3s aprova\u00e7\u00e3o por unanimidade dos membros do CMS para presta\u00e7\u00e3o de contas do 3\u00ba quadrimestre de 2024, os t\u00e9cnicos da \u00e1rea de gest\u00e3o da Secretaria de Sa\u00fade realizaram as apresenta\u00e7\u00f5es com detalhamento dos dados financeiros e demais informa\u00e7\u00f5es de todas as \u00e1reas da sa\u00fade. Tamb\u00e9m foram esclarecidas as d\u00favidas e questionamentos dos presentes.<\/p>\n\n\n\n<p>As audi\u00eancias p\u00fablicas da Sa\u00fade s\u00e3o realizadas a cada quatro meses e atendem a determina\u00e7\u00e3o da Lei Complementar 141\/2012, e incluiu, al\u00e9m dos dados financeiros, informa\u00e7\u00f5es referentes \u00e0s \u00e1reas da Assist\u00eancia Farmac\u00eautica, da Produ\u00e7\u00e3o e Faturamento, Ouvidoria e Avalia\u00e7\u00e3o e Controle.<\/p>\n","protected":false},"excerpt":{"rendered":"<p>Presta\u00e7\u00e3o de contas do 3\u00ba quadrimestre de 2024 foi aprovada por unanimidade durante reuni\u00e3o do Conselho Municipal de Sa\u00fade A Secretaria de Sa\u00fade realizou na quarta-feira (19), \u00e0s 14h, no audit\u00f3rio da Prefeitura de Indaiatuba, a primeira audi\u00eancia p\u00fablica de 2025 para presta\u00e7\u00e3o de contas do financiamento, das a\u00e7\u00f5es, dos servi\u00e7os de sa\u00fade referentes ao [&hellip;]<\/p>\n","protected":false},"author":7,"featured_media":25803,"comment_status":"closed","ping_status":"open","sticky":false,"template":"","format":"standard","meta":{"rop_custom_images_group":[],"rop_custom_messages_group":[],"rop_publish_now":"initial","rop_publish_now_accounts":[],"rop_publish_now_history":[],"rop_publish_now_status":"pending","footnotes":""},"categories":[188],"tags":[],"class_list":["post-25802","post","type-post","status-publish","format-standard","has-post-thumbnail","hentry","category-indaiatuba"],"amp_enabled":true,"_links":{"self":[{"href":"https:\/\/imais.online\/portal\/wp-json\/wp\/v2\/posts\/25802","targetHints":{"allow":["GET"]}}],"collection":[{"href":"https:\/\/imais.online\/portal\/wp-json\/wp\/v2\/posts"}],"about":[{"href":"https:\/\/imais.online\/portal\/wp-json\/wp\/v2\/types\/post"}],"author":[{"embeddable":true,"href":"https:\/\/imais.online\/portal\/wp-json\/wp\/v2\/users\/7"}],"replies":[{"embeddable":true,"href":"https:\/\/imais.online\/portal\/wp-json\/wp\/v2\/comments?post=25802"}],"version-history":[{"count":1,"href":"https:\/\/imais.online\/portal\/wp-json\/wp\/v2\/posts\/25802\/revisions"}],"predecessor-version":[{"id":25804,"href":"https:\/\/imais.online\/portal\/wp-json\/wp\/v2\/posts\/25802\/revisions\/25804"}],"wp:featuredmedia":[{"embeddable":true,"href":"https:\/\/imais.online\/portal\/wp-json\/wp\/v2\/media\/25803"}],"wp:attachment":[{"href":"https:\/\/imais.online\/portal\/wp-json\/wp\/v2\/media?parent=25802"}],"wp:term":[{"taxonomy":"category","embeddable":true,"href":"https:\/\/imais.online\/portal\/wp-json\/wp\/v2\/categories?post=25802"},{"taxonomy":"post_tag","embeddable":true,"href":"https:\/\/imais.online\/portal\/wp-json\/wp\/v2\/tags?post=25802"}],"curies":[{"name":"wp","href":"https:\/\/api.w.org\/{rel}","templated":true}]}}