{"id":25813,"date":"2025-02-21T10:22:28","date_gmt":"2025-02-21T13:22:28","guid":{"rendered":"https:\/\/imais.online\/portal\/?p=25813"},"modified":"2025-02-21T10:22:29","modified_gmt":"2025-02-21T13:22:29","slug":"papa-francisco-esta-melhorando-e-trabalhando-no-hospital-diz-vaticano","status":"publish","type":"post","link":"https:\/\/imais.online\/portal\/papa-francisco-esta-melhorando-e-trabalhando-no-hospital-diz-vaticano\/","title":{"rendered":"Papa Francisco est\u00e1 melhorando e trabalhando no hospital, diz Vaticano"},"content":{"rendered":"<div class=\"imais-before-content-placement\" id=\"imais-1868661844\"><script async src=\"\/\/pagead2.googlesyndication.com\/pagead\/js\/adsbygoogle.js?client=ca-pub-8787528412751566\" crossorigin=\"anonymous\"><\/script><ins class=\"adsbygoogle\" style=\"display:block;\" data-ad-client=\"ca-pub-8787528412751566\" \ndata-ad-slot=\"\" \ndata-ad-format=\"auto\"><\/ins>\n<script> \n(adsbygoogle = window.adsbygoogle || []).push({}); \n<\/script>\n<\/div>\n<p>Pont\u00edfice est\u00e1 internado h\u00e1 uma semana e enfrenta pneumonia dupla<\/p>\n\n\n\n<p>O papa Francisco est\u00e1 apresentando melhora e fazendo alguns trabalhos, declarou o Vaticano nesta sexta-feira (21), quando o pont\u00edfice de 88 anos passa seu oitavo dia no hospital tratando uma pneumonia dupla.<\/p>\n\n\n\n<p>Francisco est\u00e1 sendo tratado no hospital Gemelli, em Roma, onde foi internado em 14 de fevereiro, ap\u00f3s enfrentar dificuldades respirat\u00f3rias por diversos dias.<\/p>\n\n\n\n<p>A\u00a0pneumonia dupla \u00e9 uma infec\u00e7\u00e3o grave\u00a0que pode inflamar e causar cicatrizes\u00a0 nos dois pulm\u00f5es, dificultando a respira\u00e7\u00e3o.<\/p>\n\n\n\n<p>O porta-voz do Vaticano, Matteo Bruni, afirmou em uma breve atualiza\u00e7\u00e3o nesta sexta-feira (21) que o pont\u00edfice dormiu bem durante a noite e tomou caf\u00e9 da manh\u00e3.<\/p>\n\n\n\n<p>Uma autoridade da Santa S\u00e9, que n\u00e3o quis ser identificada por n\u00e3o estar autorizada a falar sobre a condi\u00e7\u00e3o do papa, relatou que Francisco est\u00e1 respirando por conta pr\u00f3pria, sem a ajuda de uma m\u00e1quina.<\/p>\n\n\n\n<p>O papa conseguiu se movimentar pelo quarto do hospital, estava atendendo a algumas liga\u00e7\u00f5es telef\u00f4nicas e continuava a fazer trabalhos burocr\u00e1ticos, contou a fonte.<\/p>\n\n\n\n<p>Os coment\u00e1rios foram feitos depois que o Vaticano comunicou na noite de quinta-feira (20) que a condi\u00e7\u00e3o do l\u00edder cat\u00f3lico estava\u00a0\u201cmelhorando ligeiramente\u201d\u00a0pelo segundo dia consecutivo.<\/p>\n\n\n\n<p>A Santa S\u00e9 tamb\u00e9m informou que os par\u00e2metros que avaliam o sistema vascular do pont\u00edfice estavam \u201cest\u00e1veis\u201d.<\/p>\n\n\n\n<h2 class=\"wp-block-heading\"><strong>Sa\u00fade do papa<\/strong><\/h2>\n\n\n\n<p>Francisco, que \u00e9 papa desde 2013,\u00a0tem sofrido com problemas de sa\u00fade nos \u00faltimos dois anos.<\/p>\n\n\n\n<p>Ele \u00e9 particularmente propenso a infec\u00e7\u00f5es pulmonares porque, quando jovem adulto, desenvolveu uma inflama\u00e7\u00e3o e teve parte de um pulm\u00e3o removido.<\/p>\n\n\n\n<p>Um cardeal cat\u00f3lico aposentado sugeriu na quinta-feira (20) que a sa\u00fade fr\u00e1gil poderia levar o papa a renunciar como l\u00edder da Igreja Cat\u00f3lica de 1,4 bilh\u00e3o de membros, como fez seu falecido predecessor, o papa Bento 16.<\/p>\n\n\n\n<p>Mas o pont\u00edfice j\u00e1\u00a0descartou firmemente a possibilidade de renunciar\u00a0no passado, chamando isso em 2024 apenas de uma \u201chip\u00f3tese distante\u201d.<\/p>\n\n\n\n<p>Fonte CNN Brasil <\/p>\n","protected":false},"excerpt":{"rendered":"<p>Pont\u00edfice est\u00e1 internado h\u00e1 uma semana e enfrenta pneumonia dupla O papa Francisco est\u00e1 apresentando melhora e fazendo alguns trabalhos, declarou o Vaticano nesta sexta-feira (21), quando o pont\u00edfice de 88 anos passa seu oitavo dia no hospital tratando uma pneumonia dupla. Francisco est\u00e1 sendo tratado no hospital Gemelli, em Roma, onde foi internado em [&hellip;]<\/p>\n","protected":false},"author":8,"featured_media":25814,"comment_status":"closed","ping_status":"open","sticky":false,"template":"","format":"standard","meta":{"rop_custom_images_group":[],"rop_custom_messages_group":[],"rop_publish_now":"initial","rop_publish_now_accounts":[],"rop_publish_now_history":[],"rop_publish_now_status":"pending","footnotes":""},"categories":[212],"tags":[],"class_list":["post-25813","post","type-post","status-publish","format-standard","has-post-thumbnail","hentry","category-internacional"],"amp_enabled":true,"_links":{"self":[{"href":"https:\/\/imais.online\/portal\/wp-json\/wp\/v2\/posts\/25813","targetHints":{"allow":["GET"]}}],"collection":[{"href":"https:\/\/imais.online\/portal\/wp-json\/wp\/v2\/posts"}],"about":[{"href":"https:\/\/imais.online\/portal\/wp-json\/wp\/v2\/types\/post"}],"author":[{"embeddable":true,"href":"https:\/\/imais.online\/portal\/wp-json\/wp\/v2\/users\/8"}],"replies":[{"embeddable":true,"href":"https:\/\/imais.online\/portal\/wp-json\/wp\/v2\/comments?post=25813"}],"version-history":[{"count":1,"href":"https:\/\/imais.online\/portal\/wp-json\/wp\/v2\/posts\/25813\/revisions"}],"predecessor-version":[{"id":25815,"href":"https:\/\/imais.online\/portal\/wp-json\/wp\/v2\/posts\/25813\/revisions\/25815"}],"wp:featuredmedia":[{"embeddable":true,"href":"https:\/\/imais.online\/portal\/wp-json\/wp\/v2\/media\/25814"}],"wp:attachment":[{"href":"https:\/\/imais.online\/portal\/wp-json\/wp\/v2\/media?parent=25813"}],"wp:term":[{"taxonomy":"category","embeddable":true,"href":"https:\/\/imais.online\/portal\/wp-json\/wp\/v2\/categories?post=25813"},{"taxonomy":"post_tag","embeddable":true,"href":"https:\/\/imais.online\/portal\/wp-json\/wp\/v2\/tags?post=25813"}],"curies":[{"name":"wp","href":"https:\/\/api.w.org\/{rel}","templated":true}]}}