{"id":25819,"date":"2025-02-21T10:27:28","date_gmt":"2025-02-21T13:27:28","guid":{"rendered":"https:\/\/imais.online\/portal\/?p=25819"},"modified":"2025-02-21T10:27:29","modified_gmt":"2025-02-21T13:27:29","slug":"ratos-comecam-a-falar-apos-receberem-mutacao-genetica-que-so-humanos-possuem","status":"publish","type":"post","link":"https:\/\/imais.online\/portal\/ratos-comecam-a-falar-apos-receberem-mutacao-genetica-que-so-humanos-possuem\/","title":{"rendered":"Ratos come\u00e7am a \u2018falar\u2019 ap\u00f3s receberem muta\u00e7\u00e3o gen\u00e9tica que s\u00f3 humanos possuem"},"content":{"rendered":"<div class=\"imais-before-content-placement\" id=\"imais-396671343\"><script async src=\"\/\/pagead2.googlesyndication.com\/pagead\/js\/adsbygoogle.js?client=ca-pub-8787528412751566\" crossorigin=\"anonymous\"><\/script><ins class=\"adsbygoogle\" style=\"display:block;\" data-ad-client=\"ca-pub-8787528412751566\" \ndata-ad-slot=\"\" \ndata-ad-format=\"auto\"><\/ins>\n<script> \n(adsbygoogle = window.adsbygoogle || []).push({}); \n<\/script>\n<\/div>\n<h2 class=\"wp-block-heading\">Estudo cient\u00edfico usou material gen\u00e9tico que pode ser o respons\u00e1vel pela fala nos homens<\/h2>\n\n\n\n<p>Cientistas da&nbsp;<a href=\"https:\/\/www.nature.com\/articles\/s41467-025-56579-2\"><u>Universidade Rockefeller e do Laborat\u00f3rio Cold Spring Harbor<\/u><\/a>, em Nova York, est\u00e3o investigando o papel do gene NOVA1 na evolu\u00e7\u00e3o da&nbsp;<a href=\"https:\/\/noticias.r7.com\/internacional\/estudo-revela-semelhancas-entre-o-canto-das-baleias-e-a-linguagem-humana-11022025\/\" target=\"_blank\" rel=\"noreferrer noopener\">linguagem humana<\/a>. Presente em todos os mam\u00edferos, esse gene exibe uma muta\u00e7\u00e3o \u00fanica nos&nbsp;<em>Homo sapiens<\/em>, que pode ter sido fundamental para o desenvolvimento da fala. Para testar essa possibilidade, pesquisadores modificaram geneticamente alguns ratos para expressar a vers\u00e3o humana do gene e observaram mudan\u00e7as inesperadas.<\/p>\n\n\n\n<h3 class=\"wp-block-heading\">Como foi o experimento?<\/h3>\n\n\n\n<p>O NOVA1 \u00e9 um regulador gen\u00e9tico de grande influ\u00eancia, afetando o funcionamento de in\u00fameros genes durante o desenvolvimento. Ele codifica a prote\u00edna Nova-1, que modifica o RNA mensageiro nos neur\u00f4nios, interferindo na produ\u00e7\u00e3o de prote\u00ednas essenciais para o funcionamento do sistema nervoso.<\/p>\n\n\n\n<p>Ao introduzir a variante humana em camundongos, os cientistas notaram mudan\u00e7as na regula\u00e7\u00e3o do RNA, especialmente em \u00e1reas ligadas ao comportamento vocal. \u201cFicamos surpresos com o que encontramos. Foi um momento impressionante para a ci\u00eancia\u201d, afirmou o neuro-oncologista Robert Darnell, que pesquisa o NOVA1 desde os anos 1990.<\/p>\n\n\n\n<p>Quando sua equipe inseriu a variante humana do NOVA1 em camundongos, observou mudan\u00e7as nos padr\u00f5es sonoros dos animais. Os filhotes emitiram sons mais agudos do que os camundongos normais, sem alterar a resposta materna. J\u00e1 os machos adultos passaram a vocalizar de maneira mais complexa durante o experimento.<\/p>\n\n\n\n<p>\u201cEles come\u00e7aram a \u2018conversar\u2019 de forma diferente com as f\u00eameas. Podemos imaginar como mudan\u00e7as semelhantes podem ter moldado a comunica\u00e7\u00e3o humana\u201d, disse Darnell.<\/p>\n\n\n\n<h3 class=\"wp-block-heading\">Quais os pr\u00f3ximos passos?<\/h3>\n\n\n\n<p>Os pesquisadores ainda n\u00e3o compreendem totalmente o impacto da muta\u00e7\u00e3o na vocaliza\u00e7\u00e3o dos ratos, mas suspeitam que afete regi\u00f5es cerebrais relacionadas ao controle da frequ\u00eancia e do tom da voz. As \u00e1reas do tronco cerebral, mesenc\u00e9falo ou mesmo o c\u00f3rtex podem estar envolvidas.<\/p>\n\n\n\n<p>Al\u00e9m de seu impacto na linguagem, o NOVA1 pode estar envolvido em processos de aprendizado e coordena\u00e7\u00e3o motora. Muta\u00e7\u00f5es nesse gene j\u00e1 foram associadas a transtornos psiqui\u00e1tricos graves, refor\u00e7ando sua relev\u00e2ncia para o desenvolvimento humano.<\/p>\n\n\n\n<p>O geneticista Wolfgang Enard, que j\u00e1 estudou o FOXP2, v\u00ea o NOVA1 como um novo elemento-chave para desvendar as origens da fala. Em entrevista ao New York Times, ele destacou a import\u00e2ncia dessa muta\u00e7\u00e3o como parte de um conjunto maior de mudan\u00e7as nos primeiros humanos modernos.<\/p>\n\n\n\n<h3 class=\"wp-block-heading\">Por que a descoberta \u00e9 importante?<\/h3>\n\n\n\n<p>A descoberta sugere que essa muta\u00e7\u00e3o pode ter sido determinante na diferencia\u00e7\u00e3o dos sapiens em rela\u00e7\u00e3o a outros homin\u00eddeos. Estudos indicam que nem neandertais possu\u00edam essa varia\u00e7\u00e3o gen\u00e9tica, o que refor\u00e7a a hip\u00f3tese de que a altera\u00e7\u00e3o tenha ocorrido ap\u00f3s a separa\u00e7\u00e3o evolutiva dessas esp\u00e9cies.<\/p>\n\n\n\n<p>Outros genes j\u00e1 foram associados ao desenvolvimento da linguagem, como o FOXP2, mas seu papel ainda \u00e9 debatido. O NOVA1 surge como um novo candidato relevante para entender a comunica\u00e7\u00e3o humana complexa.<\/p>\n\n\n\n<p>Entre mais de 650 mil sequ\u00eancias gen\u00e9ticas analisadas, apenas seis indiv\u00edduos foram identificados sem a variante humana do NOVA1, embora suas caracter\u00edsticas sejam desconhecidas.<\/p>\n\n\n\n<p>Os pesquisadores acreditam que a vers\u00e3o humana do NOVA1 tenha surgido em uma popula\u00e7\u00e3o ancestral na \u00c1frica, tornando-se dominante devido \u00e0s vantagens que oferecia na comunica\u00e7\u00e3o vocal. \u00c0 medida que essa popula\u00e7\u00e3o se espalhou pelo mundo, a muta\u00e7\u00e3o foi sendo carregada consigo. Como brinca Darnell, \u00e9 prov\u00e1vel que esses primeiros humanos tenham compartilhado muitas hist\u00f3rias pelo caminho.<\/p>\n\n\n\n<p>Fonte R7 <\/p>\n","protected":false},"excerpt":{"rendered":"<p>Estudo cient\u00edfico usou material gen\u00e9tico que pode ser o respons\u00e1vel pela fala nos homens Cientistas da&nbsp;Universidade Rockefeller e do Laborat\u00f3rio Cold Spring Harbor, em Nova York, est\u00e3o investigando o papel do gene NOVA1 na evolu\u00e7\u00e3o da&nbsp;linguagem humana. Presente em todos os mam\u00edferos, esse gene exibe uma muta\u00e7\u00e3o \u00fanica nos&nbsp;Homo sapiens, que pode ter sido fundamental [&hellip;]<\/p>\n","protected":false},"author":8,"featured_media":25820,"comment_status":"closed","ping_status":"open","sticky":false,"template":"","format":"standard","meta":{"rop_custom_images_group":[],"rop_custom_messages_group":[],"rop_publish_now":"initial","rop_publish_now_accounts":[],"rop_publish_now_history":[],"rop_publish_now_status":"pending","footnotes":""},"categories":[212],"tags":[],"class_list":["post-25819","post","type-post","status-publish","format-standard","has-post-thumbnail","hentry","category-internacional"],"amp_enabled":true,"_links":{"self":[{"href":"https:\/\/imais.online\/portal\/wp-json\/wp\/v2\/posts\/25819","targetHints":{"allow":["GET"]}}],"collection":[{"href":"https:\/\/imais.online\/portal\/wp-json\/wp\/v2\/posts"}],"about":[{"href":"https:\/\/imais.online\/portal\/wp-json\/wp\/v2\/types\/post"}],"author":[{"embeddable":true,"href":"https:\/\/imais.online\/portal\/wp-json\/wp\/v2\/users\/8"}],"replies":[{"embeddable":true,"href":"https:\/\/imais.online\/portal\/wp-json\/wp\/v2\/comments?post=25819"}],"version-history":[{"count":1,"href":"https:\/\/imais.online\/portal\/wp-json\/wp\/v2\/posts\/25819\/revisions"}],"predecessor-version":[{"id":25821,"href":"https:\/\/imais.online\/portal\/wp-json\/wp\/v2\/posts\/25819\/revisions\/25821"}],"wp:featuredmedia":[{"embeddable":true,"href":"https:\/\/imais.online\/portal\/wp-json\/wp\/v2\/media\/25820"}],"wp:attachment":[{"href":"https:\/\/imais.online\/portal\/wp-json\/wp\/v2\/media?parent=25819"}],"wp:term":[{"taxonomy":"category","embeddable":true,"href":"https:\/\/imais.online\/portal\/wp-json\/wp\/v2\/categories?post=25819"},{"taxonomy":"post_tag","embeddable":true,"href":"https:\/\/imais.online\/portal\/wp-json\/wp\/v2\/tags?post=25819"}],"curies":[{"name":"wp","href":"https:\/\/api.w.org\/{rel}","templated":true}]}}