{"id":25822,"date":"2025-02-21T10:30:07","date_gmt":"2025-02-21T13:30:07","guid":{"rendered":"https:\/\/imais.online\/portal\/?p=25822"},"modified":"2025-02-21T10:30:08","modified_gmt":"2025-02-21T13:30:08","slug":"whindersson-nunes-se-interna-em-clinica-psiquiatrica-para-cuidar-da-saude","status":"publish","type":"post","link":"https:\/\/imais.online\/portal\/whindersson-nunes-se-interna-em-clinica-psiquiatrica-para-cuidar-da-saude\/","title":{"rendered":"Whindersson Nunes se interna em cl\u00ednica psiqui\u00e1trica para cuidar da sa\u00fade"},"content":{"rendered":"<div class=\"imais-before-content-placement\" id=\"imais-4111454136\"><script async src=\"\/\/pagead2.googlesyndication.com\/pagead\/js\/adsbygoogle.js?client=ca-pub-8787528412751566\" crossorigin=\"anonymous\"><\/script><ins class=\"adsbygoogle\" style=\"display:block;\" data-ad-client=\"ca-pub-8787528412751566\" \ndata-ad-slot=\"\" \ndata-ad-format=\"auto\"><\/ins>\n<script> \n(adsbygoogle = window.adsbygoogle || []).push({}); \n<\/script>\n<\/div>\n<h2 class=\"wp-block-heading\">Decis\u00e3o foi tomada por conta pr\u00f3pria e confirmada em nota publicada por empresa que gerencia a carreira do comediante<\/h2>\n\n\n\n<p>O humorista&nbsp;<a href=\"https:\/\/entretenimento.r7.com\/famosos-e-tv\/feed-tv-arquivo-de-famosos\/whindersson-nunes-abre-o-coracao-sobre-sua-luta-contra-a-depressao-31052024\/\"><\/a><a href=\"https:\/\/entretenimento.r7.com\/famosos-e-tv\/feed-tv-arquivo-de-famosos\/whindersson-nunes-o-relato-emocionante-de-um-sobrevivente-03062024\/\"><strong>Whindersson Nunes<\/strong><\/a>&nbsp;se internou, na \u00faltima semana, em uma cl\u00ednica psiqui\u00e1trica no interior de S\u00e3o Paulo. O motivo foi cuidar de sua&nbsp;<a href=\"https:\/\/entretenimento.r7.com\/famosos-e-tv\/feed-tv-arquivo-de-famosos\/whindersson-nunes-abre-o-coracao-sobre-sua-luta-contra-a-depressao-31052024\/\"><strong>sa\u00fade e bem-estar<\/strong><\/a>.<\/p>\n\n\n\n<p>A informa\u00e7\u00e3o foi comunicada pela Non Stop Produ\u00e7\u00f5es Art\u00edsticas, escrit\u00f3rio respons\u00e1vel pelo gerenciamento de carreira do comediante, na noite da \u00faltima quinta-feira (20).<\/p>\n\n\n\n<p>Em uma nota publicada nas redes sociais, a assessoria do humorista afirmou que ele se internou \u201cpor decis\u00e3o pr\u00f3pria e com o devido acompanhamento m\u00e9dico\u201d.<\/p>\n\n\n\n<p>Al\u00e9m disso, a empresa disse que \u201csempre preocupado com seus f\u00e3s e p\u00fablico, Whindersson tomou essa decis\u00e3o visando o\u00a0<a href=\"https:\/\/entretenimento.r7.com\/vivaavida\/bem-estar\/mundo-boa-forma\/whindersson-nunes-revela-como-enfrenta-a-ansiedade-19092024\/\"><strong>cuidado integral de sua sa\u00fade<\/strong><\/a>\u201d.<\/p>\n\n\n\n<p>\u201cEle est\u00e1 muito bem, feliz com a sua evolu\u00e7\u00e3o e, em breve, estar\u00e1 de volta aos palcos fazendo o que mais ama\u201d, completou o escrit\u00f3rio.<\/p>\n\n\n\n<p>Por fim, a assessoria agradeceu a compreens\u00e3o de todos e ressaltou que \u201ca privacidade e o respeito s\u00e3o fundamentais neste momento\u201d.<\/p>\n\n\n\n<p>A data e o local exato em que o Whindersson Nunes foi admitido n\u00e3o foram divulgados.<\/p>\n\n\n\n<p><strong>Veja a nota da Non Stop Produ\u00e7\u00f5es Art\u00edsticas na \u00edntegra:<\/strong><\/p>\n\n\n\n<figure class=\"wp-block-image\"><img decoding=\"async\" src=\"https:\/\/newr7-r7-prod.web.arc-cdn.net\/resizer\/v2\/CBML2HOOCJG33FNHM6GFDYKTO4.jpg?auth=d6e02892829fb199b8f1778e97c5b8a4d65802fbd88be93df5510bd396d4a44b&amp;width=480&amp;height=504\" alt=\"\"\/><figcaption class=\"wp-element-caption\">Reprodu\u00e7\u00e3o\/Instagram\/@nonstopproducoes<\/figcaption><\/figure>\n\n\n\n<p>Fonte R7<\/p>\n","protected":false},"excerpt":{"rendered":"<p>Decis\u00e3o foi tomada por conta pr\u00f3pria e confirmada em nota publicada por empresa que gerencia a carreira do comediante O humorista&nbsp;Whindersson Nunes&nbsp;se internou, na \u00faltima semana, em uma cl\u00ednica psiqui\u00e1trica no interior de S\u00e3o Paulo. O motivo foi cuidar de sua&nbsp;sa\u00fade e bem-estar. A informa\u00e7\u00e3o foi comunicada pela Non Stop Produ\u00e7\u00f5es Art\u00edsticas, escrit\u00f3rio respons\u00e1vel pelo [&hellip;]<\/p>\n","protected":false},"author":8,"featured_media":25823,"comment_status":"closed","ping_status":"open","sticky":false,"template":"","format":"standard","meta":{"rop_custom_images_group":[],"rop_custom_messages_group":[],"rop_publish_now":"initial","rop_publish_now_accounts":[],"rop_publish_now_history":[],"rop_publish_now_status":"pending","footnotes":""},"categories":[16],"tags":[],"class_list":["post-25822","post","type-post","status-publish","format-standard","has-post-thumbnail","hentry","category-entertainment"],"amp_enabled":true,"_links":{"self":[{"href":"https:\/\/imais.online\/portal\/wp-json\/wp\/v2\/posts\/25822","targetHints":{"allow":["GET"]}}],"collection":[{"href":"https:\/\/imais.online\/portal\/wp-json\/wp\/v2\/posts"}],"about":[{"href":"https:\/\/imais.online\/portal\/wp-json\/wp\/v2\/types\/post"}],"author":[{"embeddable":true,"href":"https:\/\/imais.online\/portal\/wp-json\/wp\/v2\/users\/8"}],"replies":[{"embeddable":true,"href":"https:\/\/imais.online\/portal\/wp-json\/wp\/v2\/comments?post=25822"}],"version-history":[{"count":1,"href":"https:\/\/imais.online\/portal\/wp-json\/wp\/v2\/posts\/25822\/revisions"}],"predecessor-version":[{"id":25824,"href":"https:\/\/imais.online\/portal\/wp-json\/wp\/v2\/posts\/25822\/revisions\/25824"}],"wp:featuredmedia":[{"embeddable":true,"href":"https:\/\/imais.online\/portal\/wp-json\/wp\/v2\/media\/25823"}],"wp:attachment":[{"href":"https:\/\/imais.online\/portal\/wp-json\/wp\/v2\/media?parent=25822"}],"wp:term":[{"taxonomy":"category","embeddable":true,"href":"https:\/\/imais.online\/portal\/wp-json\/wp\/v2\/categories?post=25822"},{"taxonomy":"post_tag","embeddable":true,"href":"https:\/\/imais.online\/portal\/wp-json\/wp\/v2\/tags?post=25822"}],"curies":[{"name":"wp","href":"https:\/\/api.w.org\/{rel}","templated":true}]}}