{"id":25828,"date":"2025-02-21T10:35:52","date_gmt":"2025-02-21T13:35:52","guid":{"rendered":"https:\/\/imais.online\/portal\/?p=25828"},"modified":"2025-02-21T10:35:53","modified_gmt":"2025-02-21T13:35:53","slug":"fiec-recebe-recertificacao-do-selo-de-qualidade-para-o-curso-tecnico-de-quimica-com-nota-maxima","status":"publish","type":"post","link":"https:\/\/imais.online\/portal\/fiec-recebe-recertificacao-do-selo-de-qualidade-para-o-curso-tecnico-de-quimica-com-nota-maxima\/","title":{"rendered":"FIEC recebe recertifica\u00e7\u00e3o do Selo de Qualidade para o Curso T\u00e9cnico de Qu\u00edmica com nota m\u00e1xima"},"content":{"rendered":"<div class=\"imais-before-content-placement\" id=\"imais-2105841430\"><script async src=\"\/\/pagead2.googlesyndication.com\/pagead\/js\/adsbygoogle.js?client=ca-pub-8787528412751566\" crossorigin=\"anonymous\"><\/script><ins class=\"adsbygoogle\" style=\"display:block;\" data-ad-client=\"ca-pub-8787528412751566\" \ndata-ad-slot=\"\" \ndata-ad-format=\"auto\"><\/ins>\n<script> \n(adsbygoogle = window.adsbygoogle || []).push({}); \n<\/script>\n<\/div>\n<p><em><small>Curso t\u00e9cnico de qu\u00edmica da Fiec conquista recertifica\u00e7\u00e3o do selo de qualidade CRQ IV-REGI\u00c3O com nota m\u00e1xima pela segunda vez consecuti<\/small><\/em><\/p>\n\n\n\n<p>A Prefeitura de Indaiatuba, em parceria com a Funda\u00e7\u00e3o Indaiatubana de Educa\u00e7\u00e3o e Cultura (FIEC), celebrou na noite desta segunda-feira (10), a recertifica\u00e7\u00e3o do Selo de Qualidade concedido pelo Conselho Regional de Qu\u00edmica da IV Regi\u00e3o (CRQ-IV) ao curso t\u00e9cnico de Qu\u00edmica. O evento aconteceu \u00e0 noite e reuniu diversas autoridades e representantes do setor educacional e industrial.<\/p>\n\n\n\n<p>Estiveram presentes na solenidade o Prefeito Dr. Cust\u00f3dio Tavares Dias Neto, a Superintendente da FIEC, Rita de C\u00e1ssia Trasferetti, o Vice-Presidente do Conselho dos T\u00e9cnicos Industri\u00e1rios de S\u00e3o Paulo, Jos\u00e9 Avelino Rosa, o Superintendente do CRQ-IV\/SP e Conselheiro Federal, Wagner Aparecido Contrera Lopes, e o Coordenador de Qu\u00edmica, Farm\u00e1cia, Meio Ambiente, An\u00e1lises Cl\u00ednicas e do Tecn\u00f3logo, Claudemir Adriano Borgo e a vereadora da C\u00e2mara de Indaiatuba, Cl\u00e9lia dos Santos de Carvalho.<\/p>\n\n\n\n<p>A FIEC alcan\u00e7ou pela 2\u00ba vez consecutiva a nota m\u00e1xima na avalia\u00e7\u00e3o do selo, destacando-se entre as apenas oito institui\u00e7\u00f5es do Estado de S\u00e3o Paulo que possuem essa certifica\u00e7\u00e3o vigente. A certifica\u00e7\u00e3o, que tem validade de tr\u00eas anos, reconhece e atesta a qualidade do ensino oferecido pela institui\u00e7\u00e3o, garantindo que o curso est\u00e1 alinhado \u00e0s exig\u00eancias do mercado de trabalho e da ind\u00fastria qu\u00edmica.<\/p>\n\n\n\n<p>Criado em 2007, o Selo de Qualidade do CRQ-IV tem como objetivo identificar e certificar escolas comprometidas com a excel\u00eancia no ensino. O programa estabelece par\u00e2metros para que as institui\u00e7\u00f5es possam se autoavaliar, promover melhorias e oferecer forma\u00e7\u00e3o de alto padr\u00e3o. Al\u00e9m disso, a certifica\u00e7\u00e3o \u00e9 um diferencial para os estudantes, auxiliando na escolha dos melhores cursos e facilitando a inser\u00e7\u00e3o no mercado de trabalho.<\/p>\n\n\n\n<p>Durante a cerim\u00f4nia, a placa simb\u00f3lica do Selo de Certifica\u00e7\u00e3o foi entregue pelo Superintendente do CRQ-IV\/SP, Wagner Aparecido Contrera Lopes, marcando mais um cap\u00edtulo de reconhecimento do curso t\u00e9cnico de Qu\u00edmica. A conquista refor\u00e7a o compromisso da institui\u00e7\u00e3o com a qualidade de ensino e a forma\u00e7\u00e3o de profissionais qualificados para o setor industrial.<\/p>\n\n\n\n<p>O Coordenador de Qu\u00edmica, Claudemir, destacou a import\u00e2ncia da certifica\u00e7\u00e3o ao afirmar: &#8220;Voc\u00eas est\u00e3o recebendo o quarto selo, estamos h\u00e1 praticamente 12 anos com esse selo de qualidade de qu\u00edmica. \u00c9 uma honra grande, que n\u00e3o come\u00e7ou ontem, voc\u00eas conquistaram esse selo. E \u00e9 a segunda vez consecutiva que atingimos a nota m\u00e1xima.&#8221;<\/p>\n\n\n\n<p>O Prefeito, Dr. Cust\u00f3dio Tavares Dias Neto, ressaltou o papel da administra\u00e7\u00e3o no suporte ao curso, afirmando que &#8220;A boa administra\u00e7\u00e3o para investimento no curso de qu\u00edmica e a FIEC como um todo, \u00e9 a obriga\u00e7\u00e3o dos gestores&#8221;.<\/p>\n\n\n\n<p>A Superintendente da FIEC, Rita de C\u00e1ssia Trasferetti, complementou a fala do prefeito ao enfatizar que &#8220;Para al\u00e9m da import\u00e2ncia do investimento, o que faz a diferen\u00e7a \u00e9 a dedica\u00e7\u00e3o dos alunos para o crescimento pr\u00f3prio e para o curso&#8221;.<\/p>\n\n\n\n<p><\/p>\n","protected":false},"excerpt":{"rendered":"<p>Curso t\u00e9cnico de qu\u00edmica da Fiec conquista recertifica\u00e7\u00e3o do selo de qualidade CRQ IV-REGI\u00c3O com nota m\u00e1xima pela segunda vez consecuti A Prefeitura de Indaiatuba, em parceria com a Funda\u00e7\u00e3o Indaiatubana de Educa\u00e7\u00e3o e Cultura (FIEC), celebrou na noite desta segunda-feira (10), a recertifica\u00e7\u00e3o do Selo de Qualidade concedido pelo Conselho Regional de Qu\u00edmica da [&hellip;]<\/p>\n","protected":false},"author":8,"featured_media":25829,"comment_status":"closed","ping_status":"open","sticky":false,"template":"","format":"standard","meta":{"rop_custom_images_group":[],"rop_custom_messages_group":[],"rop_publish_now":"initial","rop_publish_now_accounts":[],"rop_publish_now_history":[],"rop_publish_now_status":"pending","footnotes":""},"categories":[188],"tags":[],"class_list":["post-25828","post","type-post","status-publish","format-standard","has-post-thumbnail","hentry","category-indaiatuba"],"amp_enabled":true,"_links":{"self":[{"href":"https:\/\/imais.online\/portal\/wp-json\/wp\/v2\/posts\/25828","targetHints":{"allow":["GET"]}}],"collection":[{"href":"https:\/\/imais.online\/portal\/wp-json\/wp\/v2\/posts"}],"about":[{"href":"https:\/\/imais.online\/portal\/wp-json\/wp\/v2\/types\/post"}],"author":[{"embeddable":true,"href":"https:\/\/imais.online\/portal\/wp-json\/wp\/v2\/users\/8"}],"replies":[{"embeddable":true,"href":"https:\/\/imais.online\/portal\/wp-json\/wp\/v2\/comments?post=25828"}],"version-history":[{"count":1,"href":"https:\/\/imais.online\/portal\/wp-json\/wp\/v2\/posts\/25828\/revisions"}],"predecessor-version":[{"id":25830,"href":"https:\/\/imais.online\/portal\/wp-json\/wp\/v2\/posts\/25828\/revisions\/25830"}],"wp:featuredmedia":[{"embeddable":true,"href":"https:\/\/imais.online\/portal\/wp-json\/wp\/v2\/media\/25829"}],"wp:attachment":[{"href":"https:\/\/imais.online\/portal\/wp-json\/wp\/v2\/media?parent=25828"}],"wp:term":[{"taxonomy":"category","embeddable":true,"href":"https:\/\/imais.online\/portal\/wp-json\/wp\/v2\/categories?post=25828"},{"taxonomy":"post_tag","embeddable":true,"href":"https:\/\/imais.online\/portal\/wp-json\/wp\/v2\/tags?post=25828"}],"curies":[{"name":"wp","href":"https:\/\/api.w.org\/{rel}","templated":true}]}}