{"id":25831,"date":"2025-02-21T10:37:07","date_gmt":"2025-02-21T13:37:07","guid":{"rendered":"https:\/\/imais.online\/portal\/?p=25831"},"modified":"2025-02-21T10:37:08","modified_gmt":"2025-02-21T13:37:08","slug":"secretaria-de-cultura-divulga-atracoes-que-se-apresentarao-no-carnaval-de-2025","status":"publish","type":"post","link":"https:\/\/imais.online\/portal\/secretaria-de-cultura-divulga-atracoes-que-se-apresentarao-no-carnaval-de-2025\/","title":{"rendered":"Secretaria de Cultura divulga atra\u00e7\u00f5es que se apresentar\u00e3o no Carnaval de 2025"},"content":{"rendered":"<div class=\"imais-before-content-placement\" id=\"imais-3501686310\"><script async src=\"\/\/pagead2.googlesyndication.com\/pagead\/js\/adsbygoogle.js?client=ca-pub-8787528412751566\" crossorigin=\"anonymous\"><\/script><ins class=\"adsbygoogle\" style=\"display:block;\" data-ad-client=\"ca-pub-8787528412751566\" \ndata-ad-slot=\"\" \ndata-ad-format=\"auto\"><\/ins>\n<script> \n(adsbygoogle = window.adsbygoogle || []).push({}); \n<\/script>\n<\/div>\n<p><em><small>S\u00e3o quatro dias de folia com apresenta\u00e7\u00f5es em v\u00e1rios pontos da cidade<\/small><\/em><\/p>\n\n\n\n<p>A Secretaria de Cultura divulga as atra\u00e7\u00f5es que integram a programa\u00e7\u00e3o do Carnaval 2025. O evento acontece nos dias 28 de fevereiro, 1\u00ba, 2 e 3 de mar\u00e7o com 15 apresenta\u00e7\u00f5es gratuitas, divididas entre o Espa\u00e7o Bem Viver, Al\u00e7a Nilson Cardoso (em frente ao Pa\u00e7o Municipal), Rua XV de Novembro, Pra\u00e7a Prudente de Morais, Jardim Paulista, Parque da Crian\u00e7a e&nbsp; Espa\u00e7o PET. &nbsp;<\/p>\n\n\n\n<p>As bandas e artistas locais confirmados s\u00e3o: Serj\u00e3o e Banda N\u00f3 na Madeira, Banda Patota do Kenny, Carlos Kbelo e Banda; Detona Mulekera; Pagode do Lukinha; Cesinha; Grupo Folia; Bateria Classe A; Bateria Festshow; Grupo Four Samba; Iron Dance (Neg\u00e3o do Ax\u00e9); Kek\u00e9 Oliveira; Koringa Bobo da Corte; Companhia Cintura de Mola e Lilian Ximenes.<\/p>\n\n\n\n<p><strong>Confira a programa\u00e7\u00e3o completa<\/strong><\/p>\n\n\n\n<p><strong><u>28\/02<\/u><\/strong><strong><\/strong><\/p>\n\n\n\n<p><strong>Serj\u00e3o e Banda N\u00f3 na Madeira<\/strong>&nbsp;(Espa\u00e7o Bem Viver) \u2013 13h \u00e0s 14h30.<\/p>\n\n\n\n<p><strong>Banda Patota do Kenny<\/strong>&nbsp;(Espa\u00e7o Bem Viver) \u2013 14h30 \u00e0s 17h.<\/p>\n\n\n\n<p><strong>Carlos Kbelo e Banda<\/strong>&nbsp;(Al\u00e7a da Prefeitura) \u2013 18h \u00e0s 19h30.<\/p>\n\n\n\n<p><strong>Detona Mulekera<\/strong>&nbsp;(Al\u00e7a da Prefeitura) \u2013 19h30 \u00e0s 20h30.<\/p>\n\n\n\n<p><strong>Pagode do Lukinha<\/strong>&nbsp;(Al\u00e7a da Prefeitura) \u2013 20h30 \u00e0s 22h.<\/p>\n\n\n\n<p><strong><u>1\u00ba de mar\u00e7o<\/u><\/strong><strong><\/strong><\/p>\n\n\n\n<p><strong>Koringa Bobo da Corte<\/strong><strong>&nbsp;<\/strong>(Parque da Crian\u00e7a) \u2013 15h \u00e0s 16h30.<\/p>\n\n\n\n<p><strong>Banda Patota do Kenny<\/strong>&nbsp;&nbsp;(Parque da Crian\u00e7a) \u201316h30 \u00e0s 18h30.<\/p>\n\n\n\n<p><strong>Grupo Folia<\/strong>&nbsp;&nbsp;(Espa\u00e7o PET) \u201317h \u00e0s 19h.<\/p>\n\n\n\n<p><strong>Serj\u00e3o e Banda N\u00f3 na Madeira<\/strong>&nbsp;(Jardim Paulista) \u2013 18h \u00e0s 19h30.<\/p>\n\n\n\n<p><strong>Companhia Cintura de Mola<\/strong>&nbsp;(Jardim Paulista) \u201319h30 \u00e0s 20h30.<\/p>\n\n\n\n<p><strong>Lilian Ximenes<\/strong>&nbsp; (Jardim Paulista) \u201320h30 \u00e0s 22h.<\/p>\n\n\n\n<p>2 de mar\u00e7o<\/p>\n\n\n\n<p><strong>Cesinha<\/strong>&nbsp;no CarnaRUA #ToAqui &nbsp;(XV de Novembro- Cemit\u00e9rio) \u2013 14h \u00e0s 15h30.<\/p>\n\n\n\n<p><strong>Grupo Folia<\/strong>&nbsp;no CarnaRUA #ToAqui &nbsp;(XV de Novembro- Cemit\u00e9rio) \u2013 15h30 \u00e0s 17h.<\/p>\n\n\n\n<p><strong>Bateria Classe A<\/strong>&nbsp;no CarnaRUA #ToAqui &nbsp;(XV de Novembro &#8211; Cemit\u00e9rio) \u2013 17h \u00e0s 18h.<\/p>\n\n\n\n<p><strong>Bateria Festshow<\/strong>&nbsp;CarnaRUA #ToAqui &nbsp;(Pra\u00e7a Prudente de Morais) \u2013 18h \u00e0s 19h.<\/p>\n\n\n\n<p><strong>Grupo Four Samba<\/strong>&nbsp;CarnaRUA #ToAqui &nbsp;(Pra\u00e7a Prudente de Morais) \u2013 19h \u00e0s 21h.<\/p>\n\n\n\n<p><strong>Iron Dance \u201cNeg\u00e3o do Ax\u00e9\u201d<\/strong>&nbsp;(Jardim Paulista) \u2013 18h \u00e0s 19h.<\/p>\n\n\n\n<p><strong>Kek\u00e9 Oliveira<\/strong>&nbsp;(Jardim Paulista) \u2013 19h \u00e0s 20h30.<\/p>\n\n\n\n<p><strong>Pagode do&nbsp; Lukinha<\/strong>&nbsp;(Jardim Paulista) &#8211; 20h30 \u00e0s 22h.<\/p>\n\n\n\n<p><strong><u>3 de mar\u00e7o<\/u><\/strong><strong><\/strong><\/p>\n\n\n\n<p><strong>Banda Patota do Kenny<\/strong>&nbsp;(Pra\u00e7a Prudente de Morais) &#8211;&nbsp; 17h \u00e0s 19h30.<\/p>\n\n\n\n<p><strong>Grupo Folia<\/strong>&nbsp;(Pra\u00e7a Prudente de Morais) &#8211;&nbsp; 19h30 \u00e0s 22h.<\/p>\n\n\n\n<p><strong>Lilian Ximenes&nbsp;<\/strong>(Al\u00e7a da Prefeitura) \u2013 17h \u00e0s 19h.<\/p>\n\n\n\n<p><strong>Iron Dance \u201cNeg\u00e3o do Ax\u00e9\u201d<\/strong>&nbsp;(Al\u00e7a da Prefeitura) \u2013 19h \u00e0s 20h.<\/p>\n\n\n\n<p><strong>Grupo Four Samba<\/strong>&nbsp;(Al\u00e7a da Prefeitura) \u2013 20h \u00e0s 22h.<\/p>\n\n\n\n<p><strong>#PraTodosVerem:&nbsp;<\/strong>Na arte com fundo amarelo est\u00e1 escrito com confete de papel coloridos \u201cCarnaval 2025\u201d e embaixo espalhados. Do lado direito mascaras de carnaval. Foto de arquivo. Fim da descri\u00e7\u00e3o.<\/p>\n","protected":false},"excerpt":{"rendered":"<p>S\u00e3o quatro dias de folia com apresenta\u00e7\u00f5es em v\u00e1rios pontos da cidade A Secretaria de Cultura divulga as atra\u00e7\u00f5es que integram a programa\u00e7\u00e3o do Carnaval 2025. O evento acontece nos dias 28 de fevereiro, 1\u00ba, 2 e 3 de mar\u00e7o com 15 apresenta\u00e7\u00f5es gratuitas, divididas entre o Espa\u00e7o Bem Viver, Al\u00e7a Nilson Cardoso (em frente [&hellip;]<\/p>\n","protected":false},"author":8,"featured_media":25832,"comment_status":"closed","ping_status":"open","sticky":false,"template":"","format":"standard","meta":{"rop_custom_images_group":[],"rop_custom_messages_group":[],"rop_publish_now":"initial","rop_publish_now_accounts":[],"rop_publish_now_history":[],"rop_publish_now_status":"pending","footnotes":""},"categories":[188],"tags":[],"class_list":["post-25831","post","type-post","status-publish","format-standard","has-post-thumbnail","hentry","category-indaiatuba"],"amp_enabled":true,"_links":{"self":[{"href":"https:\/\/imais.online\/portal\/wp-json\/wp\/v2\/posts\/25831","targetHints":{"allow":["GET"]}}],"collection":[{"href":"https:\/\/imais.online\/portal\/wp-json\/wp\/v2\/posts"}],"about":[{"href":"https:\/\/imais.online\/portal\/wp-json\/wp\/v2\/types\/post"}],"author":[{"embeddable":true,"href":"https:\/\/imais.online\/portal\/wp-json\/wp\/v2\/users\/8"}],"replies":[{"embeddable":true,"href":"https:\/\/imais.online\/portal\/wp-json\/wp\/v2\/comments?post=25831"}],"version-history":[{"count":1,"href":"https:\/\/imais.online\/portal\/wp-json\/wp\/v2\/posts\/25831\/revisions"}],"predecessor-version":[{"id":25833,"href":"https:\/\/imais.online\/portal\/wp-json\/wp\/v2\/posts\/25831\/revisions\/25833"}],"wp:featuredmedia":[{"embeddable":true,"href":"https:\/\/imais.online\/portal\/wp-json\/wp\/v2\/media\/25832"}],"wp:attachment":[{"href":"https:\/\/imais.online\/portal\/wp-json\/wp\/v2\/media?parent=25831"}],"wp:term":[{"taxonomy":"category","embeddable":true,"href":"https:\/\/imais.online\/portal\/wp-json\/wp\/v2\/categories?post=25831"},{"taxonomy":"post_tag","embeddable":true,"href":"https:\/\/imais.online\/portal\/wp-json\/wp\/v2\/tags?post=25831"}],"curies":[{"name":"wp","href":"https:\/\/api.w.org\/{rel}","templated":true}]}}