{"id":25845,"date":"2025-02-24T08:31:56","date_gmt":"2025-02-24T11:31:56","guid":{"rendered":"https:\/\/imais.online\/portal\/?p=25845"},"modified":"2025-02-24T08:31:57","modified_gmt":"2025-02-24T11:31:57","slug":"onda-de-calor-dispara-consumo-de-energia-veja-como-economizar","status":"publish","type":"post","link":"https:\/\/imais.online\/portal\/onda-de-calor-dispara-consumo-de-energia-veja-como-economizar\/","title":{"rendered":"Onda de calor dispara consumo de energia; veja como economizar"},"content":{"rendered":"<div class=\"imais-before-content-placement\" id=\"imais-4018282440\"><script async src=\"\/\/pagead2.googlesyndication.com\/pagead\/js\/adsbygoogle.js?client=ca-pub-8787528412751566\" crossorigin=\"anonymous\"><\/script><ins class=\"adsbygoogle\" style=\"display:block;\" data-ad-client=\"ca-pub-8787528412751566\" \ndata-ad-slot=\"\" \ndata-ad-format=\"auto\"><\/ins>\n<script> \n(adsbygoogle = window.adsbygoogle || []).push({}); \n<\/script>\n<\/div>\n<p class=\"has-text-align-center\">A CPFL orienta seus consumidores sobre pr\u00e1ticas para reduzir o impacto na conta durante per\u00edodo de altas temperaturas<\/p>\n\n\n\n<p>Com a onda de calor intensa que atinge grande parte do pa\u00eds, o consumo de energia el\u00e9trica bateu recordes consecutivos na \u00faltima semana, segundo o Operador Nacional do Sistema El\u00e9trico (ONS). As altas temperaturas t\u00eam levado ao uso intensificado de equipamentos como ar-condicionado, ventiladores e geladeiras, impactando diretamente as contas de luz.<\/p>\n\n\n\n<p>No interior de S\u00e3o Paulo, onde atuam as distribuidoras CPFL Paulista, CPFL Piratininga e CPFL Santa Cruz, a Defesa Civil emitiu alertas para temperaturas extremas, com sensa\u00e7\u00e3o t\u00e9rmica acima dos 40\u00b0C. Esse cen\u00e1rio exige aten\u00e7\u00e3o dos consumidores para evitar desperd\u00edcios e equilibrar o conforto com o consumo consciente.<\/p>\n\n\n\n<p>Pensando nisso, a CPFL reuniu algumas dicas pr\u00e1ticas para ajudar a reduzir o impacto da onda de calor na conta de luz sem abrir m\u00e3o do bem-estar:<\/p>\n\n\n\n<p><strong>Chuveiro el\u00e9trico:&nbsp;<\/strong>O chuveiro pode representar at\u00e9 35% do consumo de energia em uma resid\u00eancia. No calor, use a posi\u00e7\u00e3o \u201cver\u00e3o\u201d, que reduz significativamente o gasto, e procure diminuir o tempo de banho.<\/p>\n\n\n\n<p><strong>Ar-condicionado:<\/strong>&nbsp;Para equilibrar conforto e economia, ajuste a temperatura para 23\u00b0C ou 24\u00b0C, em vez de 18\u00b0C. Outra estrat\u00e9gia eficiente \u00e9 utilizar o ar-condicionado junto com um ventilador, que ajuda a distribuir melhor o ar frio pelo ambiente.<\/p>\n\n\n\n<p><strong>Geladeiras:<\/strong>&nbsp;Aparelhos de refrigera\u00e7\u00e3o trabalham mais para manter a temperatura programada em dias quentes, aumentando o consumo. Para otimizar o uso, abra a geladeira apenas quando necess\u00e1rio, evite deix\u00e1-la aberta por muito tempo e mantenha-a longe de fontes de calor. Al\u00e9m disso, nunca use a parte traseira para secar roupas ou t\u00eanis.<\/p>\n\n\n\n<p><strong>Ilumina\u00e7\u00e3o:\u00a0<\/strong>Aproveite ao m\u00e1ximo a luz natural e substitua l\u00e2mpadas fluorescentes ou incandescentes por modelos de LED, que consomem at\u00e9 80% menos energia e duram mais.<\/p>\n\n\n\n<p><\/p>\n\n\n\n<p>Via CPFL<\/p>\n","protected":false},"excerpt":{"rendered":"<p>A CPFL orienta seus consumidores sobre pr\u00e1ticas para reduzir o impacto na conta durante per\u00edodo de altas temperaturas Com a onda de calor intensa que atinge grande parte do pa\u00eds, o consumo de energia el\u00e9trica bateu recordes consecutivos na \u00faltima semana, segundo o Operador Nacional do Sistema El\u00e9trico (ONS). As altas temperaturas t\u00eam levado ao [&hellip;]<\/p>\n","protected":false},"author":7,"featured_media":25846,"comment_status":"closed","ping_status":"open","sticky":false,"template":"","format":"standard","meta":{"rop_custom_images_group":[],"rop_custom_messages_group":[],"rop_publish_now":"initial","rop_publish_now_accounts":[],"rop_publish_now_history":[],"rop_publish_now_status":"pending","footnotes":""},"categories":[230],"tags":[73],"class_list":["post-25845","post","type-post","status-publish","format-standard","has-post-thumbnail","hentry","category-interior","tag-featured"],"amp_enabled":true,"_links":{"self":[{"href":"https:\/\/imais.online\/portal\/wp-json\/wp\/v2\/posts\/25845","targetHints":{"allow":["GET"]}}],"collection":[{"href":"https:\/\/imais.online\/portal\/wp-json\/wp\/v2\/posts"}],"about":[{"href":"https:\/\/imais.online\/portal\/wp-json\/wp\/v2\/types\/post"}],"author":[{"embeddable":true,"href":"https:\/\/imais.online\/portal\/wp-json\/wp\/v2\/users\/7"}],"replies":[{"embeddable":true,"href":"https:\/\/imais.online\/portal\/wp-json\/wp\/v2\/comments?post=25845"}],"version-history":[{"count":1,"href":"https:\/\/imais.online\/portal\/wp-json\/wp\/v2\/posts\/25845\/revisions"}],"predecessor-version":[{"id":25847,"href":"https:\/\/imais.online\/portal\/wp-json\/wp\/v2\/posts\/25845\/revisions\/25847"}],"wp:featuredmedia":[{"embeddable":true,"href":"https:\/\/imais.online\/portal\/wp-json\/wp\/v2\/media\/25846"}],"wp:attachment":[{"href":"https:\/\/imais.online\/portal\/wp-json\/wp\/v2\/media?parent=25845"}],"wp:term":[{"taxonomy":"category","embeddable":true,"href":"https:\/\/imais.online\/portal\/wp-json\/wp\/v2\/categories?post=25845"},{"taxonomy":"post_tag","embeddable":true,"href":"https:\/\/imais.online\/portal\/wp-json\/wp\/v2\/tags?post=25845"}],"curies":[{"name":"wp","href":"https:\/\/api.w.org\/{rel}","templated":true}]}}