{"id":25851,"date":"2025-02-24T09:05:13","date_gmt":"2025-02-24T12:05:13","guid":{"rendered":"https:\/\/imais.online\/portal\/?p=25851"},"modified":"2025-02-24T09:05:44","modified_gmt":"2025-02-24T12:05:44","slug":"odara-lifestyle-inaugura-nova-unidade-em-indaiatuba","status":"publish","type":"post","link":"https:\/\/imais.online\/portal\/odara-lifestyle-inaugura-nova-unidade-em-indaiatuba\/","title":{"rendered":"Odara Lifestyle expande bem-estar integrativo para Indaiatuba com a primeira Sala Zen da rede"},"content":{"rendered":"<div class=\"imais-before-content-placement\" id=\"imais-2456232682\"><script async src=\"\/\/pagead2.googlesyndication.com\/pagead\/js\/adsbygoogle.js?client=ca-pub-8787528412751566\" crossorigin=\"anonymous\"><\/script><ins class=\"adsbygoogle\" style=\"display:block;\" data-ad-client=\"ca-pub-8787528412751566\" \ndata-ad-slot=\"\" \ndata-ad-format=\"auto\"><\/ins>\n<script> \n(adsbygoogle = window.adsbygoogle || []).push({}); \n<\/script>\n<\/div>\n<p>A Odara Lifestyle segue ampliando sua presen\u00e7a no mercado de <em>wellness<\/em> e agora oferece seus servi\u00e7os inovadores tamb\u00e9m em Indaiatuba. Com um conceito integrativo que une sa\u00fade, est\u00e9tica e bem-estar, a unidade refor\u00e7a o compromisso da marca em proporcionar um ambiente 360\u00ba para cuidar do corpo, mente e alma.<\/p>\n\n\n\n<p>A unidade de Indaiatuba conta com a primeira Sala Zen da rede, um espa\u00e7o totalmente voltado para terapias hol\u00edsticas e medicina integrativa. A novidade reflete a evolu\u00e7\u00e3o do conceito da Odara Lifestyle, que busca sempre inovar na oferta de tratamentos que aliam tecnologia de ponta a protocolos manuais exclusivos, desenvolvidos pelas fundadoras Isabella Barros e Caroline Morais.<\/p>\n\n\n\n<p>Os respons\u00e1veis pela unidade, Talissa Martins e Ayrton Rodrigo Hilgert, decidiram empreender no setor de bem-estar ap\u00f3s uma experi\u00eancia transformadora. Ayrton enfrentou um evento traum\u00e1tico que o levou a uma mudan\u00e7a profunda de perspectiva sobre a vida, despertando para a import\u00e2ncia do cuidado integral com corpo, mente e esp\u00edrito. \u201cA Odara ressoou profundamente com a nossa trajet\u00f3ria, e acreditamos que essa experi\u00eancia tamb\u00e9m far\u00e1 diferen\u00e7a na vida dos moradores de Indaiatuba\u201d, afirma Ayrton.<\/p>\n\n\n\n<p>A unidade oferece um portf\u00f3lio completo de servi\u00e7os, incluindo SPA, Est\u00e9tica Avan\u00e7ada, Medicina Integrativa e Terapias Hol\u00edsticas. Entre os destaques est\u00e3o os protocolos exclusivos de massagens, como Odara Touch, Odara Relax, Odara Therapy, Odara Detox, Odara Redux, Drenagem Linf\u00e1tica, Massagem com Pedras Quentes e Reflexologia.<\/p>\n\n\n\n<p><strong>Expans\u00e3o da Odara Lifestyle<\/strong><\/p>\n\n\n\n<p>Com um crescimento expressivo nos \u00faltimos anos, a Odara Lifestyle tem planos ambiciosos de expans\u00e3o, com a meta de atingir 300 unidades nos pr\u00f3ximos cinco anos. Atualmente, a marca est\u00e1 presente em locais estrat\u00e9gicos como Pinheiros, Campinas, Moema, Itaim, Morumbi e Belo Horizonte. A chegada a Indaiatuba representa um passo importante na regionaliza\u00e7\u00e3o da rede, levando sua proposta inovadora de bem-estar para mais cidades do Brasil.<\/p>\n\n\n\n<p>\u201cEstamos orgulhosas de expandir nossa filosofia, que une sa\u00fade, beleza e estilo de vida, para um p\u00fablico cada vez maior. Indaiatuba representa mais um marco nessa trajet\u00f3ria de crescimento\u201d, destaca Isabella Barros.<\/p>\n\n\n\n<p>Para atender o p\u00fablico da regi\u00e3o, a unidade de Indaiatuba funciona de segunda a sexta, das 08h \u00e0s 19h, e aos s\u00e1bados, das 09h \u00e0s 13h.<\/p>\n","protected":false},"excerpt":{"rendered":"<p>A Odara Lifestyle segue ampliando sua presen\u00e7a no mercado de wellness e agora oferece seus servi\u00e7os inovadores tamb\u00e9m em Indaiatuba. Com um conceito integrativo que une sa\u00fade, est\u00e9tica e bem-estar, a unidade refor\u00e7a o compromisso da marca em proporcionar um ambiente 360\u00ba para cuidar do corpo, mente e alma. A unidade de Indaiatuba conta com [&hellip;]<\/p>\n","protected":false},"author":7,"featured_media":25852,"comment_status":"closed","ping_status":"open","sticky":false,"template":"","format":"standard","meta":{"rop_custom_images_group":[],"rop_custom_messages_group":[],"rop_publish_now":"initial","rop_publish_now_accounts":[],"rop_publish_now_history":[],"rop_publish_now_status":"pending","footnotes":""},"categories":[188],"tags":[],"class_list":["post-25851","post","type-post","status-publish","format-standard","has-post-thumbnail","hentry","category-indaiatuba"],"amp_enabled":true,"_links":{"self":[{"href":"https:\/\/imais.online\/portal\/wp-json\/wp\/v2\/posts\/25851","targetHints":{"allow":["GET"]}}],"collection":[{"href":"https:\/\/imais.online\/portal\/wp-json\/wp\/v2\/posts"}],"about":[{"href":"https:\/\/imais.online\/portal\/wp-json\/wp\/v2\/types\/post"}],"author":[{"embeddable":true,"href":"https:\/\/imais.online\/portal\/wp-json\/wp\/v2\/users\/7"}],"replies":[{"embeddable":true,"href":"https:\/\/imais.online\/portal\/wp-json\/wp\/v2\/comments?post=25851"}],"version-history":[{"count":2,"href":"https:\/\/imais.online\/portal\/wp-json\/wp\/v2\/posts\/25851\/revisions"}],"predecessor-version":[{"id":25854,"href":"https:\/\/imais.online\/portal\/wp-json\/wp\/v2\/posts\/25851\/revisions\/25854"}],"wp:featuredmedia":[{"embeddable":true,"href":"https:\/\/imais.online\/portal\/wp-json\/wp\/v2\/media\/25852"}],"wp:attachment":[{"href":"https:\/\/imais.online\/portal\/wp-json\/wp\/v2\/media?parent=25851"}],"wp:term":[{"taxonomy":"category","embeddable":true,"href":"https:\/\/imais.online\/portal\/wp-json\/wp\/v2\/categories?post=25851"},{"taxonomy":"post_tag","embeddable":true,"href":"https:\/\/imais.online\/portal\/wp-json\/wp\/v2\/tags?post=25851"}],"curies":[{"name":"wp","href":"https:\/\/api.w.org\/{rel}","templated":true}]}}