{"id":25858,"date":"2025-02-24T11:05:48","date_gmt":"2025-02-24T14:05:48","guid":{"rendered":"https:\/\/imais.online\/portal\/?p=25858"},"modified":"2025-02-24T11:06:17","modified_gmt":"2025-02-24T14:06:17","slug":"merz-enfrenta-caminho-dificil-para-governar-apos-vitoria-na-eleicao-alema","status":"publish","type":"post","link":"https:\/\/imais.online\/portal\/merz-enfrenta-caminho-dificil-para-governar-apos-vitoria-na-eleicao-alema\/","title":{"rendered":"Merz enfrenta caminho dif\u00edcil para governar ap\u00f3s vit\u00f3ria na elei\u00e7\u00e3o alem\u00e3"},"content":{"rendered":"<div class=\"imais-before-content-placement\" id=\"imais-3516860759\"><script async src=\"\/\/pagead2.googlesyndication.com\/pagead\/js\/adsbygoogle.js?client=ca-pub-8787528412751566\" crossorigin=\"anonymous\"><\/script><ins class=\"adsbygoogle\" style=\"display:block;\" data-ad-client=\"ca-pub-8787528412751566\" \ndata-ad-slot=\"\" \ndata-ad-format=\"auto\"><\/ins>\n<script> \n(adsbygoogle = window.adsbygoogle || []).push({}); \n<\/script>\n<\/div>\n<p>Conservador, que deve ser o pr\u00f3ximo chanceler, precisa formar coaliz\u00e3o para assumir cargo<\/p>\n\n\n\n<p>Os conservadores alem\u00e3es, sob o comando de Friedrich Merz, prometeram na segunda-feira (24) formar rapidamente um governo ap\u00f3s vencerem as elei\u00e7\u00f5es nacionais, mas enfrentam negocia\u00e7\u00f5es de coaliz\u00e3o complicadas e a perspectiva de um Parlamento obstrutivo depois de bons desempenhos de partidos de ultradireita e de ultraesquerda.<\/p>\n\n\n\n<p>O tempo est\u00e1 acabando para a maior economia da Europa, que est\u00e1 em dificuldades, com os alem\u00e3es divididos em rela\u00e7\u00e3o \u00e0 imigra\u00e7\u00e3o, sua seguran\u00e7a presa entre Estados Unidos em uma fase de confronto e R\u00fassia e China assertivas, e as empresas exigindo ajuda para permanecerem competitivas globalmente.<\/p>\n\n\n\n<p>O resultado mais prov\u00e1vel da elei\u00e7\u00e3o \u00e9 uma coaliz\u00e3o entre o\u00a0bloco conservador de Merz\u00a0e os social-democratas (SPD)\u00a0de Olaf Scholz, que ficaram em terceiro lugar, depois que a Alternativa para a Alemanha (AfD), de ultradireita, alcan\u00e7ou um segundo lugar hist\u00f3rico.<\/p>\n\n\n\n<p>O AfD e o partido de ultraesquerda, Die Linke (A Esquerda, em portugu\u00eas) garantiram, juntos, um ter\u00e7o dos assentos no novo Parlamento, o suficiente para bloquear as mudan\u00e7as constitucionais necess\u00e1rias para afrouxar os limites de empr\u00e9stimos estatais, mudan\u00e7as que, segundo alguns economistas, s\u00e3o essenciais para retomar o crescimento econ\u00f4mico.<\/p>\n\n\n\n<p>Espera-se que o prov\u00e1vel\u00a0<a href=\"https:\/\/www.cnnbrasil.com.br\/internacional\/merz-tentara-fortalecer-lacos-entre-alemanha-e-ue-diz-professor-a-cnn\/\">chanceler Merz<\/a>\u00a0busque uma alian\u00e7a com o SPD ap\u00f3s uma campanha contundente que evidenciou profundas divis\u00f5es pol\u00edticas, principalmente em rela\u00e7\u00e3o \u00e0 imigra\u00e7\u00e3o. O SPD, que se ressente de seu pior resultado no p\u00f3s-guerra, pode estabelecer um pre\u00e7o alto para qualquer acordo.<\/p>\n\n\n\n<p>Merz demonstrou alguma disposi\u00e7\u00e3o para reformar o freio da d\u00edvida, um limite constitucionalmente consagrado para empr\u00e9stimos estatais.<\/p>\n\n\n\n<p>\u201cDo nosso ponto de vista, (as conversa\u00e7\u00f5es) podem come\u00e7ar muito, muito rapidamente\u201d, disse Jens Spahn, membro s\u00eanior da Uni\u00e3o Democrata Crist\u00e3 (CDU), de Merz, de centro-direita.<\/p>\n\n\n\n<p>\u201cAs primeiras conversas certamente devem ser realizadas nesta semana, nos pr\u00f3ximos dias. Estamos vendo a situa\u00e7\u00e3o no mundo, na Ucr\u00e2nia, na R\u00fassia, nos Estados Unidos\u201d, afirmou ele. \u201cA lideran\u00e7a alem\u00e3 \u00e9 necess\u00e1ria.\u201d<\/p>\n\n\n\n<p>Merz, que n\u00e3o tem experi\u00eancia anterior no cargo, disse que pretende ter um governo em vigor at\u00e9 a P\u00e1scoa.<\/p>\n\n\n\n<p>A elei\u00e7\u00e3o antecipada de domingo (23) ocorreu ap\u00f3s o\u00a0colapso da alian\u00e7a tripartite de Scholz com os Verdes e os Democratas Livres (FDP), pr\u00f3-empresariais.<\/p>\n\n\n\n<p>Em uma indica\u00e7\u00e3o inicial de suas inten\u00e7\u00f5es pol\u00edticas, Merz mirou nos\u00a0EUA ap\u00f3s sua vit\u00f3ria,\u00a0criticando no domingo (23) o que ele chamou de coment\u00e1rios \u201cultrajantes\u201d de Washington durante a campanha, comparando-os a interven\u00e7\u00f5es hostis da R\u00fassia.<\/p>\n\n\n\n<p>\u201cPara mim, a prioridade absoluta ser\u00e1 fortalecer a Europa o mais r\u00e1pido poss\u00edvel para que possamos alcan\u00e7ar a independ\u00eancia real dos EUA, passo a passo\u201d, disse Merz no domingo.<\/p>\n\n\n\n<p>Seu bloco conservador CDU\/CSU ficou em primeiro lugar, com 28,6%, enquanto o AfD obteve 20,8%, seu melhor resultado hist\u00f3rico, de acordo com os resultados provis\u00f3rios.<\/p>\n\n\n\n<p>Os partidos tradicionais, no entanto, descartam a possibilidade de trabalhar com o AfD, um partido que \u00e9 monitorado pelos servi\u00e7os de seguran\u00e7a alem\u00e3es por suspeita de extremismo, mas que foi apoiado por personalidades norte-americanas,\u00a0incluindo o bilion\u00e1rio Elon Musk.<\/p>\n\n\n\n<p>Um partido de esquerda ressurgente e o AfD podem exercer uma minoria de bloqueio no Parlamento que poderia impedir qualquer aumento nos gastos com defesa necess\u00e1rios para refor\u00e7ar a seguran\u00e7a europeia. Tanto o AfD quanto a esquerda se op\u00f5em \u00e0\u00a0ajuda militar \u00e0 Ucr\u00e2nia.<\/p>\n\n\n\n<p>Fonte CNN Brasil <\/p>\n","protected":false},"excerpt":{"rendered":"<p>Conservador, que deve ser o pr\u00f3ximo chanceler, precisa formar coaliz\u00e3o para assumir cargo Os conservadores alem\u00e3es, sob o comando de Friedrich Merz, prometeram na segunda-feira (24) formar rapidamente um governo ap\u00f3s vencerem as elei\u00e7\u00f5es nacionais, mas enfrentam negocia\u00e7\u00f5es de coaliz\u00e3o complicadas e a perspectiva de um Parlamento obstrutivo depois de bons desempenhos de partidos de [&hellip;]<\/p>\n","protected":false},"author":8,"featured_media":25859,"comment_status":"closed","ping_status":"open","sticky":false,"template":"","format":"standard","meta":{"rop_custom_images_group":[],"rop_custom_messages_group":[],"rop_publish_now":"initial","rop_publish_now_accounts":[],"rop_publish_now_history":[],"rop_publish_now_status":"pending","footnotes":""},"categories":[212],"tags":[],"class_list":["post-25858","post","type-post","status-publish","format-standard","has-post-thumbnail","hentry","category-internacional"],"amp_enabled":true,"_links":{"self":[{"href":"https:\/\/imais.online\/portal\/wp-json\/wp\/v2\/posts\/25858","targetHints":{"allow":["GET"]}}],"collection":[{"href":"https:\/\/imais.online\/portal\/wp-json\/wp\/v2\/posts"}],"about":[{"href":"https:\/\/imais.online\/portal\/wp-json\/wp\/v2\/types\/post"}],"author":[{"embeddable":true,"href":"https:\/\/imais.online\/portal\/wp-json\/wp\/v2\/users\/8"}],"replies":[{"embeddable":true,"href":"https:\/\/imais.online\/portal\/wp-json\/wp\/v2\/comments?post=25858"}],"version-history":[{"count":2,"href":"https:\/\/imais.online\/portal\/wp-json\/wp\/v2\/posts\/25858\/revisions"}],"predecessor-version":[{"id":25861,"href":"https:\/\/imais.online\/portal\/wp-json\/wp\/v2\/posts\/25858\/revisions\/25861"}],"wp:featuredmedia":[{"embeddable":true,"href":"https:\/\/imais.online\/portal\/wp-json\/wp\/v2\/media\/25859"}],"wp:attachment":[{"href":"https:\/\/imais.online\/portal\/wp-json\/wp\/v2\/media?parent=25858"}],"wp:term":[{"taxonomy":"category","embeddable":true,"href":"https:\/\/imais.online\/portal\/wp-json\/wp\/v2\/categories?post=25858"},{"taxonomy":"post_tag","embeddable":true,"href":"https:\/\/imais.online\/portal\/wp-json\/wp\/v2\/tags?post=25858"}],"curies":[{"name":"wp","href":"https:\/\/api.w.org\/{rel}","templated":true}]}}