{"id":25868,"date":"2025-02-24T11:24:51","date_gmt":"2025-02-24T14:24:51","guid":{"rendered":"https:\/\/imais.online\/portal\/?p=25868"},"modified":"2025-02-24T11:24:52","modified_gmt":"2025-02-24T14:24:52","slug":"papa-teve-boa-noite-e-repousa-no-hospital-diz-vaticano","status":"publish","type":"post","link":"https:\/\/imais.online\/portal\/papa-teve-boa-noite-e-repousa-no-hospital-diz-vaticano\/","title":{"rendered":"Papa teve &#8216;boa&#8217; noite e repousa no hospital, diz Vaticano"},"content":{"rendered":"<div class=\"imais-before-content-placement\" id=\"imais-3599811354\"><script async src=\"\/\/pagead2.googlesyndication.com\/pagead\/js\/adsbygoogle.js?client=ca-pub-8787528412751566\" crossorigin=\"anonymous\"><\/script><ins class=\"adsbygoogle\" style=\"display:block;\" data-ad-client=\"ca-pub-8787528412751566\" \ndata-ad-slot=\"\" \ndata-ad-format=\"auto\"><\/ins>\n<script> \n(adsbygoogle = window.adsbygoogle || []).push({}); \n<\/script>\n<\/div>\n<h2 class=\"wp-block-heading\">Neste domingo, o pont\u00edfice agradeceu as ora\u00e7\u00f5es pela sa\u00fade e afirmou que segue em tratamento, enquanto o Vaticano monitora seu estado cl\u00ednico.<\/h2>\n\n\n\n<p>Na madrugada desta segunda-feira (24), o&nbsp;<a class=\"\" href=\"https:\/\/g1.globo.com\/tudo-sobre\/vaticano\/\">Vaticano<\/a>&nbsp;informou que o papa Francisco &#8220;passou bem a noite, dormiu e est\u00e1 descansando&#8221;. O pont\u00edfice continua lutando contra uma pneumonia dupla.<\/p>\n\n\n\n<p>No domingo (23), ainda em estado cr\u00edtico, o papa Francisco sofre de&nbsp;<strong>insufici\u00eancia renal leve<\/strong>, disse o Vaticano.<\/p>\n\n\n\n<p>Em boletim divulgado na tarde de ontem, m\u00e9dicos afirmaram que um novo exame apontou a insufici\u00eancia renal, que \u00e9 inicial e est\u00e1 atualmente controlada. O boletim afirma ainda que o pont\u00edfice<strong>&nbsp;n\u00e3o sofre mais de crise respirat\u00f3ria<\/strong>.<\/p>\n\n\n\n<p>O progn\u00f3stico completo de Francisco segue em sigilo por conta da complexidade do quadro, disse ainda o Vaticano, que afirma tamb\u00e9m que ele est\u00e1 &#8220;vigilante e bem orientado&#8221;.<\/p>\n\n\n\n<blockquote class=\"wp-block-quote is-layout-flow wp-block-quote-is-layout-flow\">\n<p>&#8220;O estado de sa\u00fade do Santo Padre continua cr\u00edtico. No entanto, desde ontem \u00e0 noite ele n\u00e3o apresentou mais crises respirat\u00f3rias&#8221;, disse o boletim. &#8220;No entanto, alguns exames de sangue mostram uma insufici\u00eancia renal inicial, leve, atualmente controlada. A complexidade do quadro cl\u00ednico e a espera necess\u00e1ria para que as terapias farmacol\u00f3gicas deem algum resultado exigem que o progn\u00f3stico permane\u00e7a reservado&#8221;.<\/p>\n<\/blockquote>\n\n\n\n<p>O boletim afirmou tamb\u00e9m que o&nbsp;<strong>pont\u00edfice segue fazendo uso de almofadas nasais para a aplica\u00e7\u00e3o de oxig\u00eanio&nbsp;<\/strong>em altos fluxos (oxigenoterapia). Mais cedo, o Vaticano j\u00e1 havia informado sobre esse procedimento.<\/p>\n\n\n\n<p>&#8220;O papa Francisco usou almofadas nasais esta manh\u00e3 para a aplica\u00e7\u00e3o de oxig\u00eanio em altos fluxos. Outros exames cl\u00ednicos est\u00e3o em andamento. Para saber os resultados, aguardamos o boletim desta noite&#8221;, disse o Vatican News.<\/p>\n\n\n\n<p>Tamb\u00e9m neste domingo (23), em ora\u00e7\u00e3o escrita pelo papa Francisco, o&nbsp;<a class=\"\" href=\"https:\/\/g1.globo.com\/mundo\/noticia\/2025\/02\/23\/realizando-os-tratamentos-necessarios-diz-papa-francisco-em-oracao-escrita.ghtml\">pont\u00edfice agradeceu \u00e0s ora\u00e7\u00f5es pela sua sa\u00fade e disse que continua &#8216;realizando os tratamentos necess\u00e1rios&#8217;<\/a>.<\/p>\n\n\n\n<blockquote class=\"wp-block-quote is-layout-flow wp-block-quote-is-layout-flow\">\n<p>&#8220;De minha parte, continuo confiante a interna\u00e7\u00e3o na Policl\u00ednica Gemelli, realizando os tratamentos necess\u00e1rios; e tamb\u00e9m o repouso faz parte da terapia! Agrade\u00e7o de cora\u00e7\u00e3o aos m\u00e9dicos e ao profissionais de sa\u00fade deste Hospital pela aten\u00e7\u00e3o que me dispensam e pela dedica\u00e7\u00e3o com que prestam seu servi\u00e7o aos doentes&#8221;.<\/p>\n<\/blockquote>\n\n\n\n<p>O pont\u00edfice tamb\u00e9m convidou os fi\u00e9is a rezarem pelos pa\u00edses onde h\u00e1 conflitos, da &#8220;Palestina ao Sud\u00e3o&#8221;, com um pensamento particular para a Ucr\u00e2nia.<\/p>\n\n\n\n<p>O texto foi divulgado pela Sala de Imprensa da Santa S\u00e9. \u00c9 o segundo domingo que Francisco n\u00e3o participa da tradicional ora\u00e7\u00e3o de Angelus. Neste domingo, a missa foi conduzida pelo Arcebispo Rino Fisichella.<\/p>\n\n\n\n<p>Francisco ainda dedicou agradecimento especial \u00e0s demonstra\u00e7\u00f5es de carinho feitas pelas crian\u00e7as. &#8220;Nestes dias recebi muitas mensagens de afeto e fiquei particularmente tocado pelas cartas e pelos desenhos das crian\u00e7as. Obrigada por essa proximidade e pelas ora\u00e7\u00f5es de conforto que recebi do mundo inteiro! Confio todos \u00e0 intercess\u00e3o de Maria e pe\u00e7o que rezem por mim.&#8221;<\/p>\n\n\n\n<h2 class=\"wp-block-heading\">Noite tranquila<\/h2>\n\n\n\n<p>O papa Francisco teve uma noite tranquila, informou o Vaticano no in\u00edcio da manh\u00e3 de domingo (23). O comunicado vem um dia ap\u00f3s o pont\u00edfice sofrer uma crise de asma prolongada e o seu estado de sa\u00fade ser descrito como cr\u00edtico pela primeira vez.<\/p>\n\n\n\n<p>O Papa Francisco, internado desde 14 de fevereiro ap\u00f3s sentir dificuldade para respirar por v\u00e1rios dias.<\/p>\n\n\n\n<p>O pont\u00edfice, de 88 anos, foi internado no hospital Gemelli, em Roma, devido a uma bronquite. No hospital, foi diagnosticado como pneumonia bilateral e infec\u00e7\u00e3o polimicrobiana.<\/p>\n\n\n\n<p>Na sexta-feira (21), Francisco completou uma semana de interna\u00e7\u00e3o e os m\u00e9dicos do papa fizeram uma entrevista coletiva para atualizar o quadro cl\u00ednico do pont\u00edfice.<\/p>\n\n\n\n<p>Segundo a equipe m\u00e9dica, o papa n\u00e3o corre risco de morte, mas tamb\u00e9m n\u00e3o est\u00e1 fora de perigo por ser um &#8220;paciente fr\u00e1gil&#8221;. Por conta disso, Francisco permanecer\u00e1 internado por pelo menos mais uma semana. Eles tamb\u00e9m disseram que o pont\u00edfice:<\/p>\n\n\n\n<ul class=\"wp-block-list\">\n<li>N\u00e3o est\u00e1 conectado a nenhum aparelho de respira\u00e7\u00e3o;<\/li>\n\n\n\n<li>Consegue caminhar, mas s\u00f3 dist\u00e2ncias curtas por conta da dificuldade respirat\u00f3ria e do problema pr\u00e9vio em seu joelho;<\/li>\n\n\n\n<li>Ainda assim, se levanta com frequ\u00eancia e trabalha de uma poltrona;<\/li>\n\n\n\n<li>N\u00e3o tem quadro de sepse (infec\u00e7\u00e3o generalizada);<\/li>\n\n\n\n<li>Sabe que est\u00e1 em perigo e pediu que os m\u00e9dicos n\u00e3o escondessem nenhuma informa\u00e7\u00e3o do p\u00fablico;<\/li>\n\n\n\n<li>Est\u00e1 comendo de forma regular e &#8220;apresenta bom apetite&#8221;;<\/li>\n\n\n\n<li>\u00c9 considerado &#8220;um paciente fr\u00e1gil&#8221;, principalmente por conta da idade;<\/li>\n\n\n\n<li>Est\u00e1 respondendo aos tratamentos, mas o quadro pode ir mudando a cada dia;<\/li>\n\n\n\n<li>N\u00e3o est\u00e1 divulgando fotos porque &#8220;n\u00e3o queremos uma foto do papa em pijama&#8221;.<\/li>\n<\/ul>\n\n\n\n<p>Durante todo esse per\u00edodo, diz o Vaticano, Francisco tem trabalhado e se mantido informado atrav\u00e9s da leitura de jornais. O papa tamb\u00e9m consegue se movimentar dentro de seu quarto no hospital, atende algumas liga\u00e7\u00f5es telef\u00f4nicas e continua com alguns afazeres administrativos.<\/p>\n\n\n\n<p>Ainda segundo o Vaticano, todos os compromissos p\u00fablicos do papa foram cancelados.<\/p>\n\n\n\n<p>Fonte G1 <\/p>\n","protected":false},"excerpt":{"rendered":"<p>Neste domingo, o pont\u00edfice agradeceu as ora\u00e7\u00f5es pela sa\u00fade e afirmou que segue em tratamento, enquanto o Vaticano monitora seu estado cl\u00ednico. Na madrugada desta segunda-feira (24), o&nbsp;Vaticano&nbsp;informou que o papa Francisco &#8220;passou bem a noite, dormiu e est\u00e1 descansando&#8221;. O pont\u00edfice continua lutando contra uma pneumonia dupla. No domingo (23), ainda em estado cr\u00edtico, [&hellip;]<\/p>\n","protected":false},"author":8,"featured_media":25869,"comment_status":"closed","ping_status":"open","sticky":false,"template":"","format":"standard","meta":{"rop_custom_images_group":[],"rop_custom_messages_group":[],"rop_publish_now":"initial","rop_publish_now_accounts":[],"rop_publish_now_history":[],"rop_publish_now_status":"pending","footnotes":""},"categories":[212],"tags":[73],"class_list":["post-25868","post","type-post","status-publish","format-standard","has-post-thumbnail","hentry","category-internacional","tag-featured"],"amp_enabled":true,"_links":{"self":[{"href":"https:\/\/imais.online\/portal\/wp-json\/wp\/v2\/posts\/25868","targetHints":{"allow":["GET"]}}],"collection":[{"href":"https:\/\/imais.online\/portal\/wp-json\/wp\/v2\/posts"}],"about":[{"href":"https:\/\/imais.online\/portal\/wp-json\/wp\/v2\/types\/post"}],"author":[{"embeddable":true,"href":"https:\/\/imais.online\/portal\/wp-json\/wp\/v2\/users\/8"}],"replies":[{"embeddable":true,"href":"https:\/\/imais.online\/portal\/wp-json\/wp\/v2\/comments?post=25868"}],"version-history":[{"count":1,"href":"https:\/\/imais.online\/portal\/wp-json\/wp\/v2\/posts\/25868\/revisions"}],"predecessor-version":[{"id":25870,"href":"https:\/\/imais.online\/portal\/wp-json\/wp\/v2\/posts\/25868\/revisions\/25870"}],"wp:featuredmedia":[{"embeddable":true,"href":"https:\/\/imais.online\/portal\/wp-json\/wp\/v2\/media\/25869"}],"wp:attachment":[{"href":"https:\/\/imais.online\/portal\/wp-json\/wp\/v2\/media?parent=25868"}],"wp:term":[{"taxonomy":"category","embeddable":true,"href":"https:\/\/imais.online\/portal\/wp-json\/wp\/v2\/categories?post=25868"},{"taxonomy":"post_tag","embeddable":true,"href":"https:\/\/imais.online\/portal\/wp-json\/wp\/v2\/tags?post=25868"}],"curies":[{"name":"wp","href":"https:\/\/api.w.org\/{rel}","templated":true}]}}