{"id":2587,"date":"2021-10-25T10:42:37","date_gmt":"2021-10-25T13:42:37","guid":{"rendered":"https:\/\/imais.online\/portal\/?p=2587"},"modified":"2021-10-25T10:42:38","modified_gmt":"2021-10-25T13:42:38","slug":"auxilios-e-queda-da-inadimplencia-derrubam-numero-de-falencias","status":"publish","type":"post","link":"https:\/\/imais.online\/portal\/auxilios-e-queda-da-inadimplencia-derrubam-numero-de-falencias\/","title":{"rendered":"Aux\u00edlios e queda da inadimpl\u00eancia derrubam n\u00famero de fal\u00eancias"},"content":{"rendered":"<div class=\"imais-before-content-placement\" id=\"imais-3613834176\"><script async src=\"\/\/pagead2.googlesyndication.com\/pagead\/js\/adsbygoogle.js?client=ca-pub-8787528412751566\" crossorigin=\"anonymous\"><\/script><ins class=\"adsbygoogle\" style=\"display:block;\" data-ad-client=\"ca-pub-8787528412751566\" \ndata-ad-slot=\"\" \ndata-ad-format=\"auto\"><\/ins>\n<script> \n(adsbygoogle = window.adsbygoogle || []).push({}); \n<\/script>\n<\/div>\n<h2 class=\"has-text-align-center wp-block-heading\">Volume de decretos e pedidos de fal\u00eancia no Brasil foi o menor da hist\u00f3ria para um terceiro trimestre, aponta Serasa Experian<\/h2>\n\n\n\n<p>O judici\u00e1rio brasileiro decretou 163 fal\u00eancias e recebeu 270 pedidos que podem resultar no mesmo status no terceiro trimestre deste ano, de acordo com dados da Serasa Experian. Em ambos os casos, trata-se do menor n\u00famero j\u00e1 registrado para o per\u00edodo compreendido entre os meses de julho e setembro desde 2005, quando entrou em vigor a Lei das Fal\u00eancias.<\/p>\n\n\n\n<p>Os especialistas do setor ouvidos pelo\u00a0<strong>R7<\/strong>\u00a0atribuem a queda no n\u00famero de fal\u00eancias \u00e0 redu\u00e7\u00e3o da inadimpl\u00eancia e aos aux\u00edlios disponibilizados para salvar as empresas durante a pandemia, tais como o\u00a0Pronampe (Programa Nacional de Apoio \u00e0s Microempresas e Empresas de Pequeno Porte)\u00a0e o\u00a0BEm (Benef\u00edcio Emprego e Renda).<\/p>\n\n\n\n<p>\u201cEssa redu\u00e7\u00e3o dos pedidos de fal\u00eancia \u00e9 resultado da queda da inadimpl\u00eancia, que acontece porque o governo colocou uma s\u00e9rie de instrumentos fiscais e de cr\u00e9dito para atender as empresas\u201d, explica Luiz Rabi, economista da Serasa Experian. Ele, no entanto, ressalta que os dados refletem um \u201cal\u00edvio tempor\u00e1rio\u201d e aponta o salto da infla\u00e7\u00e3o e dos juros como algo desafiador para as empresas nos pr\u00f3ximos meses.<\/p>\n\n\n\n<p>Dados da pr\u00f3pria Serasa mostram uma estabilidade no n\u00famero de empresas inadimplentes, na faixa dos 5,8 milh\u00f5es nos \u00faltimos meses. H\u00e1 ainda uma redu\u00e7\u00e3o no n\u00famero de d\u00edvidas negativadas e no valor m\u00e9dio das contas em atraso, atualmente em R$ 17.054. H\u00e1 um ano, o valor era 8,6% superior, de R$ 18.653.<\/p>\n\n\n\n<p>Para F\u00e1bio Bartolozzi Astrauskas, s\u00f3cio-diretor na Siegen Consultoria e especialista em planejamento e administra\u00e7\u00e3o na recupera\u00e7\u00e3o judicial, tudo indica que 2021 ser\u00e1 o ano com o menor n\u00famero de fal\u00eancias da hist\u00f3ria. No acumulado at\u00e9 setembro, foram contabilizados 487 decretos que resultaram no fechamento de empresas, n\u00famero 80,4% inferior ao apurado no mesmo per\u00edodo do ano passado (2.484).<\/p>\n\n\n\n<p>Mesmo com as linhas de cr\u00e9dito disponibilizadas pelo governo durante a pandemia, as pequenas e microempresas respondem por 75,4% das fal\u00eancias registradas neste ano (367), percentual similar ao de toda a s\u00e9rie hist\u00f3rica. Entre os setores, o maior volume \u00e9 verificado nos servi\u00e7os (238) e no com\u00e9rcio (151).<\/p>\n\n\n\n<p>Como os decretos de fal\u00eancia ocorrem somente ap\u00f3s uma senten\u00e7a judicial, Bartolozzi ressalta que existe tamb\u00e9m uma flexibiliza\u00e7\u00e3o dos ju\u00edzes no momento atual de pandemia para evitar que o fechamento das empresas resulte na perda de novos postos de trabalho. &#8220;H\u00e1 uma vontade maior do sistema judici\u00e1rio, ao menos temporariamente, de compreender o momento ruim e decretar menos fal\u00eancias desde o ano passado, quando os n\u00fameros come\u00e7aram a despencar&#8221;, explica ele.<\/p>\n\n\n\n<p>Rabi ressalta que o Judici\u00e1rio precisa se pautar pela lei, mas entende que os decretos podem variar conforme o magistrado designado para assumir o caso. \u201cA flexibiliza\u00e7\u00e3o \u00e9 muito mais pela habilidade que o juiz vai ter para conduzir esse processo para reunir os credores e as empresas para chegar a um bom acordo\u201d, destaca ele.<\/p>\n\n\n\n<p>Mesmo com o eventual fim das medidas tempor\u00e1rias do governo para conter o n\u00edvel de inadimpl\u00eancia, o economista da Serasa avalia que o n\u00famero de fal\u00eancias e recupera\u00e7\u00f5es judiciais s\u00f3 dispararia com uma nova recess\u00e3o da economia. \u201cPor enquanto, o cen\u00e1rio recessivo n\u00e3o \u00e9 desenhado para o ano que vem, com as proje\u00e7\u00f5es ainda positivas. [&#8230;] Se isso for confirmado, dificilmente teremos um aumento da inadimpl\u00eancia e da insolv\u00eancia das empresas\u201d, prev\u00ea Rabi.<\/p>\n\n\n\n<h3 class=\"wp-block-heading\">Subnotifica\u00e7\u00f5es<\/h3>\n\n\n\n<p>Outro problema antigo que envolve os casos de fal\u00eancia s\u00e3o as subnotifica\u00e7\u00f5es, que ocorrem quando empres\u00e1rios fecham a firma sem notificar os \u00f3rg\u00e3os p\u00fablicos e sem dar baixa no CNPJ (Cadastro Nacional da Pessoa Jur\u00eddica).<\/p>\n\n\n\n<p>&#8220;O que n\u00f3s temos visto na pandemia \u00e9 uma quantidade expressiva de empresas, principalmente aquelas menores, que simplesmente encerraram suas atividades. Algumas nem sequer comunicaram isso aos \u00f3rg\u00e3os p\u00fablicos&#8221;, afirma&nbsp;Bartolozzi.<\/p>\n\n\n\n<p>Rabi ressalta, no entanto, que as subnotifica\u00e7\u00f5es sempre existiram. \u201cNo Brasil, principalmente as pequenas e microempresas, quando quebram, n\u00e3o d\u00e3o baixa no CNPJ. Elas simplesmente fecham as portas e o CNPJ fica ativo. O fechamento \u00e9 muito mais informal.\u201d<\/p>\n\n\n\n<p>Fonte R7<\/p>\n","protected":false},"excerpt":{"rendered":"<p>Volume de decretos e pedidos de fal\u00eancia no Brasil foi o menor da hist\u00f3ria para um terceiro trimestre, aponta Serasa Experian O judici\u00e1rio brasileiro decretou 163 fal\u00eancias e recebeu 270 pedidos que podem resultar no mesmo status no terceiro trimestre deste ano, de acordo com dados da Serasa Experian. Em ambos os casos, trata-se do [&hellip;]<\/p>\n","protected":false},"author":8,"featured_media":2588,"comment_status":"closed","ping_status":"open","sticky":false,"template":"","format":"standard","meta":{"rop_custom_images_group":[],"rop_custom_messages_group":[],"rop_publish_now":"initial","rop_publish_now_accounts":[],"rop_publish_now_history":[],"rop_publish_now_status":"pending","footnotes":""},"categories":[192],"tags":[],"class_list":["post-2587","post","type-post","status-publish","format-standard","has-post-thumbnail","hentry","category-economia"],"amp_enabled":true,"_links":{"self":[{"href":"https:\/\/imais.online\/portal\/wp-json\/wp\/v2\/posts\/2587","targetHints":{"allow":["GET"]}}],"collection":[{"href":"https:\/\/imais.online\/portal\/wp-json\/wp\/v2\/posts"}],"about":[{"href":"https:\/\/imais.online\/portal\/wp-json\/wp\/v2\/types\/post"}],"author":[{"embeddable":true,"href":"https:\/\/imais.online\/portal\/wp-json\/wp\/v2\/users\/8"}],"replies":[{"embeddable":true,"href":"https:\/\/imais.online\/portal\/wp-json\/wp\/v2\/comments?post=2587"}],"version-history":[{"count":1,"href":"https:\/\/imais.online\/portal\/wp-json\/wp\/v2\/posts\/2587\/revisions"}],"predecessor-version":[{"id":2589,"href":"https:\/\/imais.online\/portal\/wp-json\/wp\/v2\/posts\/2587\/revisions\/2589"}],"wp:featuredmedia":[{"embeddable":true,"href":"https:\/\/imais.online\/portal\/wp-json\/wp\/v2\/media\/2588"}],"wp:attachment":[{"href":"https:\/\/imais.online\/portal\/wp-json\/wp\/v2\/media?parent=2587"}],"wp:term":[{"taxonomy":"category","embeddable":true,"href":"https:\/\/imais.online\/portal\/wp-json\/wp\/v2\/categories?post=2587"},{"taxonomy":"post_tag","embeddable":true,"href":"https:\/\/imais.online\/portal\/wp-json\/wp\/v2\/tags?post=2587"}],"curies":[{"name":"wp","href":"https:\/\/api.w.org\/{rel}","templated":true}]}}