{"id":25871,"date":"2025-02-24T11:31:52","date_gmt":"2025-02-24T14:31:52","guid":{"rendered":"https:\/\/imais.online\/portal\/?p=25871"},"modified":"2025-02-24T11:31:53","modified_gmt":"2025-02-24T14:31:53","slug":"marlon-wayans-confirma-que-vai-fazer-as-branquelas-2-apos-todo-mundo-em-panico-6","status":"publish","type":"post","link":"https:\/\/imais.online\/portal\/marlon-wayans-confirma-que-vai-fazer-as-branquelas-2-apos-todo-mundo-em-panico-6\/","title":{"rendered":"Marlon Wayans CONFIRMA que vai fazer \u2018As Branquelas 2\u2019 ap\u00f3s \u2018Todo Mundo em P\u00e2nico 6\u2019"},"content":{"rendered":"<div class=\"imais-before-content-placement\" id=\"imais-2969379685\"><script async src=\"\/\/pagead2.googlesyndication.com\/pagead\/js\/adsbygoogle.js?client=ca-pub-8787528412751566\" crossorigin=\"anonymous\"><\/script><ins class=\"adsbygoogle\" style=\"display:block;\" data-ad-client=\"ca-pub-8787528412751566\" \ndata-ad-slot=\"\" \ndata-ad-format=\"auto\"><\/ins>\n<script> \n(adsbygoogle = window.adsbygoogle || []).push({}); \n<\/script>\n<\/div>\n<p>Ap\u00f3s anos prometendo&nbsp;<strong>\u2018<a href=\"https:\/\/cinepop.com.br\/tag\/as-branquelas-2\/\">As Branquelas 2<\/a><\/strong>\u2018,<strong>&nbsp;<a href=\"https:\/\/cinepop.com.br\/tag\/marlon-wayans\/\">Marlon Wayans<\/a><\/strong>&nbsp;revelou que finalmente vai fazer a sequ\u00eancia.<\/p>\n\n\n\n<p>Em entrevista ao GMA ele disse:<\/p>\n\n\n\n<p><em>\u201cEst\u00e1 na hora. Depois que terminarmos Todo Mundo em P\u00e2nico 6, n\u00f3s vamos fazer\u00a0<a href=\"https:\/\/cinepop.com.br\/tag\/as-branquelas-2\/\">As Branquelas 2<\/a>\u201d, ele afirmou.\u00a0<\/em><\/p>\n\n\n\n<p>Recentemente, ele disse que procura muita inspira\u00e7\u00e3o da vida real para ter ideias para hist\u00f3rias.<\/p>\n\n\n\n<p><em>\u201cAcho que&nbsp;<a href=\"https:\/\/cinepop.com.br\/tag\/as-branquelas-2\/\">As Branquelas 2<\/a>&nbsp;\u00e9 um filme necess\u00e1rio. Acho que apertamos tanto que precisamos afrouxar um pouco nossas amarras e rir um pouco. N\u00e3o acho que Hollywood entenda como&nbsp;<a href=\"https:\/\/cinepop.com.br\/tag\/as-branquelas-2\/\">As Branquelas 2<\/a>&nbsp;seria um fen\u00f4meno nas bilheterias. E o mundo continua nos dando mais [ideias]. O filme est\u00e1 se escrevendo sozinho.\u201d, afirmou.<\/em><\/p>\n\n\n\n<p>Ele tamb\u00e9m j\u00e1 afirmou que quer a cantora&nbsp;<strong>Anitta<\/strong>&nbsp;no filme.<\/p>\n\n\n\n<p>Lan\u00e7ado em 2004,\u00a0<strong>\u2018As Branquelas<\/strong>\u2018 foi dirigido por\u00a0<strong>Keenen Ivory Wayans<\/strong>\u00a0baseado em uma hist\u00f3ria que ele desenvolveu com\u00a0<strong>Marlon e\u00a0<a href=\"https:\/\/cinepop.com.br\/tag\/shawn-wayans\/\">Shawn Wayans<\/a><\/strong>.<\/p>\n\n\n\n<p>Os irm\u00e3os&nbsp;<strong><a href=\"https:\/\/cinepop.com.br\/tag\/shawn-wayans\/\">Shawn Wayans<\/a><\/strong>&nbsp;e&nbsp;<strong><a href=\"https:\/\/cinepop.com.br\/tag\/marlon-wayans\/\">Marlon Wayans<\/a><\/strong>&nbsp;come\u00e7aram a produzir \u2018<strong><a href=\"https:\/\/cinepop.com.br\/tag\/as-branquelas-2\/\">As Branquelas 2<\/a><\/strong>\u2018 em meados de 2010, mas a&nbsp;<strong>Sony<\/strong>&nbsp;acabou cancelando a produ\u00e7\u00e3o. Com o sucesso do primeiro filme, e o interesse dos f\u00e3s no segundo, os irm\u00e3os levaram o roteiro a outro est\u00fadio de Hollywood.<\/p>\n\n\n\n<p>O longa custou&nbsp;<strong>US$ 37 milh\u00f5es<\/strong>&nbsp;e arrecadou&nbsp;<strong>US$ 113 milh\u00f5es<\/strong>&nbsp;mundialmente.<\/p>\n\n\n\n<p>Na trama, Kevin e Marcus Copeland s\u00e3o dois agentes do FBI muito atrapalhados, que acbam se dando mal em uma investiga\u00e7\u00e3o e s\u00e3o amea\u00e7ados de perder seus empregos. Quando um plano para seq\u00fcestrar as mimadas irm\u00e3s socialites Brittany e Tiffany Wilson \u00e9&nbsp;descoberto, Kevin e Marcus ficam com a humilhante miss\u00e3o de escoltar as duas socialites do aeroporto para o hotel.<\/p>\n\n\n\n<p>Enquanto s\u00e3o escoltadas, as duas mulheres se ferem e eles se v\u00eaem obrigados a se disfar\u00e7ar como elas para que seu chefe n\u00e3o descubra o ocorrido.<\/p>\n\n\n<div class=\"wp-block-image\">\n<figure class=\"aligncenter\"><a href=\"data:image\/svg+xml,%3Csvg%20xmlns=\"><img decoding=\"async\" src=\"https:\/\/cinepop.com.br\/wp-content\/uploads\/2021\/07\/as-branquelas-cartaz.jpg\" alt=\"as branquelas cartaz\" class=\"wp-image-302525\" title=\"as branquelas cartaz\"\/><\/a><\/figure>\n<\/div>\n\n\n<p>Fonte CinePop<\/p>\n","protected":false},"excerpt":{"rendered":"<p>Ap\u00f3s anos prometendo&nbsp;\u2018As Branquelas 2\u2018,&nbsp;Marlon Wayans&nbsp;revelou que finalmente vai fazer a sequ\u00eancia. Em entrevista ao GMA ele disse: \u201cEst\u00e1 na hora. Depois que terminarmos Todo Mundo em P\u00e2nico 6, n\u00f3s vamos fazer\u00a0As Branquelas 2\u201d, ele afirmou.\u00a0 Recentemente, ele disse que procura muita inspira\u00e7\u00e3o da vida real para ter ideias para hist\u00f3rias. \u201cAcho que&nbsp;As Branquelas 2&nbsp;\u00e9 [&hellip;]<\/p>\n","protected":false},"author":8,"featured_media":25872,"comment_status":"closed","ping_status":"open","sticky":false,"template":"","format":"standard","meta":{"rop_custom_images_group":[],"rop_custom_messages_group":[],"rop_publish_now":"initial","rop_publish_now_accounts":[],"rop_publish_now_history":[],"rop_publish_now_status":"pending","footnotes":""},"categories":[16],"tags":[],"class_list":["post-25871","post","type-post","status-publish","format-standard","has-post-thumbnail","hentry","category-entertainment"],"amp_enabled":true,"_links":{"self":[{"href":"https:\/\/imais.online\/portal\/wp-json\/wp\/v2\/posts\/25871","targetHints":{"allow":["GET"]}}],"collection":[{"href":"https:\/\/imais.online\/portal\/wp-json\/wp\/v2\/posts"}],"about":[{"href":"https:\/\/imais.online\/portal\/wp-json\/wp\/v2\/types\/post"}],"author":[{"embeddable":true,"href":"https:\/\/imais.online\/portal\/wp-json\/wp\/v2\/users\/8"}],"replies":[{"embeddable":true,"href":"https:\/\/imais.online\/portal\/wp-json\/wp\/v2\/comments?post=25871"}],"version-history":[{"count":1,"href":"https:\/\/imais.online\/portal\/wp-json\/wp\/v2\/posts\/25871\/revisions"}],"predecessor-version":[{"id":25873,"href":"https:\/\/imais.online\/portal\/wp-json\/wp\/v2\/posts\/25871\/revisions\/25873"}],"wp:featuredmedia":[{"embeddable":true,"href":"https:\/\/imais.online\/portal\/wp-json\/wp\/v2\/media\/25872"}],"wp:attachment":[{"href":"https:\/\/imais.online\/portal\/wp-json\/wp\/v2\/media?parent=25871"}],"wp:term":[{"taxonomy":"category","embeddable":true,"href":"https:\/\/imais.online\/portal\/wp-json\/wp\/v2\/categories?post=25871"},{"taxonomy":"post_tag","embeddable":true,"href":"https:\/\/imais.online\/portal\/wp-json\/wp\/v2\/tags?post=25871"}],"curies":[{"name":"wp","href":"https:\/\/api.w.org\/{rel}","templated":true}]}}