{"id":25894,"date":"2025-02-25T10:55:17","date_gmt":"2025-02-25T13:55:17","guid":{"rendered":"https:\/\/imais.online\/portal\/?p=25894"},"modified":"2025-02-25T10:55:18","modified_gmt":"2025-02-25T13:55:18","slug":"rainhas-de-bateria-das-crias-as-celebridades-quem-sao-as-12-mulheres-que-reinam-no-grupo-especial-do-rio","status":"publish","type":"post","link":"https:\/\/imais.online\/portal\/rainhas-de-bateria-das-crias-as-celebridades-quem-sao-as-12-mulheres-que-reinam-no-grupo-especial-do-rio\/","title":{"rendered":"Rainhas de bateria: das &#8216;crias&#8217; \u00e0s celebridades, quem s\u00e3o as 12 mulheres que reinam no Grupo Especial do Rio"},"content":{"rendered":"<div class=\"imais-before-content-placement\" id=\"imais-2372723612\"><script async src=\"\/\/pagead2.googlesyndication.com\/pagead\/js\/adsbygoogle.js?client=ca-pub-8787528412751566\" crossorigin=\"anonymous\"><\/script><ins class=\"adsbygoogle\" style=\"display:block;\" data-ad-client=\"ca-pub-8787528412751566\" \ndata-ad-slot=\"\" \ndata-ad-format=\"auto\"><\/ins>\n<script> \n(adsbygoogle = window.adsbygoogle || []).push({}); \n<\/script>\n<\/div>\n<h2 class=\"wp-block-heading\">Apresenta\u00e7\u00f5es n\u00e3o valem ponto, mas est\u00e3o no centro das aten\u00e7\u00f5es da Marqu\u00eas de Sapuca\u00ed.<\/h2>\n\n\n\n<p>A rainha de bateria \u00e9 um dos postos mais cobi\u00e7ados e vistos dos desfiles das escolas de samba. A performance n\u00e3o conta pontos, mas atrai uma multid\u00e3o de admiradores e flashes, al\u00e9m de mexer com a energia de comunidades inteiras.<\/p>\n\n\n\n<p>As rainhas possuem perfis diversos e geram diversas expectativas do p\u00fablico. Este ano, a lista de rainhas sacudiu o mundo do carnaval nos \u00faltimos meses, com o an\u00fancio de uma despedida &#8211; a de\u00a0<a class=\"\" href=\"https:\/\/g1.globo.com\/tudo-sobre\/paolla-oliveira\/\">Paolla Oliveira<\/a>\u00a0vivendo seu \u00faltimo ano na Grande Rio &#8211; e uma aus\u00eancia, Lexa,\u00a0<a class=\"\" href=\"https:\/\/g1.globo.com\/fantastico\/noticia\/2025\/02\/23\/o-que-mais-me-doi-e-nao-poder-fazer-nada-diz-ricardo-vianna-marido-de-lexa-sobre-perda-de-filha.ghtml\">que perdeu a filha no in\u00edcio de fevereiro<\/a>.<\/p>\n\n\n\n<p>Conhe\u00e7a as 12 mulheres que ocupam o posto nas escolas de samba do Grupo Especial (na\u00a0ordem dos desfiles).<\/p>\n\n\n\n<h2 class=\"wp-block-heading\">Unidos de Padre Miguel\u00a0\u2013 Andressa Marinho<\/h2>\n\n\n\n<figure class=\"wp-block-image\"><img decoding=\"async\" src=\"https:\/\/s2-g1.glbimg.com\/zVWacWmKKdxL9fQJtKcAe0rPiz4=\/0x0:4000x2667\/984x0\/smart\/filters:strip_icc()\/i.s3.glbimg.com\/v1\/AUTH_59edd422c0c84a879bd37670ae4f538a\/internal_photos\/bs\/2025\/v\/l\/Bw0mK8Qsqs4rstFqvuhw\/g1-andressa.jpg\" alt=\"Andressa Marinho, rainha de bateria da Unidos de Padre Miguel \u2014 Foto: Deivid Maldonado\/ Divulga\u00e7\u00e3o\/ Unidos de Padre Miguel\"\/><\/figure>\n\n\n\n<p class=\"has-small-font-size\">Andressa Marinho, rainha de bateria da Unidos de Padre Miguel \u2014 Foto: Deivid Maldonado\/ Divulga\u00e7\u00e3o\/ Unidos de Padre Miguel<\/p>\n\n\n\n<p>Andressa Marinho \u00e9 um dos principais rostos da Unidos de Padre Miguel no retorno ao Grupo Especial. Ela \u00e9 cria da comunidade da Vila Vint\u00e9m, na Zona Oeste do Rio, onde a escola firmou suas ra\u00edzes. Aos 22 anos, ela estreia em um dos postos de maior visibilidade da Sapuca\u00ed.<\/p>\n\n\n\n<p>\u201cVai ser uma estreia de grande responsabilidade n\u00e9?! Mas estou caminhando e alinhando tudo para que seja um momento mais que especial e realizador. Esperamos muito por isso ent\u00e3o estamos com garra!! Que eu seja inspira\u00e7\u00e3o, encanto e vibre muito com a minha escola\u201d, contou Andressa Marinho para o&nbsp;<a class=\"\" href=\"https:\/\/g1.globo.com\/\">g1<\/a>.<\/p>\n\n\n\n<p>O posto n\u00e3o subiu \u00e0 cabe\u00e7a de Andressa. Ela vive na Vila Vint\u00e9m com os pais, o irm\u00e3o e o filho de dois anos. Al\u00e9m dos compromissos como professora de dan\u00e7a e core\u00f3grafa, ela se prepara para cursar Educa\u00e7\u00e3o F\u00edsica.<\/p>\n\n\n\n<p>\u201cGra\u00e7as a Deus eu tenho uma rede de apoio maravilhosa, que me ajuda, que cuida e fica com o meu filho pra mim e me tranquiliza pela forma q ele \u00e9 tratado, ele \u00e9 bem-amado por todos que o rodeiam, e isso facilita\u201d, explicou..<\/p>\n\n\n\n<p>A Unidos de Padre Miguel vai\u00a0homenagear o primeiro terreiro de candombl\u00e9 do Brasil.<\/p>\n\n\n\n<h2 class=\"wp-block-heading\">Imperatriz Leopoldinense\u00a0\u2013 Maria Mari\u00e1<\/h2>\n\n\n\n<figure class=\"wp-block-image\"><img decoding=\"async\" src=\"https:\/\/s2-g1.glbimg.com\/Gp_sMbyIxAw9IOcA4BAXkJ-Qyvo=\/0x0:5152x3435\/984x0\/smart\/filters:strip_icc()\/i.s3.glbimg.com\/v1\/AUTH_59edd422c0c84a879bd37670ae4f538a\/internal_photos\/bs\/2024\/A\/Y\/f8TewyQ1qbGda5JdRb2Q\/2024-02-12t083300z-1705438876-rc2t06a68vkq-rtrmadp-3-brazil-carnival.jpg\" alt=\"Maria Mari\u00e1, rainha de bateria da Imperatriz Leopoldinense na primeira noite de desfiles do carnaval de 2024 do Rio de Janeiro. \u2014 Foto: REUTERS\/Ricardo Moraes\"\/><\/figure>\n\n\n\n<p class=\"has-small-font-size\">Maria Mari\u00e1, rainha de bateria da Imperatriz Leopoldinense na primeira noite de desfiles do carnaval de 2024 do Rio de Janeiro. \u2014 Foto: REUTERS\/Ricardo Moraes<\/p>\n\n\n\n<p>Maria Mari\u00e1, cria do Complexo do Alem\u00e3o,\u00a0chega ao terceiro ano como rainha de bateria\u00a0da Imperatriz Leopoldinense mais consciente do seu papel como parte da escola. Ainda assim, o nervosismo ao pisar na Sapuca\u00ed nunca passou.<\/p>\n\n\n\n<p>\u201cA certeza do meu lugar enquanto rainha, integrante da escola, componente e comunidade aumentaram ainda mais e, com total certeza, vem do lugar de vivenciar a minha escola em diversas camadas. Uma delas \u00e9 como rainha de bateria. Ao longo desses 3 anos, a certeza, o frio na barriga, a ansiedade, o desejo de vit\u00f3ria, tudo sempre esteve ali\u201d, contou Maria Mari\u00e1 ao\u00a0<a class=\"\" href=\"https:\/\/g1.globo.com\/\">g1<\/a>.<\/p>\n\n\n\n<p>Passista eleita para o posto em 2022, ela desempenha v\u00e1rias fun\u00e7\u00f5es: \u00e9 estudante de Comunica\u00e7\u00e3o Social da UFRJ \u2013 se forma este ano &#8211; e faixa preta de taekwondo. Maria atua em diversas iniciativas sociais, dando visibilidade a projetos do Alem\u00e3o.<\/p>\n\n\n\n<p>Um deles \u00e9 o Legado TKD, que ensina taekwondo para as crian\u00e7as da comunidade, al\u00e9m de Cidadania, Educa\u00e7\u00e3o e Cultura.<\/p>\n\n\n\n<p>\u201cO Legado surgiu da necessidade de fazer mais por todos que est\u00e3o ao meu redor, pela favela que eu vivo e marca que quero deixar no mundo. Sempre fui aluna de projetos sociais, de todos os nichos poss\u00edveis, do esporte \u00e0 educa\u00e7\u00e3o, ent\u00e3o, nada mais justo que continuar com essa caminhada\u201d, destacou.<\/p>\n\n\n\n<p>A Imperatriz Leopoldinense vai\u00a0contar a saga de Oxal\u00e1 para visitar o reino de Xang\u00f4.<\/p>\n\n\n\n<h2 class=\"wp-block-heading\">Unidos do Viradouro\u00a0\u2013 Erika Januza<\/h2>\n\n\n\n<figure class=\"wp-block-image\"><img decoding=\"async\" src=\"https:\/\/s2-g1.glbimg.com\/VSMuE4YCmDmK0yxo3uOjKTMN5FA=\/0x0:2464x1640\/984x0\/smart\/filters:strip_icc()\/i.s3.glbimg.com\/v1\/AUTH_59edd422c0c84a879bd37670ae4f538a\/internal_photos\/bs\/2024\/u\/v\/UYBsDLRze8ZzJO9lDjHw\/viradouro-foto-alex-ferro-riotur-53525502712-o.jpg\" alt=\"Erika Januza no desfile da Viradouro \u2014 Foto: Alex Ferro\/Riotur\"\/><\/figure>\n\n\n\n<p class=\"has-small-font-size\">Erika Januza no desfile da Viradouro \u2014 Foto: Alex Ferro\/Riotur<\/p>\n\n\n\n<p>A atriz Erika Januza segue para o quarto ano de reinado \u00e0 frente da bateria da Unidos da Viradouro\u00a0amando o que faz.\u00a0Mineira de Contagem, tinha como um dos momentos favoritos do ano assistir ao espet\u00e1culo de luzes e cores que via na Marqu\u00eas de Sapuca\u00ed.<\/p>\n\n\n\n<p>Observando Val\u00e9ria Valenssa, eterna Globeleza, ela aprendeu a sambar. Quando recebeu o convite da escola, achou que era um trote.<\/p>\n\n\n\n<p>Atualmente, ela realiza o sonho de crian\u00e7a sambando e abra\u00e7ando a comunidade de Niter\u00f3i que a acolheu. Na comemora\u00e7\u00e3o do t\u00edtulo da escola no ano passado,\u00a0foi flagrada no meio da multid\u00e3o,<a class=\"\" href=\"https:\/\/g1.globo.com\/rj\/rio-de-janeiro\/carnaval\/2024\/noticia\/2024\/02\/18\/erika-januza-conta-que-ama-ser-rainha-de-bateria-e-fala-de-emocao-em-ser-campea-colocar-emocao-pra-fora.ghtml\">\u00a0<\/a>chorando. Sem camarote ou espa\u00e7o especial.<\/p>\n\n\n\n<p>\u201cAdorei participar da apura\u00e7\u00e3o na quadra, porque na Sapuca\u00ed a gente n\u00e3o pode gritar, expressar o que a gente acha errado. Mas deu tudo certo, eu quase morri de emo\u00e7\u00e3o\u201d, disse Erika na \u00e9poca.<\/p>\n\n\n\n<p>A Viradouro vai contar na avenida\u00a0a hist\u00f3ria de Malunguinho,\u00a0l\u00edder do Quilombo do Catuc\u00e1, no Norte de Pernambuco, no s\u00e9culo XIX.<\/p>\n\n\n\n<h2 class=\"wp-block-heading\">Esta\u00e7\u00e3o Primeira de Mangueira\u00a0\u2013 Evelyn Bastos<\/h2>\n\n\n\n<figure class=\"wp-block-image\"><img decoding=\"async\" src=\"https:\/\/s2-g1.glbimg.com\/xANyQqCs1e8wcp_K2RpyAg0Q5Ms=\/0x0:4833x3441\/984x0\/smart\/filters:strip_icc()\/i.s3.glbimg.com\/v1\/AUTH_59edd422c0c84a879bd37670ae4f538a\/internal_photos\/bs\/2024\/n\/a\/a8cyUORWSBxGyX76sv4g\/2024-02-13t060853z-2084941833-rc2e16ates25-rtrmadp-3-brazil-carnival.jpg\" alt=\"Evelyn Bastos, rainha de bateria da Mangueira. \u2014 Foto: Ricardo Moraes\/Reuters\"\/><\/figure>\n\n\n\n<p>Evelyn Bastos, rainha de bateria da Mangueira. \u2014 Foto: Ricardo Moraes\/Reuters<\/p>\n\n\n\n<p>Evelyn Bastos tem\u00a0um dos reinados mais longos da Sapuca\u00ed,\u00a0caminhando para o 12\u00ba ano \u00e0 frente da bateria da Esta\u00e7\u00e3o Primeira de Mangueira. A versatilidade \u00e9 uma de suas marcas.<\/p>\n\n\n\n<p>Muito al\u00e9m de sambar, ela \u00e9 a diretora cultural da Liga Independente das Escolas de Samba do\u00a0Rio de Janeiro\u00a0(Liesa);\u00a0presidente da Mangueira do Amanh\u00e3,\u00a0escola-mirim na qual ela mesma despontou para o carnaval; d\u00e1 aulas de samba e \u00e9 professora de Hist\u00f3ria e Educa\u00e7\u00e3o F\u00edsica.<\/p>\n\n\n\n<p>Desfilando pela Mangueira, ela j\u00e1 representou as mulheres mangueirenses, foi a Fera Ferida no enredo que homenageou Maria Beth\u00e2nia; passou como Esperan\u00e7a Garcia, primeira mulher escravizada a virar advogada no pa\u00eds; e tamb\u00e9m\u00a0viveu a face mulher de Cristo,\u00a0sem cal\u00e7ados e sem sambar.<\/p>\n\n\n\n<p>A Mangueira vai\u00a0celebrar a heran\u00e7a bantu no Rio de Janeiro\u00a0neste carnaval.<\/p>\n\n\n\n<h2 class=\"wp-block-heading\">Unidos da Tijuca\u00a0\u2013 Lexa<\/h2>\n\n\n\n<p>Lexa \u00e9 a rainha de bateria da Unidos da Tijuca. Ela n\u00e3o vai desfilar. A filha dela, Sofia,\u00a0morreu 3 dias depois do parto.\u00a0A escola n\u00e3o desfiar\u00e1 com ningu\u00e9m \u00e0 frente dos ritmistas.<\/p>\n\n\n\n<p>O enredo da escola\u00a0\u00e9 &#8220;Logun-Ed\u00e9 &#8211; Santo menino que velho respeita&#8221;.<\/p>\n\n\n\n<h2 class=\"wp-block-heading\">Beija-Flor \u2013 Lorena Ra\u00edssa<\/h2>\n\n\n\n<figure class=\"wp-block-image\"><img decoding=\"async\" src=\"https:\/\/s2-g1.glbimg.com\/MuV04EyIHAC81CpROpMS6hIBWgA=\/0x0:4328x2885\/984x0\/smart\/filters:strip_icc()\/i.s3.glbimg.com\/v1\/AUTH_59edd422c0c84a879bd37670ae4f538a\/internal_photos\/bs\/2024\/h\/n\/GBD2ojTsiPplgQMfDy1A\/2024-02-12t035758z-1877588217-rc2n06asqipm-rtrmadp-3-brazil-carnival.jpg\" alt=\"Lorena Raissa, rainha de bateria da Beija-Flor no carnaval do Rio em 2024 \u2014 Foto: REUTERS\/Tita Barros\"\/><\/figure>\n\n\n\n<p class=\"has-small-font-size\">Lorena Raissa, rainha de bateria da Beija-Flor no carnaval do Rio em 2024 \u2014 Foto: REUTERS\/Tita Barros<\/p>\n\n\n\n<p>Lorena Raissa, aos 18 anos, \u00e9 a rainha de bateria\u00a0mais jovem do Grupo Especial.\u00a0Indo para o terceiro ano de reinado na\u00a0Beija-Flor de Nil\u00f3polis, ela venceu um disputad\u00edssimo concurso feito pela escola. Mas isso n\u00e3o quer dizer que ela n\u00e3o seja uma veterana. Este ano marca seu 12\u00ba ano desfilando pela Beija-Flor.<\/p>\n\n\n\n<p>\u201c\u00c9 um momento muito grandioso, que a gente espera o ano todo. E ter a minha fam\u00edlia, uma fam\u00edlia conhecida pelo carnaval, se torna mais especial ainda. Ainda mais sendo a rainha de bateria mais jovem do Grupo Especial\u201d, destacou Lorena Raissa ao\u00a0g1.<\/p>\n\n\n\n<p>Este ano, o desfile contar\u00e1 com algo especial: a rainha de bateria atravessar\u00e1 a Sapuca\u00ed gr\u00e1vida de 4 meses.<\/p>\n\n\n\n<p>\u201cA expectativa \u00e9 a melhor. Espero ter um desfile tranquilo. Sem passar mal. S\u00f3 passar feliz porque a Beija-Flor est\u00e1 vindo maravilhosa para o p\u00fablico\u201d, disse Lorena.<\/p>\n\n\n\n<p>A Azul e Branca de Nil\u00f3polis\u00a0celebrar\u00e1 na avenida o legado do diretor de carnaval La\u00edla.<\/p>\n\n\n\n<h2 class=\"wp-block-heading\">Salgueiro \u2013\u00a0Viviane Ara\u00fajo<\/h2>\n\n\n\n<figure class=\"wp-block-image\"><img decoding=\"async\" src=\"https:\/\/s2-g1.glbimg.com\/NEy3UHzRM7IHJor2Vck5L9rp-24=\/0x0:5376x3584\/984x0\/smart\/filters:strip_icc()\/i.s3.glbimg.com\/v1\/AUTH_59edd422c0c84a879bd37670ae4f538a\/internal_photos\/bs\/2024\/I\/N\/Ny5ABXTxOaDLsufCxnBg\/2024-02-12t045213z-971370041-rc2p06a1ofm5-rtrmadp-3-brazil-carnival.jpg\" alt=\"Viviane Ara\u00fajo, rainha de bateria do Salgueiro no carnaval de 2024 \u2014 Foto: REUTERS\/Ricardo Moraes\"\/><\/figure>\n\n\n\n<p class=\"has-small-font-size\">Viviane Ara\u00fajo, rainha de bateria do Salgueiro no carnaval de 2024 \u2014 Foto: REUTERS\/Ricardo Moraes<\/p>\n\n\n\n<p>No cargo h\u00e1 17 anos,\u00a0a atriz Viviane Ara\u00fajo \u00e9 a rainha de bateria mais longeva do Grupo Especial. Com uma longa hist\u00f3ria com o carnaval, desde a d\u00e9cada de 1990, j\u00e1 tendo desfilado por v\u00e1rias escolas, seu nome \u00e9 extremamente ligado ao Salgueiro.<\/p>\n\n\n\n<p>Ganhou o apelido de \u201crainha das rainhas\u201d pela popularidade, samba no p\u00e9 e tempo de desfile.<\/p>\n\n\n\n<p>Realizou o sonho de ser m\u00e3e em 2022.\u00a0Este carnaval, apresentou uma paix\u00e3o \u00e0 outra: levou o filho Joaquim ao ensaio t\u00e9cnico do Salgueiro.<\/p>\n\n\n\n<p>Ela tamb\u00e9m \u00e9 rainha de bateria da Mancha Verde em S\u00e3o Paulo.<\/p>\n\n\n\n<p>O Salgueiro apresenta o enredo &#8220;Salgueiro de Corpo Fechado&#8221; este carnaval,\u00a0mostrando uma narrativa que prop\u00f5e um mergulho nos rituais de prote\u00e7\u00e3o\u00a0utilizados por diferentes culturas ao longo do tempo.<\/p>\n\n\n\n<h2 class=\"wp-block-heading\">Vila Isabel \u2013\u00a0Sabrina Sato<\/h2>\n\n\n\n<figure class=\"wp-block-image\"><img decoding=\"async\" src=\"https:\/\/s2-g1.glbimg.com\/bZdb3FSQYnGJjmzLS3z8J6kOcpQ=\/0x0:1600x900\/984x0\/smart\/filters:strip_icc()\/i.s3.glbimg.com\/v1\/AUTH_59edd422c0c84a879bd37670ae4f538a\/internal_photos\/bs\/2024\/8\/Q\/YkHGCHQJe21UaPfHYUAQ\/whatsapp-image-2024-02-17-at-22.11.23.jpeg\" alt=\"Sabrina Sato no desfile das campe\u00e3s \u2014 Foto: Thais Esp\u00edrito Santo\/g1\"\/><\/figure>\n\n\n\n<p class=\"has-small-font-size\">Sabrina Sato no desfile das campe\u00e3s \u2014 Foto: Thais Esp\u00edrito Santo\/g1<\/p>\n\n\n\n<p>A rotina puxada durante o carnaval n\u00e3o pesa para Sabrina Sato pois \u00e9 algo que ela sempre sonhou viver, desde a inf\u00e2ncia em Pen\u00e1polis, no interior de S\u00e3o Paulo. Ver os desfiles da cidade, al\u00e9m das transmiss\u00f5es de Rio de Janeiro e S\u00e3o Paulo, era um programa que tinha com a av\u00f3, Luiza.<\/p>\n\n\n\n<p>\u201cSempre fui apaixonada pelo carnaval, festa do povo, do samba, as fantasias, a bateria que faz o cora\u00e7\u00e3o acelerar. Hoje vivo um sonho, \u00e9 emo\u00e7\u00e3o demais\u201d, disse Sabrina ao\u00a0g1.<\/p>\n\n\n\n<p>Ela estreou como rainha de bateria da\u00a0Unidos de Vila Isabel\u00a0em 2011. Apenas Viviane Araujo est\u00e1 mais tempo no posto do que ela. A apresentadora reinou diante da bateria de forma consecutiva at\u00e9 2019. Em 2020, ela assumiu o posto de rainha da escola. Sabrina voltou a ser rainha de bateria em 2022.<\/p>\n\n\n\n<p>\u201cDesde que fui convidada para ser rainha de bateria da escola, fui acolhida, adotada, senti imediatamente o carinho enorme da comunidade e uma responsabilidade imensa de representar uma das escolas mais tradicionais e com tanta hist\u00f3ria no carnaval carioca\u201d, contou Sabrina.<\/p>\n\n\n\n<p>Al\u00e9m da Vila Isabel, Sabrina \u00e9 rainha de bateria da Gavi\u00f5es da Fiel, em S\u00e3o Paulo.<\/p>\n\n\n\n<p>A Azul e Branca da Zona Norte do Rio\u00a0levar\u00e1 para a Sapuca\u00ed o enredo &#8220;Quanto mais eu rezo, mais assombra\u00e7\u00e3o me aparece&#8221;.<\/p>\n\n\n\n<h2 class=\"wp-block-heading\">Mocidade \u2013 Fab\u00edola de Andrade<\/h2>\n\n\n\n<figure class=\"wp-block-image\"><img decoding=\"async\" src=\"https:\/\/s2-g1.glbimg.com\/HwspY0f_dxvmT8Rn_RuFMK3G3OM=\/0x0:2048x1367\/984x0\/smart\/filters:strip_icc()\/i.s3.glbimg.com\/v1\/AUTH_59edd422c0c84a879bd37670ae4f538a\/internal_photos\/bs\/2024\/V\/h\/hBsM4XQ3eBGDjXmGsSCA\/rainha-mocidade-3-.jpg\" alt=\"Fab\u00edola Andrade, rainha de bateria da Mocidade Independente de Padre Miguel. \u2014 Foto: Leo Franco\/Agnews\"\/><\/figure>\n\n\n\n<p class=\"has-small-font-size\">Fab\u00edola Andrade, rainha de bateria da Mocidade Independente de Padre Miguel. \u2014 Foto: Leo Franco\/Agnews<\/p>\n\n\n\n<p>Fab\u00edola de Andrade entra no segundo ano como rainha de bateria da\u00a0Mocidade Independente de Padre Miguel. No primeiro, foi uma das beldades mais comentadas do carnaval.<\/p>\n\n\n\n<p>Natural de Alvorada, no Rio Grande do Sul, cresceu ouvindo as m\u00fasicas e acompanhando os desfiles das escolas de samba na televis\u00e3o.<\/p>\n\n\n\n<p>O mundo que, inicialmente, era distante, se tornou mais pr\u00f3ximo ap\u00f3s se casar. O marido de Fab\u00edola \u00e9 o contraventor Rog\u00e9rio Andrade, patrono da escola.<\/p>\n\n\n\n<p>\u201c\u00c9 a escola onde eu me sinto em casa, com uma comunidade incr\u00edvel e uma hist\u00f3ria de luta e supera\u00e7\u00e3o. A Mocidade sempre esteve muito pr\u00f3xima da comunidade, \u00e9 uma escola que valoriza suas ra\u00edzes e trabalha para trazer melhorias para a regi\u00e3o onde est\u00e1 inserida\u201d, disse Fab\u00edola ao\u00a0g1\u00a0no ano passado.<\/p>\n\n\n\n<p>A Mocidade Independente de Padre Miguel vai levar para a avenida\u00a0um pedido de conscientiza\u00e7\u00e3o da humanidade\u00a0pelo seu pr\u00f3prio futuro.<\/p>\n\n\n\n<h2 class=\"wp-block-heading\">Para\u00edso do Tuiuti\u00a0\u2013 Mayara Lima<\/h2>\n\n\n\n<figure class=\"wp-block-image\"><img decoding=\"async\" src=\"https:\/\/s2-g1.glbimg.com\/8YIlV7hxnwfAWeIhgicDwB6MceU=\/0x0:5500x3667\/984x0\/smart\/filters:strip_icc()\/i.s3.glbimg.com\/v1\/AUTH_59edd422c0c84a879bd37670ae4f538a\/internal_photos\/bs\/2024\/p\/W\/NnLD1sQGAOp6ooBcnt8g\/2024-02-13t065007z-1888587701-rc2f16au36kw-rtrmadp-3-brazil-carnival.jpg\" alt=\"Mayara Lima desfila pela Tuiuti na Sapuca\u00ed \u2014 Foto: REUTERS\/Pilar Olivares\"\/><\/figure>\n\n\n\n<p class=\"has-small-font-size\">Mayara Lima desfila pela Tuiuti na Sapuca\u00ed \u2014 Foto: REUTERS\/Pilar Olivares<\/p>\n\n\n\n<p>Rainha\u00a0por aclama\u00e7\u00e3o da pr\u00f3pria comunidade,\u00a0Mayara Lima caminha para o terceiro ano \u00e0 frente dos ritmistas da bateria Super Som, como \u00e9 conhecida a bateria da Tuiuti.\u00a0Ela viralizou com um v\u00eddeo\u00a0em que dan\u00e7ava em sincronia com os m\u00fasicos.<\/p>\n\n\n\n<p>Mayara come\u00e7ou no mundo do samba na Aprendizes do Salgueiro com 10 anos de idade. L\u00e1, chegou a integrar a ala de passistas do Salgueiro, sob o comando de Carlinhos Salgueiro \u2013 um dos core\u00f3grafos mais premiados do carnaval carioca.<\/p>\n\n\n\n<p>Em 2011, aos 14 anos, passou a frequentar a Para\u00edso do Tuiuti e entrou tamb\u00e9m para a ala de passistas da agremia\u00e7\u00e3o.<\/p>\n\n\n\n<p>Aos poucos, passou a se destacar. Primeiro virou destaque de ch\u00e3o, depois princesa da bateria e, finalmente, rainha.<\/p>\n\n\n\n<p>A Para\u00edso do Tuiuti vai desfilar com o enredo \u201cQuem tem medo de Xica Manicongo\u201d.\u00a0A escola contar\u00e1 a hist\u00f3ria da primeira mulher trans\u00a0documentada no Brasil.<\/p>\n\n\n\n<h2 class=\"wp-block-heading\">Grande Rio \u2013 Paolla Oliveira<\/h2>\n\n\n\n<figure class=\"wp-block-image\"><img decoding=\"async\" src=\"https:\/\/s2-g1.glbimg.com\/fB2_QjPfvHFdJMq06cyiPeuU-5A=\/0x0:1322x1013\/984x0\/smart\/filters:strip_icc()\/i.s3.glbimg.com\/v1\/AUTH_59edd422c0c84a879bd37670ae4f538a\/internal_photos\/bs\/2024\/m\/B\/rsZO7ATm613kOrr5PbSg\/paolla4.jpg\" alt=\"Fantasia faz Paolla Oliveira, rainha e bateria da Grande Rio, 'virar on\u00e7a' na Sapuca\u00ed \u2014 Foto: Stephanie Rodrigues \/ g1\"\/><\/figure>\n\n\n\n<p class=\"has-small-font-size\">Fantasia faz Paolla Oliveira, rainha e bateria da Grande Rio, &#8216;virar on\u00e7a&#8217; na Sapuca\u00ed \u2014 Foto: Stephanie Rodrigues \/ g1<\/p>\n\n\n\n<p>A atriz Paolla Oliveira\u00a0se despede do cargo de rainha de bateria\u00a0da\u00a0Acad\u00eamicos do Grande Rio\u00a0como uma das mais populares do Grupo Especial.\u00a0Ela anunciou que deixar\u00e1 este ano o posto na escola\u00a0para dedicar-se a projetos profissionais.<\/p>\n\n\n\n<p>&#8220;Eu vou me despedir desse posto&#8221;, anunciou Paolla. &#8220;Mas nunca, jamais, do carnaval, jamais da Grande Rio. O carnaval mora em mim.&#8221;<\/p>\n\n\n\n<p>Ela desfilou como rainha de bateria nos anos de 2009 e 2010. Ela retornou ao posto em 2020.<\/p>\n\n\n\n<p>Com ela \u00e0 frente dos ritmistas da bateria comandada pelo mestre Faf\u00e1, a escola conquistou seu primeiro t\u00edtulo no Grupo Especial, em 2022<\/p>\n\n\n\n<p>Este ano, a escola levar\u00e1 para a avenida\u00a0um enredo que celebra as Pororocas Parawaras\u00a0e as riquezas culturais da regi\u00e3o do Par\u00e1.<\/p>\n\n\n\n<h2 class=\"wp-block-heading\">Portela\u00a0\u2013 Bianca Monteiro<\/h2>\n\n\n\n<figure class=\"wp-block-image\"><img decoding=\"async\" src=\"https:\/\/s2-g1.glbimg.com\/81zSYbM8VvctoBVfT-cVH13zWNE=\/0x0:1616x1080\/984x0\/smart\/filters:strip_icc()\/i.s3.glbimg.com\/v1\/AUTH_59edd422c0c84a879bd37670ae4f538a\/internal_photos\/bs\/2024\/I\/n\/2FqmUZSXyDhA44kj5DVw\/image1.jpeg\" alt=\"Bianca Monteiro, rainha da bateria da Portela. \u2014 Foto: Stephanie Rodrigues\/g1\"\/><\/figure>\n\n\n\n<p class=\"has-small-font-size\">Bianca Monteiro, rainha da bateria da Portela. \u2014 Foto: Stephanie Rodrigues\/g1<\/p>\n\n\n\n<p>Bianca Monteiro re\u00fane as ra\u00edzes da Portela em si. Carioca de Madureira, come\u00e7ou na escola como passista e tem a hist\u00f3ria da fam\u00edlia conectada com a escola de samba da \u00e1guia.<\/p>\n\n\n\n<p>\u201cSer de Madureira \u00e9 uma honra. A gente fala que Madureira \u00e9 muito mais do que um lugar e eu sou apaixonada. Agrade\u00e7o todos os dias a Deus por ter nascido em Madureira\u201d, disse Bianca \u00e0 TV Globo h\u00e1 cinco anos.<\/p>\n\n\n\n<p>Reina desde 2016\u00a0diante dos ritmistas da Tabajara do Samba, como \u00e9 conhecida a bateria.<\/p>\n\n\n\n<p>\u00c9 fundadora da Oficina de Artes Paulo da Portela, que promove a cultura do samba no ber\u00e7o da Portela, para que nunca se perca.<\/p>\n\n\n\n<p>A Azul e Branca de Oswaldo Cruz e Madureira vai levar para a Sapuca\u00ed\u00a0uma grande homenagem \u00e0 vida e obra de Milton Nascimento.<\/p>\n\n\n\n<p>Fonte G1 <\/p>\n","protected":false},"excerpt":{"rendered":"<p>Apresenta\u00e7\u00f5es n\u00e3o valem ponto, mas est\u00e3o no centro das aten\u00e7\u00f5es da Marqu\u00eas de Sapuca\u00ed. A rainha de bateria \u00e9 um dos postos mais cobi\u00e7ados e vistos dos desfiles das escolas de samba. A performance n\u00e3o conta pontos, mas atrai uma multid\u00e3o de admiradores e flashes, al\u00e9m de mexer com a energia de comunidades inteiras. As [&hellip;]<\/p>\n","protected":false},"author":8,"featured_media":25895,"comment_status":"closed","ping_status":"open","sticky":false,"template":"","format":"standard","meta":{"rop_custom_images_group":[],"rop_custom_messages_group":[],"rop_publish_now":"initial","rop_publish_now_accounts":[],"rop_publish_now_history":[],"rop_publish_now_status":"pending","footnotes":""},"categories":[264,16],"tags":[],"class_list":["post-25894","post","type-post","status-publish","format-standard","has-post-thumbnail","hentry","category-carnaval","category-entertainment"],"amp_enabled":true,"_links":{"self":[{"href":"https:\/\/imais.online\/portal\/wp-json\/wp\/v2\/posts\/25894","targetHints":{"allow":["GET"]}}],"collection":[{"href":"https:\/\/imais.online\/portal\/wp-json\/wp\/v2\/posts"}],"about":[{"href":"https:\/\/imais.online\/portal\/wp-json\/wp\/v2\/types\/post"}],"author":[{"embeddable":true,"href":"https:\/\/imais.online\/portal\/wp-json\/wp\/v2\/users\/8"}],"replies":[{"embeddable":true,"href":"https:\/\/imais.online\/portal\/wp-json\/wp\/v2\/comments?post=25894"}],"version-history":[{"count":1,"href":"https:\/\/imais.online\/portal\/wp-json\/wp\/v2\/posts\/25894\/revisions"}],"predecessor-version":[{"id":25896,"href":"https:\/\/imais.online\/portal\/wp-json\/wp\/v2\/posts\/25894\/revisions\/25896"}],"wp:featuredmedia":[{"embeddable":true,"href":"https:\/\/imais.online\/portal\/wp-json\/wp\/v2\/media\/25895"}],"wp:attachment":[{"href":"https:\/\/imais.online\/portal\/wp-json\/wp\/v2\/media?parent=25894"}],"wp:term":[{"taxonomy":"category","embeddable":true,"href":"https:\/\/imais.online\/portal\/wp-json\/wp\/v2\/categories?post=25894"},{"taxonomy":"post_tag","embeddable":true,"href":"https:\/\/imais.online\/portal\/wp-json\/wp\/v2\/tags?post=25894"}],"curies":[{"name":"wp","href":"https:\/\/api.w.org\/{rel}","templated":true}]}}