{"id":25900,"date":"2025-02-25T11:00:58","date_gmt":"2025-02-25T14:00:58","guid":{"rendered":"https:\/\/imais.online\/portal\/?p=25900"},"modified":"2025-02-25T11:00:59","modified_gmt":"2025-02-25T14:00:59","slug":"morre-roberta-flack-cantora-de-killing-me-softly-with-his-song","status":"publish","type":"post","link":"https:\/\/imais.online\/portal\/morre-roberta-flack-cantora-de-killing-me-softly-with-his-song\/","title":{"rendered":"Morre Roberta Flack, cantora de &#8216;Killing Me Softly With His Song&#8217;"},"content":{"rendered":"<div class=\"imais-before-content-placement\" id=\"imais-3561053857\"><script async src=\"\/\/pagead2.googlesyndication.com\/pagead\/js\/adsbygoogle.js?client=ca-pub-8787528412751566\" crossorigin=\"anonymous\"><\/script><ins class=\"adsbygoogle\" style=\"display:block;\" data-ad-client=\"ca-pub-8787528412751566\" \ndata-ad-slot=\"\" \ndata-ad-format=\"auto\"><\/ins>\n<script> \n(adsbygoogle = window.adsbygoogle || []).push({}); \n<\/script>\n<\/div>\n<h2 class=\"wp-block-heading\">A cantora de soul e R&amp;B tinha 88 anos.<\/h2>\n\n\n\n<p><strong>A<\/strong>m\u00fasica perdeu uma de suas maiores vozes. Roberta Flack, c\u00e9lebre int\u00e9rprete do sucesso &#8220;Killing Me Softly With His Song&#8221;, faleceu nesta segunda-feira, 24 de fevereiro de 2025, aos 88 anos.<\/p>\n\n\n\n<p>Segundo comunicado divulgado pela porta-voz da cantora, Elaine Schock, Flack morreu pacificamente em sua casa, cercada por familiares.<\/p>\n\n\n\n<p>&#8220;Estamos de cora\u00e7\u00e3o partido ap\u00f3s a gloriosa Roberta Flack ter nos deixado. Roberta quebrou barreiras e recordes. Ela tamb\u00e9m foi uma educadora que sempre teve orgulho do seu legado&#8221;, diz o comunicado.<\/p>\n\n\n\n<p><br><strong>Legado musical e trajet\u00f3ria marcante<br><\/strong>Nascida em 1937, em Black Mountain, Carolina do Norte, Roberta Flack cresceu em um ambiente musical. Sua m\u00e3e tocava \u00f3rg\u00e3o na igreja e, desde cedo, ela demonstrou grande talento para a m\u00fasica.<\/p>\n\n\n\n<p>Aos nove anos, come\u00e7ou a tocar piano, e, aos 15, foi aceita na Howard University, onde estudou m\u00fasica, tornando-se uma das mais jovens estudantes da hist\u00f3ria da institui\u00e7\u00e3o.<\/p>\n\n\n\n<p>Ao concluir seus estudos aos 19 anos, Flack aspirava ser cantora de \u00f3pera e deu in\u00edcio \u00e0 carreira como professora, conciliando suas aulas com apresenta\u00e7\u00f5es em clubes noturnos durante a noite e nos fins de semana.<\/p>\n\n\n\n<p><strong>Primeiro \u00e1lbum e sucesso mundial<\/strong><br>Em 1969, Roberta Flack gravou seu primeiro \u00e1lbum, intitulado &#8220;First Take&#8221;, em apenas 10 horas. Sua voz marcante e talento musical rapidamente a levaram ao estrelato.<\/p>\n\n\n\n<p>Em 1974, ela ganhou um Grammy Award pelo cl\u00e1ssico &#8220;Killing Me Softly With His Song&#8221;, tornando-se a primeira artista a vencer a categoria por cinco anos consecutivos.<\/p>\n\n\n\n<p><strong>Problemas de sa\u00fade e despedida dos palcos<\/strong><br>Flack se afastou dos palcos em 2018, ap\u00f3s seu representante revelar que a cantora havia sofrido um acidente vascular cerebral (AVC) alguns anos antes. Em 2022, anunciou ter sido diagnosticada com esclerose lateral amiotr\u00f3fica (ELA), doen\u00e7a que a impediu de continuar cantando.<\/p>\n\n\n\n<p>Roberta Flack foi casada uma vez, em 1966, com o m\u00fasico de jazz Steve Novosel, de quem se divorciou em 1972. Ela deixa um \u00fanico filho, o tamb\u00e9m m\u00fasico Bernard Wright.<\/p>\n\n\n\n<p>O legado de Roberta Flack continua vivo por meio de suas m\u00fasicas atemporais e pela inspira\u00e7\u00e3o que trouxe a artistas de diferentes gera\u00e7\u00f5es.<\/p>\n\n\n\n<p>Fonte Not\u00edcias ao Minuto <\/p>\n","protected":false},"excerpt":{"rendered":"<p>A cantora de soul e R&amp;B tinha 88 anos. Am\u00fasica perdeu uma de suas maiores vozes. Roberta Flack, c\u00e9lebre int\u00e9rprete do sucesso &#8220;Killing Me Softly With His Song&#8221;, faleceu nesta segunda-feira, 24 de fevereiro de 2025, aos 88 anos. Segundo comunicado divulgado pela porta-voz da cantora, Elaine Schock, Flack morreu pacificamente em sua casa, cercada [&hellip;]<\/p>\n","protected":false},"author":8,"featured_media":25901,"comment_status":"closed","ping_status":"open","sticky":false,"template":"","format":"standard","meta":{"rop_custom_images_group":[],"rop_custom_messages_group":[],"rop_publish_now":"initial","rop_publish_now_accounts":[],"rop_publish_now_history":[],"rop_publish_now_status":"pending","footnotes":""},"categories":[237],"tags":[],"class_list":["post-25900","post","type-post","status-publish","format-standard","has-post-thumbnail","hentry","category-luto"],"amp_enabled":true,"_links":{"self":[{"href":"https:\/\/imais.online\/portal\/wp-json\/wp\/v2\/posts\/25900","targetHints":{"allow":["GET"]}}],"collection":[{"href":"https:\/\/imais.online\/portal\/wp-json\/wp\/v2\/posts"}],"about":[{"href":"https:\/\/imais.online\/portal\/wp-json\/wp\/v2\/types\/post"}],"author":[{"embeddable":true,"href":"https:\/\/imais.online\/portal\/wp-json\/wp\/v2\/users\/8"}],"replies":[{"embeddable":true,"href":"https:\/\/imais.online\/portal\/wp-json\/wp\/v2\/comments?post=25900"}],"version-history":[{"count":1,"href":"https:\/\/imais.online\/portal\/wp-json\/wp\/v2\/posts\/25900\/revisions"}],"predecessor-version":[{"id":25902,"href":"https:\/\/imais.online\/portal\/wp-json\/wp\/v2\/posts\/25900\/revisions\/25902"}],"wp:featuredmedia":[{"embeddable":true,"href":"https:\/\/imais.online\/portal\/wp-json\/wp\/v2\/media\/25901"}],"wp:attachment":[{"href":"https:\/\/imais.online\/portal\/wp-json\/wp\/v2\/media?parent=25900"}],"wp:term":[{"taxonomy":"category","embeddable":true,"href":"https:\/\/imais.online\/portal\/wp-json\/wp\/v2\/categories?post=25900"},{"taxonomy":"post_tag","embeddable":true,"href":"https:\/\/imais.online\/portal\/wp-json\/wp\/v2\/tags?post=25900"}],"curies":[{"name":"wp","href":"https:\/\/api.w.org\/{rel}","templated":true}]}}