{"id":25906,"date":"2025-02-25T11:14:51","date_gmt":"2025-02-25T14:14:51","guid":{"rendered":"https:\/\/imais.online\/portal\/?p=25906"},"modified":"2025-02-25T11:14:51","modified_gmt":"2025-02-25T14:14:51","slug":"mae-e-presa-por-abandonar-filho-de-8-anos-em-apartamento-por-tres-dias-em-americana","status":"publish","type":"post","link":"https:\/\/imais.online\/portal\/mae-e-presa-por-abandonar-filho-de-8-anos-em-apartamento-por-tres-dias-em-americana\/","title":{"rendered":"M\u00e3e \u00e9 presa por abandonar filho de 8 anos em apartamento por tr\u00eas dias em Americana"},"content":{"rendered":"<div class=\"imais-before-content-placement\" id=\"imais-2072039754\"><script async src=\"\/\/pagead2.googlesyndication.com\/pagead\/js\/adsbygoogle.js?client=ca-pub-8787528412751566\" crossorigin=\"anonymous\"><\/script><ins class=\"adsbygoogle\" style=\"display:block;\" data-ad-client=\"ca-pub-8787528412751566\" \ndata-ad-slot=\"\" \ndata-ad-format=\"auto\"><\/ins>\n<script> \n(adsbygoogle = window.adsbygoogle || []).push({}); \n<\/script>\n<\/div>\n<h2 class=\"wp-block-heading\">Guarda Civil encontrou porta aberta e crian\u00e7a tomando banho quando chegou ao local.<\/h2>\n\n\n\n<p>Uma&nbsp;m\u00e3e foi presa em flagrante nesta segunda-feira (24) ap\u00f3s abandonar o filho de aproximadamente 8 anos sozinho em um apartamento por tr\u00eas dias e meio, no Jardim Bertoni, em&nbsp;<a class=\"\" href=\"https:\/\/g1.globo.com\/sp\/campinas-regiao\/cidade\/americana\/\">Americana (SP)<\/a>.<\/p>\n\n\n\n<p>Segundo a Guarda Civil, ao chegar ao local, os&nbsp;agentes encontraram a porta do apartamento aberta e a crian\u00e7a tomando banho. Ao perguntar para a crian\u00e7a, o&nbsp;menino relatou&nbsp;que a m\u00e3e estava viajando e que ele se&nbsp;alimentou com um pacote de bolacha e um litro de leite.<\/p>\n\n\n\n<p>O menino relatou que sua m\u00e3e estava viajando h\u00e1 tr\u00eas dias e meio e que, nesse per\u00edodo,\u00a0se alimentou apenas com um pacote de bolacha e um litro de leite.<\/p>\n\n\n\n<figure class=\"wp-block-image\"><img decoding=\"async\" src=\"https:\/\/s2-g1.glbimg.com\/aI7kiJZbxCVxiNW41strjYxidbs=\/0x0:1057x1428\/984x0\/smart\/filters:strip_icc()\/i.s3.glbimg.com\/v1\/AUTH_59edd422c0c84a879bd37670ae4f538a\/internal_photos\/bs\/2025\/x\/Q\/BdGFs9RBKeGY2kgsxeeA\/gm-americana-3-.jpeg\" alt=\"M\u00e3e \u00e9 presa por abandonar filho de 8 anos em apartamento por tr\u00eas dias em Americana. \u2014 Foto: Guarda Municipal de Americana\"\/><\/figure>\n\n\n\n<p class=\"has-small-font-size\">M\u00e3e \u00e9 presa por abandonar filho de 8 anos em apartamento por tr\u00eas dias em Americana. \u2014 Foto: Guarda Municipal de Americana<\/p>\n\n\n\n<p>A crian\u00e7a tamb\u00e9m relatou que tem outros tr\u00eas irm\u00e3os mais novos, de 4 anos, 6 anos e 6 meses. Eles estavam sob os cuidados dos pais, j\u00e1 que eles possuem pais diferentes.<\/p>\n\n\n\n<p>Os pais das outras crian\u00e7as foram localizados pelo Conselho Tutelar que passou a guarda das crian\u00e7as para eles. O&nbsp;menino que estava no apartamento foi levado a um abrigo&nbsp;por n\u00e3o ter nenhum respons\u00e1vel dispon\u00edvel no momento em que foi encontrado.<\/p>\n\n\n\n<p>Enquanto as autoridades registravam o caso no plant\u00e3o policial, a m\u00e3e da crian\u00e7a compareceu ao Conselho Tutelar.\u00a0Ela foi detida e encaminhada ao Centro de Pol\u00edcia Judici\u00e1ria (CPJ), onde foi autuada em flagrante pelos crimes cometidos.<\/p>\n\n\n\n<figure class=\"wp-block-image\"><img decoding=\"async\" src=\"https:\/\/s2-g1.glbimg.com\/vMJFrj0_rwtDMYCge-l6fskN_FM=\/0x0:1051x1428\/984x0\/smart\/filters:strip_icc()\/i.s3.glbimg.com\/v1\/AUTH_59edd422c0c84a879bd37670ae4f538a\/internal_photos\/bs\/2025\/K\/f\/yqCBrJQteBDHWDVzdwJA\/gm-americana-2-.jpeg\" alt=\"M\u00e3e \u00e9 presa por abandonar filho de 8 anos em apartamento por tr\u00eas dias em Americana \u2014 Foto: Guarda Municipal de Americana\"\/><\/figure>\n\n\n\n<p class=\"has-small-font-size\">M\u00e3e \u00e9 presa por abandonar filho de 8 anos em apartamento por tr\u00eas dias em Americana \u2014 Foto: Guarda Municipal de Americana<\/p>\n\n\n\n<p>Fonte EPTV  <\/p>\n","protected":false},"excerpt":{"rendered":"<p>Guarda Civil encontrou porta aberta e crian\u00e7a tomando banho quando chegou ao local. Uma&nbsp;m\u00e3e foi presa em flagrante nesta segunda-feira (24) ap\u00f3s abandonar o filho de aproximadamente 8 anos sozinho em um apartamento por tr\u00eas dias e meio, no Jardim Bertoni, em&nbsp;Americana (SP). Segundo a Guarda Civil, ao chegar ao local, os&nbsp;agentes encontraram a porta [&hellip;]<\/p>\n","protected":false},"author":8,"featured_media":25907,"comment_status":"closed","ping_status":"open","sticky":false,"template":"","format":"standard","meta":{"rop_custom_images_group":[],"rop_custom_messages_group":[],"rop_publish_now":"initial","rop_publish_now_accounts":[],"rop_publish_now_history":[],"rop_publish_now_status":"pending","footnotes":""},"categories":[194],"tags":[],"class_list":["post-25906","post","type-post","status-publish","format-standard","has-post-thumbnail","hentry","category-regia"],"amp_enabled":true,"_links":{"self":[{"href":"https:\/\/imais.online\/portal\/wp-json\/wp\/v2\/posts\/25906","targetHints":{"allow":["GET"]}}],"collection":[{"href":"https:\/\/imais.online\/portal\/wp-json\/wp\/v2\/posts"}],"about":[{"href":"https:\/\/imais.online\/portal\/wp-json\/wp\/v2\/types\/post"}],"author":[{"embeddable":true,"href":"https:\/\/imais.online\/portal\/wp-json\/wp\/v2\/users\/8"}],"replies":[{"embeddable":true,"href":"https:\/\/imais.online\/portal\/wp-json\/wp\/v2\/comments?post=25906"}],"version-history":[{"count":1,"href":"https:\/\/imais.online\/portal\/wp-json\/wp\/v2\/posts\/25906\/revisions"}],"predecessor-version":[{"id":25908,"href":"https:\/\/imais.online\/portal\/wp-json\/wp\/v2\/posts\/25906\/revisions\/25908"}],"wp:featuredmedia":[{"embeddable":true,"href":"https:\/\/imais.online\/portal\/wp-json\/wp\/v2\/media\/25907"}],"wp:attachment":[{"href":"https:\/\/imais.online\/portal\/wp-json\/wp\/v2\/media?parent=25906"}],"wp:term":[{"taxonomy":"category","embeddable":true,"href":"https:\/\/imais.online\/portal\/wp-json\/wp\/v2\/categories?post=25906"},{"taxonomy":"post_tag","embeddable":true,"href":"https:\/\/imais.online\/portal\/wp-json\/wp\/v2\/tags?post=25906"}],"curies":[{"name":"wp","href":"https:\/\/api.w.org\/{rel}","templated":true}]}}