{"id":25912,"date":"2025-02-25T11:20:30","date_gmt":"2025-02-25T14:20:30","guid":{"rendered":"https:\/\/imais.online\/portal\/?p=25912"},"modified":"2025-02-26T08:35:47","modified_gmt":"2025-02-26T11:35:47","slug":"festa-do-peao-de-americana-anuncia-lista-completa-de-shows-da-edicao-2025-confira-atracoes-por-dia","status":"publish","type":"post","link":"https:\/\/imais.online\/portal\/festa-do-peao-de-americana-anuncia-lista-completa-de-shows-da-edicao-2025-confira-atracoes-por-dia\/","title":{"rendered":"Festa do Pe\u00e3o de Americana anuncia lista completa de shows da edi\u00e7\u00e3o 2025; confira atra\u00e7\u00f5es por dia"},"content":{"rendered":"<div class=\"imais-before-content-placement\" id=\"imais-554139369\"><script async src=\"\/\/pagead2.googlesyndication.com\/pagead\/js\/adsbygoogle.js?client=ca-pub-8787528412751566\" crossorigin=\"anonymous\"><\/script><ins class=\"adsbygoogle\" style=\"display:block;\" data-ad-client=\"ca-pub-8787528412751566\" \ndata-ad-slot=\"\" \ndata-ad-format=\"auto\"><\/ins>\n<script> \n(adsbygoogle = window.adsbygoogle || []).push({}); \n<\/script>\n<\/div>\n<h2 class=\"wp-block-heading\">Entre os nomes est\u00e3o Zez\u00e9 Di Camargo e Luciano, Ana Castela, Luan Santana, Jorge e Mateus, Henrique e Juliano, Gustavo Mioto, Z\u00e9 Neto e Cristiano e Lauana Prado.<\/h2>\n\n\n\n<p>A Festa do Pe\u00e3o de\u00a0Americana (SP)\u00a0divulgou as atra\u00e7\u00f5es por dia do evento em 2025, nesta segunda-feira (24).<\/p>\n\n\n\n<p>Entre os nomes que estar\u00e3o presentes nesta edi\u00e7\u00e3o do rodeio, que \u00e9 um dos maiores do Brasil, est\u00e3o Zez\u00e9 Di Camargo e Luciano, Ana Castela, Luan Santana, Jorge e Mateus, Henrique e Juliano, Gustavo Mioto, Z\u00e9 Neto e Cristiano e Lauana Prado.<\/p>\n\n\n\n<p>O evento acontece de 6 a 15 de junho. A data de in\u00edcio da venda de ingressos ainda n\u00e3o foi divulgada.<\/p>\n\n\n\n<h2 class=\"wp-block-heading\"><strong>Confira as atra\u00e7\u00f5es por dia:<\/strong><\/h2>\n\n\n\n<p><strong>\ud83c\udfa4 06 de junho (sexta)<\/strong><\/p>\n\n\n\n<ul class=\"wp-block-list\">\n<li>Henrique &amp; Juliano<\/li>\n\n\n\n<li>Nattan<\/li>\n<\/ul>\n\n\n\n<p><strong>\ud83c\udfa4 07 de junho (s\u00e1bado)<\/strong><\/p>\n\n\n\n<ul class=\"wp-block-list\">\n<li>Lauana Prado<\/li>\n\n\n\n<li>Alok<\/li>\n\n\n\n<li>Z\u00e9 Neto &amp; Cristiano<\/li>\n\n\n\n<li>Diego &amp; Arnaldo<\/li>\n<\/ul>\n\n\n\n<p><strong>\ud83c\udfa4 08 de junho (domingo)<\/strong><\/p>\n\n\n\n<ul class=\"wp-block-list\">\n<li>Gustavo Miotto<\/li>\n\n\n\n<li>Zez\u00e9 Di Camargo &amp; Luciano<\/li>\n<\/ul>\n\n\n\n<p>\ud83c\udfa4<strong>&nbsp;13 de junho (sexta)<\/strong><\/p>\n\n\n\n<ul class=\"wp-block-list\">\n<li>Ana Castela<\/li>\n\n\n\n<li>Murilo Huff<\/li>\n\n\n\n<li>Edson &amp; Hudson<\/li>\n<\/ul>\n\n\n\n<p>\ud83c\udfa4<strong>&nbsp;14 de junho (s\u00e1bado)<\/strong><\/p>\n\n\n\n<ul class=\"wp-block-list\">\n<li>Jorge &amp; Mateus (part. Pedro Libe)<\/li>\n\n\n\n<li>Luan Santana<\/li>\n\n\n\n<li>Sami Rico<\/li>\n\n\n\n<li>Clayton &amp; Rom\u00e1rio<\/li>\n<\/ul>\n\n\n\n<p>\ud83c\udfa4<strong>&nbsp;15 de junho (domingo)<\/strong><\/p>\n\n\n\n<ul class=\"wp-block-list\">\n<li>C\u00e9sar Menotti &amp; Fabiano<\/li>\n\n\n\n<li>Guilherme &amp; Santiago<\/li>\n<\/ul>\n\n\n\n<p>Fonte EPTV <\/p>\n","protected":false},"excerpt":{"rendered":"<p>Entre os nomes est\u00e3o Zez\u00e9 Di Camargo e Luciano, Ana Castela, Luan Santana, Jorge e Mateus, Henrique e Juliano, Gustavo Mioto, Z\u00e9 Neto e Cristiano e Lauana Prado. A Festa do Pe\u00e3o de\u00a0Americana (SP)\u00a0divulgou as atra\u00e7\u00f5es por dia do evento em 2025, nesta segunda-feira (24). Entre os nomes que estar\u00e3o presentes nesta edi\u00e7\u00e3o do rodeio, [&hellip;]<\/p>\n","protected":false},"author":8,"featured_media":25913,"comment_status":"closed","ping_status":"open","sticky":false,"template":"","format":"standard","meta":{"rop_custom_images_group":[],"rop_custom_messages_group":[],"rop_publish_now":"initial","rop_publish_now_accounts":[],"rop_publish_now_history":[],"rop_publish_now_status":"pending","footnotes":""},"categories":[194],"tags":[],"class_list":["post-25912","post","type-post","status-publish","format-standard","has-post-thumbnail","hentry","category-regia"],"amp_enabled":true,"_links":{"self":[{"href":"https:\/\/imais.online\/portal\/wp-json\/wp\/v2\/posts\/25912","targetHints":{"allow":["GET"]}}],"collection":[{"href":"https:\/\/imais.online\/portal\/wp-json\/wp\/v2\/posts"}],"about":[{"href":"https:\/\/imais.online\/portal\/wp-json\/wp\/v2\/types\/post"}],"author":[{"embeddable":true,"href":"https:\/\/imais.online\/portal\/wp-json\/wp\/v2\/users\/8"}],"replies":[{"embeddable":true,"href":"https:\/\/imais.online\/portal\/wp-json\/wp\/v2\/comments?post=25912"}],"version-history":[{"count":2,"href":"https:\/\/imais.online\/portal\/wp-json\/wp\/v2\/posts\/25912\/revisions"}],"predecessor-version":[{"id":25923,"href":"https:\/\/imais.online\/portal\/wp-json\/wp\/v2\/posts\/25912\/revisions\/25923"}],"wp:featuredmedia":[{"embeddable":true,"href":"https:\/\/imais.online\/portal\/wp-json\/wp\/v2\/media\/25913"}],"wp:attachment":[{"href":"https:\/\/imais.online\/portal\/wp-json\/wp\/v2\/media?parent=25912"}],"wp:term":[{"taxonomy":"category","embeddable":true,"href":"https:\/\/imais.online\/portal\/wp-json\/wp\/v2\/categories?post=25912"},{"taxonomy":"post_tag","embeddable":true,"href":"https:\/\/imais.online\/portal\/wp-json\/wp\/v2\/tags?post=25912"}],"curies":[{"name":"wp","href":"https:\/\/api.w.org\/{rel}","templated":true}]}}