{"id":25915,"date":"2025-02-25T20:32:55","date_gmt":"2025-02-25T23:32:55","guid":{"rendered":"https:\/\/imais.online\/portal\/?p=25915"},"modified":"2025-02-25T20:32:56","modified_gmt":"2025-02-25T23:32:56","slug":"carnaval-do-polo-shopping-tera-bloquinho-bateria-e-a-presenca-da-capivara-mona","status":"publish","type":"post","link":"https:\/\/imais.online\/portal\/carnaval-do-polo-shopping-tera-bloquinho-bateria-e-a-presenca-da-capivara-mona\/","title":{"rendered":"Carnaval do Polo Shopping ter\u00e1 bloquinho, bateria e a presen\u00e7a da Capivara Mona"},"content":{"rendered":"<div class=\"imais-before-content-placement\" id=\"imais-1534865432\"><script async src=\"\/\/pagead2.googlesyndication.com\/pagead\/js\/adsbygoogle.js?client=ca-pub-8787528412751566\" crossorigin=\"anonymous\"><\/script><ins class=\"adsbygoogle\" style=\"display:block;\" data-ad-client=\"ca-pub-8787528412751566\" \ndata-ad-slot=\"\" \ndata-ad-format=\"auto\"><\/ins>\n<script> \n(adsbygoogle = window.adsbygoogle || []).push({}); \n<\/script>\n<\/div>\n<p class=\"has-text-align-center\"><em>Bloco Unidos do Polinho\u201d acontece pela segunda vez no empreendimento<\/em><\/p>\n\n\n\n<p>O Carnaval de 2025 promete muita anima\u00e7\u00e3o para as fam\u00edlias no Polo Shopping Indaiatuba. De 1 a 4 de mar\u00e7o, o evento <strong>\u201cBloco Unidos do Polinho\u201d<\/strong> vai movimentar o centro de compras, com Cortejos e Bailinhos de Carnaval para as crian\u00e7as. Os eventos acontecem na Pra\u00e7a Central e participa\u00e7\u00e3o \u00e9 gratuita.<\/p>\n\n\n\n<p>Nos dias 1 e 4 de mar\u00e7o, s\u00e1bado e ter\u00e7a-feira, acontecem os <strong>Cortejos de Carnaval<\/strong>, em duas sess\u00f5es di\u00e1rias, \u00e0s 15h e \u00e0s 18h. O evento ser\u00e1 conduzido pela <strong>Bateria Classe A<\/strong>, grupo de samba indaiatubano, que far\u00e1 um desfile completo pelo shopping, embalando o p\u00fablico com grandes sucessos carnavalescos e interagindo com os participantes. O cortejo contar\u00e1 com a presen\u00e7a de um casal de passistas e personagens ic\u00f4nicos do Carnaval, como Rei Momo, Carmen Miranda, Arlequim e Colombina. Depois do desfile, o evento continua na Pra\u00e7a Central, onde o p\u00fablico presente poder\u00e1 dan\u00e7ar e se divertir ao som da bateria.<\/p>\n\n\n\n<p>J\u00e1 nos dias 2 e 3 de mar\u00e7o, domingo e segunda-feira, o Polo Shopping Indaiatuba realizar\u00e1 o <strong>Bailinho de Carnaval<\/strong>, tamb\u00e9m com duas sess\u00f5es di\u00e1rias, \u00e0s 16h30 e 18h30. O evento contar\u00e1 com m\u00fasicas carnavalescas, brincadeiras, personagens divertidos e muito confete e serpentina para as crian\u00e7as.<\/p>\n\n\n\n<p>O grande destaque do bailinho ser\u00e1 a participa\u00e7\u00e3o especial da <strong>Capivara Mona<\/strong>, personagem piracicabana que conquistou a internet no Natal de 2023 e virou um fen\u00f4meno de popularidade nas redes sociais. Mona estar\u00e1 presente no evento dan\u00e7ando e interagindo com os foli\u00f5es mirins.<\/p>\n\n\n\n<figure class=\"wp-block-video\"><video height=\"640\" style=\"aspect-ratio: 360 \/ 640;\" width=\"360\" controls src=\"https:\/\/imais.online\/portal\/wp-content\/uploads\/2025\/02\/WhatsApp-Video-2025-02-25-at-12.01.22.mp4\"><\/video><\/figure>\n\n\n\n<p>\u201cNos \u00faltimos anos, estamos consolidando uma programa\u00e7\u00e3o de Carnaval l\u00fadica e segura para as fam\u00edlias, com o melhor que a data pode oferecer: samba, m\u00fasicas carnavalescas, personagens cl\u00e1ssicos e atuais, tudo cuidadosamente pensado para a divers\u00e3o saud\u00e1vel das crian\u00e7as\u201d, comenta Andr\u00e9a Fernandes, gerente de marketing do Polo Shopping Indaiatuba.<\/p>\n\n\n\n<p><strong><u>Servi\u00e7o<\/u><\/strong><\/p>\n\n\n\n<h3 class=\"wp-block-heading\"><a><\/a><strong><u>Cortejo de Carnaval com Bateria Classe A<\/u><\/strong><strong><u><\/u><\/strong><\/h3>\n\n\n\n<ul class=\"wp-block-list\">\n<li><strong>Datas:<\/strong> 1 e 4 de mar\u00e7o (s\u00e1bado e ter\u00e7a-feira)<\/li>\n\n\n\n<li><strong>Hor\u00e1rios:<\/strong> das 15h \u00e0s 16h e das 18h \u00e0s 19h<\/li>\n\n\n\n<li><strong>Local:<\/strong> Pra\u00e7a Central do Polo Shopping Indaiatuba<\/li>\n\n\n\n<li><strong>Participa\u00e7\u00e3o gratuita<\/strong><\/li>\n<\/ul>\n\n\n\n<h3 class=\"wp-block-heading\"><a><\/a><strong><u>Bailinho de Carnaval com a presen\u00e7a da Capivara Mona<\/u><\/strong><\/h3>\n\n\n\n<ul class=\"wp-block-list\">\n<li><strong>Datas:<\/strong> 2 e 3 de mar\u00e7o (domingo e segunda-feira)<\/li>\n\n\n\n<li><strong>Hor\u00e1rios:<\/strong> das 16h30 \u00e0s 17h40 e das 18h30 \u00e0s 19h40<\/li>\n\n\n\n<li><strong>Local:<\/strong> Pra\u00e7a Central do Polo Shopping Indaiatuba<\/li>\n\n\n\n<li><strong>Participa\u00e7\u00e3o gratuita<\/strong><\/li>\n<\/ul>\n","protected":false},"excerpt":{"rendered":"<p>Bloco Unidos do Polinho\u201d acontece pela segunda vez no empreendimento O Carnaval de 2025 promete muita anima\u00e7\u00e3o para as fam\u00edlias no Polo Shopping Indaiatuba. De 1 a 4 de mar\u00e7o, o evento \u201cBloco Unidos do Polinho\u201d vai movimentar o centro de compras, com Cortejos e Bailinhos de Carnaval para as crian\u00e7as. Os eventos acontecem na [&hellip;]<\/p>\n","protected":false},"author":7,"featured_media":25918,"comment_status":"closed","ping_status":"open","sticky":false,"template":"","format":"standard","meta":{"rop_custom_images_group":[],"rop_custom_messages_group":[],"rop_publish_now":"initial","rop_publish_now_accounts":[],"rop_publish_now_history":[],"rop_publish_now_status":"pending","footnotes":""},"categories":[264,188],"tags":[],"class_list":["post-25915","post","type-post","status-publish","format-standard","has-post-thumbnail","hentry","category-carnaval","category-indaiatuba"],"amp_enabled":true,"_links":{"self":[{"href":"https:\/\/imais.online\/portal\/wp-json\/wp\/v2\/posts\/25915","targetHints":{"allow":["GET"]}}],"collection":[{"href":"https:\/\/imais.online\/portal\/wp-json\/wp\/v2\/posts"}],"about":[{"href":"https:\/\/imais.online\/portal\/wp-json\/wp\/v2\/types\/post"}],"author":[{"embeddable":true,"href":"https:\/\/imais.online\/portal\/wp-json\/wp\/v2\/users\/7"}],"replies":[{"embeddable":true,"href":"https:\/\/imais.online\/portal\/wp-json\/wp\/v2\/comments?post=25915"}],"version-history":[{"count":1,"href":"https:\/\/imais.online\/portal\/wp-json\/wp\/v2\/posts\/25915\/revisions"}],"predecessor-version":[{"id":25919,"href":"https:\/\/imais.online\/portal\/wp-json\/wp\/v2\/posts\/25915\/revisions\/25919"}],"wp:featuredmedia":[{"embeddable":true,"href":"https:\/\/imais.online\/portal\/wp-json\/wp\/v2\/media\/25918"}],"wp:attachment":[{"href":"https:\/\/imais.online\/portal\/wp-json\/wp\/v2\/media?parent=25915"}],"wp:term":[{"taxonomy":"category","embeddable":true,"href":"https:\/\/imais.online\/portal\/wp-json\/wp\/v2\/categories?post=25915"},{"taxonomy":"post_tag","embeddable":true,"href":"https:\/\/imais.online\/portal\/wp-json\/wp\/v2\/tags?post=25915"}],"curies":[{"name":"wp","href":"https:\/\/api.w.org\/{rel}","templated":true}]}}