{"id":25942,"date":"2025-02-27T11:00:39","date_gmt":"2025-02-27T14:00:39","guid":{"rendered":"https:\/\/imais.online\/portal\/?p=25942"},"modified":"2025-02-27T11:00:40","modified_gmt":"2025-02-27T14:00:40","slug":"quaest-com-aprovacao-consolidada-tarcisio-seria-reeleito-em-1o-turno","status":"publish","type":"post","link":"https:\/\/imais.online\/portal\/quaest-com-aprovacao-consolidada-tarcisio-seria-reeleito-em-1o-turno\/","title":{"rendered":"Quaest: com aprova\u00e7\u00e3o consolidada, Tarc\u00edsio seria reeleito em 1\u00ba turno"},"content":{"rendered":"<div class=\"imais-before-content-placement\" id=\"imais-4115959401\"><script async src=\"\/\/pagead2.googlesyndication.com\/pagead\/js\/adsbygoogle.js?client=ca-pub-8787528412751566\" crossorigin=\"anonymous\"><\/script><ins class=\"adsbygoogle\" style=\"display:block;\" data-ad-client=\"ca-pub-8787528412751566\" \ndata-ad-slot=\"\" \ndata-ad-format=\"auto\"><\/ins>\n<script> \n(adsbygoogle = window.adsbygoogle || []).push({}); \n<\/script>\n<\/div>\n<p>Foram ouvidos 1.644 eleitores, entre os dias 19 e 23 fevereiro; margem de erro \u00e9 de dois pontos percentuais, para mais ou para menos<\/p>\n\n\n\n<p>Com aprova\u00e7\u00e3o consolidada no estado de S\u00e3o Paulo, o governador Tarc\u00edsio de Freitas (Republicanos) seria reeleito em 1\u00ba turno na elei\u00e7\u00e3o de 2026, segundo pesquisa Genial\/Quaest divulgada nesta quinta-feira (27).<\/p>\n\n\n\n<p>Para 55% dos entrevistados, Tarc\u00edsio merece ser reeleito. Os que discordam s\u00e3o 36%. N\u00e3o sabe ou n\u00e3o respondeu s\u00e3o 9%.<\/p>\n\n\n\n<h2 class=\"wp-block-heading\">Inten\u00e7\u00e3o de voto<\/h2>\n\n\n\n<p>O levantamento tamb\u00e9m testou um cen\u00e1rio com Tarc\u00edsio enfrentando tr\u00eas concorrentes ao Pal\u00e1cio dos Bandeirantes.<\/p>\n\n\n\n<p>No comparativo, o governador aparece com 38% das inten\u00e7\u00f5es de voto, mais do que Fernando Haddad (PT), Pablo Mar\u00e7al (PRTB) e M\u00e1rcio Fran\u00e7a (PSB) juntos.<\/p>\n\n\n\n<h3 class=\"wp-block-heading\">Confira:<\/h3>\n\n\n\n<ul class=\"wp-block-list\">\n<li><strong>Tarc\u00edsio de Freitas (Republicanos):<\/strong>&nbsp;38%<\/li>\n\n\n\n<li><strong>Fernando Haddad (PT):<\/strong>&nbsp;15%<\/li>\n\n\n\n<li><strong>Pablo Mar\u00e7al (PRTB):<\/strong>&nbsp;12%<\/li>\n\n\n\n<li><strong>M\u00e1rcio Fran\u00e7a (PSB):<\/strong>&nbsp;6%<\/li>\n\n\n\n<li><strong>Indecisos:<\/strong>&nbsp;8%<\/li>\n\n\n\n<li><strong>Branco\/nulo\/n\u00e3o vai votar:<\/strong>&nbsp;21%<\/li>\n<\/ul>\n\n\n\n<h2 class=\"wp-block-heading\">Aprova\u00e7\u00e3o do governo Tarc\u00edsio<\/h2>\n\n\n\n<p>Os que aprovam o governo Tarc\u00edsio s\u00e3o 61%, os que desaprovam ficam em 28%. J\u00e1 11% n\u00e3o sabem ou n\u00e3o responderam.<\/p>\n\n\n\n<h3 class=\"wp-block-heading\">Veja o comparativo:<\/h3>\n\n\n\n<ul class=\"wp-block-list\">\n<li><strong>Aprova:<\/strong>&nbsp;61% (61% em dezembro)<\/li>\n\n\n\n<li><strong>Desaprova:<\/strong>&nbsp;28% (26% em dezembro)<\/li>\n\n\n\n<li><strong>N\u00e3o sabe\/n\u00e3o respondeu:<\/strong>&nbsp;11% (12% em dezembro)<\/li>\n<\/ul>\n\n\n\n<h2 class=\"wp-block-heading\">Metodologia<\/h2>\n\n\n\n<p>Para o levantamento foram ouvidos 1.644 eleitores, entre os dias 19 e 23 fevereiro.<\/p>\n\n\n\n<p>A margem de erro \u00e9 de dois pontos percentuais, para mais ou para menos. O n\u00edvel de confian\u00e7a \u00e9 de 95%.<\/p>\n\n\n\n<p>Fonte CNN Brasil <\/p>\n","protected":false},"excerpt":{"rendered":"<p>Foram ouvidos 1.644 eleitores, entre os dias 19 e 23 fevereiro; margem de erro \u00e9 de dois pontos percentuais, para mais ou para menos Com aprova\u00e7\u00e3o consolidada no estado de S\u00e3o Paulo, o governador Tarc\u00edsio de Freitas (Republicanos) seria reeleito em 1\u00ba turno na elei\u00e7\u00e3o de 2026, segundo pesquisa Genial\/Quaest divulgada nesta quinta-feira (27). Para [&hellip;]<\/p>\n","protected":false},"author":8,"featured_media":25943,"comment_status":"closed","ping_status":"open","sticky":false,"template":"","format":"standard","meta":{"rop_custom_images_group":[],"rop_custom_messages_group":[],"rop_publish_now":"initial","rop_publish_now_accounts":[],"rop_publish_now_history":[],"rop_publish_now_status":"pending","footnotes":""},"categories":[233],"tags":[],"class_list":["post-25942","post","type-post","status-publish","format-standard","has-post-thumbnail","hentry","category-eleicoes"],"amp_enabled":true,"_links":{"self":[{"href":"https:\/\/imais.online\/portal\/wp-json\/wp\/v2\/posts\/25942","targetHints":{"allow":["GET"]}}],"collection":[{"href":"https:\/\/imais.online\/portal\/wp-json\/wp\/v2\/posts"}],"about":[{"href":"https:\/\/imais.online\/portal\/wp-json\/wp\/v2\/types\/post"}],"author":[{"embeddable":true,"href":"https:\/\/imais.online\/portal\/wp-json\/wp\/v2\/users\/8"}],"replies":[{"embeddable":true,"href":"https:\/\/imais.online\/portal\/wp-json\/wp\/v2\/comments?post=25942"}],"version-history":[{"count":1,"href":"https:\/\/imais.online\/portal\/wp-json\/wp\/v2\/posts\/25942\/revisions"}],"predecessor-version":[{"id":25944,"href":"https:\/\/imais.online\/portal\/wp-json\/wp\/v2\/posts\/25942\/revisions\/25944"}],"wp:featuredmedia":[{"embeddable":true,"href":"https:\/\/imais.online\/portal\/wp-json\/wp\/v2\/media\/25943"}],"wp:attachment":[{"href":"https:\/\/imais.online\/portal\/wp-json\/wp\/v2\/media?parent=25942"}],"wp:term":[{"taxonomy":"category","embeddable":true,"href":"https:\/\/imais.online\/portal\/wp-json\/wp\/v2\/categories?post=25942"},{"taxonomy":"post_tag","embeddable":true,"href":"https:\/\/imais.online\/portal\/wp-json\/wp\/v2\/tags?post=25942"}],"curies":[{"name":"wp","href":"https:\/\/api.w.org\/{rel}","templated":true}]}}