{"id":25952,"date":"2025-02-27T11:22:30","date_gmt":"2025-02-27T14:22:30","guid":{"rendered":"https:\/\/imais.online\/portal\/?p=25952"},"modified":"2025-02-27T11:22:31","modified_gmt":"2025-02-27T14:22:31","slug":"carnaval-2025-saiba-onde-assistir-aos-desfiles-das-escolas-de-samba-de-sp","status":"publish","type":"post","link":"https:\/\/imais.online\/portal\/carnaval-2025-saiba-onde-assistir-aos-desfiles-das-escolas-de-samba-de-sp\/","title":{"rendered":"Carnaval 2025: saiba onde assistir aos desfiles das escolas de samba de SP"},"content":{"rendered":"<div class=\"imais-before-content-placement\" id=\"imais-3897334783\"><script async src=\"\/\/pagead2.googlesyndication.com\/pagead\/js\/adsbygoogle.js?client=ca-pub-8787528412751566\" crossorigin=\"anonymous\"><\/script><ins class=\"adsbygoogle\" style=\"display:block;\" data-ad-client=\"ca-pub-8787528412751566\" \ndata-ad-slot=\"\" \ndata-ad-format=\"auto\"><\/ins>\n<script> \n(adsbygoogle = window.adsbygoogle || []).push({}); \n<\/script>\n<\/div>\n<p>Catorze escolas de samba comp\u00f5em o Grupo Especial e disputar\u00e3o o titulo deste ano na capital paulista<\/p>\n\n\n\n<p>Os\u00a0<strong>desfiles do Grupo Especial do Carnaval de S\u00e3o Paulo<\/strong>\u00a0come\u00e7am na noite desta sexta-feira (28), no Samb\u00f3dromo do Anhembi, localizado na zona norte da capital paulista. Com enredos que v\u00e3o de Cazuza ao manto tupinamb\u00e1, catorze escolas disputam o t\u00edtulo de campe\u00e3 da folia paulistana.<\/p>\n\n\n\n<p>Os ingressos j\u00e1 est\u00e3o esgotados, mas quem quiser curtir os desfiles tem a op\u00e7\u00e3o de assistir o que as escolas prepararam pela televis\u00e3o. A\u00a0<strong>TV Globo<\/strong>\u00a0transmite a primeira noite, nesta sexta-feira (28),\u00a0<strong>a partir das 22h55<\/strong>, logo ap\u00f3s o BBB 25; os cortejos do s\u00e1bado (1\u00ba) come\u00e7am meia hora mais cedo,\u00a0<strong>\u00e0s 22h25<\/strong>, tamb\u00e9m ap\u00f3s a exibi\u00e7\u00e3o do reality show da emissora carioca.<\/p>\n\n\n\n<p>No domingo (2), oito agremia\u00e7\u00f5es cruzam o Anhembi em busca do t\u00edtulo do Grupo de Acesso 1, dentre elas escolas tradicionais como a Nen\u00ea de Vila Matilde, a Unidos de Vila Maria e a Tom Maior. A transmiss\u00e3o da segunda divis\u00e3o\u00a0ficar\u00e1 a cargo da TV Brasil\u00a0e da pr\u00f3pria Liga Independente das Escolas de Samba de S\u00e3o Paulo (Liga-SP), que exibir\u00e1 os cortejos em\u00a0seu canal do YouTube.<\/p>\n\n\n\n<p>Os desfiles do Grupo Especial de Bairros, quarta divis\u00e3o do Carnaval de S\u00e3o Paulo, acontecem no domingo e na segunda-feira (3) e\u00a0ser\u00e3o transmitidos\u00a0gra\u00e7as a uma parceria firmada entre a TV Cultura e a Rede C\u00e2mara SP.<\/p>\n\n\n\n<p>Fonte CNN Brasil <\/p>\n","protected":false},"excerpt":{"rendered":"<p>Catorze escolas de samba comp\u00f5em o Grupo Especial e disputar\u00e3o o titulo deste ano na capital paulista Os\u00a0desfiles do Grupo Especial do Carnaval de S\u00e3o Paulo\u00a0come\u00e7am na noite desta sexta-feira (28), no Samb\u00f3dromo do Anhembi, localizado na zona norte da capital paulista. Com enredos que v\u00e3o de Cazuza ao manto tupinamb\u00e1, catorze escolas disputam o [&hellip;]<\/p>\n","protected":false},"author":8,"featured_media":25953,"comment_status":"closed","ping_status":"open","sticky":false,"template":"","format":"standard","meta":{"rop_custom_images_group":[],"rop_custom_messages_group":[],"rop_publish_now":"initial","rop_publish_now_accounts":[],"rop_publish_now_history":[],"rop_publish_now_status":"pending","footnotes":""},"categories":[264],"tags":[73],"class_list":["post-25952","post","type-post","status-publish","format-standard","has-post-thumbnail","hentry","category-carnaval","tag-featured"],"amp_enabled":true,"_links":{"self":[{"href":"https:\/\/imais.online\/portal\/wp-json\/wp\/v2\/posts\/25952","targetHints":{"allow":["GET"]}}],"collection":[{"href":"https:\/\/imais.online\/portal\/wp-json\/wp\/v2\/posts"}],"about":[{"href":"https:\/\/imais.online\/portal\/wp-json\/wp\/v2\/types\/post"}],"author":[{"embeddable":true,"href":"https:\/\/imais.online\/portal\/wp-json\/wp\/v2\/users\/8"}],"replies":[{"embeddable":true,"href":"https:\/\/imais.online\/portal\/wp-json\/wp\/v2\/comments?post=25952"}],"version-history":[{"count":1,"href":"https:\/\/imais.online\/portal\/wp-json\/wp\/v2\/posts\/25952\/revisions"}],"predecessor-version":[{"id":25954,"href":"https:\/\/imais.online\/portal\/wp-json\/wp\/v2\/posts\/25952\/revisions\/25954"}],"wp:featuredmedia":[{"embeddable":true,"href":"https:\/\/imais.online\/portal\/wp-json\/wp\/v2\/media\/25953"}],"wp:attachment":[{"href":"https:\/\/imais.online\/portal\/wp-json\/wp\/v2\/media?parent=25952"}],"wp:term":[{"taxonomy":"category","embeddable":true,"href":"https:\/\/imais.online\/portal\/wp-json\/wp\/v2\/categories?post=25952"},{"taxonomy":"post_tag","embeddable":true,"href":"https:\/\/imais.online\/portal\/wp-json\/wp\/v2\/tags?post=25952"}],"curies":[{"name":"wp","href":"https:\/\/api.w.org\/{rel}","templated":true}]}}