{"id":25962,"date":"2025-02-28T06:38:16","date_gmt":"2025-02-28T09:38:16","guid":{"rendered":"https:\/\/imais.online\/portal\/?p=25962"},"modified":"2025-02-28T06:38:17","modified_gmt":"2025-02-28T09:38:17","slug":"policia-de-sp-prende-integrantes-de-quadrilha-de-furto-e-desmanche-de-veiculos-de-luxo","status":"publish","type":"post","link":"https:\/\/imais.online\/portal\/policia-de-sp-prende-integrantes-de-quadrilha-de-furto-e-desmanche-de-veiculos-de-luxo\/","title":{"rendered":"Pol\u00edcia de SP prende integrantes de quadrilha de furto e desmanche de ve\u00edculos de luxo"},"content":{"rendered":"<div class=\"imais-before-content-placement\" id=\"imais-1391537042\"><script async src=\"\/\/pagead2.googlesyndication.com\/pagead\/js\/adsbygoogle.js?client=ca-pub-8787528412751566\" crossorigin=\"anonymous\"><\/script><ins class=\"adsbygoogle\" style=\"display:block;\" data-ad-client=\"ca-pub-8787528412751566\" \ndata-ad-slot=\"\" \ndata-ad-format=\"auto\"><\/ins>\n<script> \n(adsbygoogle = window.adsbygoogle || []).push({}); \n<\/script>\n<\/div>\n<p class=\"has-text-align-center\">Suspeitos utilizavam uma oficina em Diadema para comercializar as pe\u00e7as de forma ilegal<\/p>\n\n\n\n<p>Tr\u00eas homens que integram uma quadrilha especializada de furto e desmanche de ve\u00edculos esportivos de luxo foram presos nesta quinta-feira (27) na Cidade Ademar, em S\u00e3o Paulo, e em Diadema, na regi\u00e3o metropolitana da capital. Os suspeitos utilizavam uma oficina para comercializar de forma ilegal as pe\u00e7as desmontadas. Um dos detidos havia participado do furto de seis carros em um estacionamento na zona sul da cidade, em janeiro.<\/p>\n\n\n\n<p>As pris\u00f5es foram realizadas durante a opera\u00e7\u00e3o 60 segundos, deflagrada por policiais da 1\u00aa Delegacia da Divis\u00e3o de Investiga\u00e7\u00f5es sobre Furtos, Roubos e Recepta\u00e7\u00f5es de Ve\u00edculos e Cargas (Divecar), do Departamento Estadual de Investiga\u00e7\u00f5es Criminais (Deic). No total, sete pessoas do alto escal\u00e3o da quadrilha s\u00e3o investigadas por furtar, fazer o desmanche e vender as pe\u00e7as dos ve\u00edculos, com cada integrante tendo uma fun\u00e7\u00e3o espec\u00edfica no esquema.<\/p>\n\n\n\n<p>Nesta quinta-feira (27), foram cumpridos um mandado de pris\u00e3o tempor\u00e1ria e oito mandados de busca e apreens\u00e3o. O homem procurado pela Justi\u00e7a foi encontrado no centro de Diadema. Ele j\u00e1 era investigado pela participa\u00e7\u00e3o no furto de seis ve\u00edculos de luxo em um estacionamento na Vila Funchal, na zona sul da capital, no m\u00eas passado. Um dia ap\u00f3s o crime, um homem foi detido e todos os ve\u00edculos foram recuperados. Os carros foram encontrados nos bairros de Santo Amaro, Jabaquara, Planalto Paulista, Vila Congonhas e Brooklyn.<\/p>\n\n\n\n<p>Durante a a\u00e7\u00e3o, os policiais tamb\u00e9m descobriram uma oficina no bairro Serraria, em Diadema, onde acontecia o desmonte e a adultera\u00e7\u00e3o de chassi de ve\u00edculos furtados ou roubados. Tr\u00eas carros foram apreendidos. O respons\u00e1vel acabou autuado em flagrante por adultera\u00e7\u00e3o de sinal identificador de ve\u00edculo automotor. O outro integrante foi preso por posse de muni\u00e7\u00f5es de diversos calibres em um im\u00f3vel na Cidade Ademar.<\/p>\n\n\n\n<p>Os representantes das marcas v\u00e3o ser contatados, por meio da numera\u00e7\u00e3o de s\u00e9rie, para identificar os propriet\u00e1rios. O bando responder\u00e1 por crimes de furto, roubo, recepta\u00e7\u00e3o e associa\u00e7\u00e3o criminosa. A pol\u00edcia trabalha para localizar os demais integrantes da quadrilha.<\/p>\n","protected":false},"excerpt":{"rendered":"<p>Suspeitos utilizavam uma oficina em Diadema para comercializar as pe\u00e7as de forma ilegal Tr\u00eas homens que integram uma quadrilha especializada de furto e desmanche de ve\u00edculos esportivos de luxo foram presos nesta quinta-feira (27) na Cidade Ademar, em S\u00e3o Paulo, e em Diadema, na regi\u00e3o metropolitana da capital. Os suspeitos utilizavam uma oficina para comercializar [&hellip;]<\/p>\n","protected":false},"author":7,"featured_media":25963,"comment_status":"closed","ping_status":"open","sticky":false,"template":"","format":"standard","meta":{"rop_custom_images_group":[],"rop_custom_messages_group":[],"rop_publish_now":"initial","rop_publish_now_accounts":[],"rop_publish_now_history":[],"rop_publish_now_status":"pending","footnotes":""},"categories":[195],"tags":[73],"class_list":["post-25962","post","type-post","status-publish","format-standard","has-post-thumbnail","hentry","category-sao-paulo","tag-featured"],"amp_enabled":true,"_links":{"self":[{"href":"https:\/\/imais.online\/portal\/wp-json\/wp\/v2\/posts\/25962","targetHints":{"allow":["GET"]}}],"collection":[{"href":"https:\/\/imais.online\/portal\/wp-json\/wp\/v2\/posts"}],"about":[{"href":"https:\/\/imais.online\/portal\/wp-json\/wp\/v2\/types\/post"}],"author":[{"embeddable":true,"href":"https:\/\/imais.online\/portal\/wp-json\/wp\/v2\/users\/7"}],"replies":[{"embeddable":true,"href":"https:\/\/imais.online\/portal\/wp-json\/wp\/v2\/comments?post=25962"}],"version-history":[{"count":1,"href":"https:\/\/imais.online\/portal\/wp-json\/wp\/v2\/posts\/25962\/revisions"}],"predecessor-version":[{"id":25964,"href":"https:\/\/imais.online\/portal\/wp-json\/wp\/v2\/posts\/25962\/revisions\/25964"}],"wp:featuredmedia":[{"embeddable":true,"href":"https:\/\/imais.online\/portal\/wp-json\/wp\/v2\/media\/25963"}],"wp:attachment":[{"href":"https:\/\/imais.online\/portal\/wp-json\/wp\/v2\/media?parent=25962"}],"wp:term":[{"taxonomy":"category","embeddable":true,"href":"https:\/\/imais.online\/portal\/wp-json\/wp\/v2\/categories?post=25962"},{"taxonomy":"post_tag","embeddable":true,"href":"https:\/\/imais.online\/portal\/wp-json\/wp\/v2\/tags?post=25962"}],"curies":[{"name":"wp","href":"https:\/\/api.w.org\/{rel}","templated":true}]}}