{"id":25965,"date":"2025-02-28T10:06:29","date_gmt":"2025-02-28T13:06:29","guid":{"rendered":"https:\/\/imais.online\/portal\/?p=25965"},"modified":"2025-02-28T10:06:30","modified_gmt":"2025-02-28T13:06:30","slug":"jeffrey-epstein-quem-foi-quais-crimes-cometeu-e-por-que-trump-tirou-sigilo-do-caso","status":"publish","type":"post","link":"https:\/\/imais.online\/portal\/jeffrey-epstein-quem-foi-quais-crimes-cometeu-e-por-que-trump-tirou-sigilo-do-caso\/","title":{"rendered":"Jeffrey Epstein: quem foi, quais crimes cometeu e por que Trump tirou sigilo do caso"},"content":{"rendered":"<div class=\"imais-before-content-placement\" id=\"imais-49148610\"><script async src=\"\/\/pagead2.googlesyndication.com\/pagead\/js\/adsbygoogle.js?client=ca-pub-8787528412751566\" crossorigin=\"anonymous\"><\/script><ins class=\"adsbygoogle\" style=\"display:block;\" data-ad-client=\"ca-pub-8787528412751566\" \ndata-ad-slot=\"\" \ndata-ad-format=\"auto\"><\/ins>\n<script> \n(adsbygoogle = window.adsbygoogle || []).push({}); \n<\/script>\n<\/div>\n<h2 class=\"wp-block-heading\">Bilion\u00e1rio foi acusado de comandar rede de tr\u00e1fico sexual envolvendo menores de idade. Epstein morreu em 2019, ap\u00f3s ficar um m\u00eas preso.<\/h2>\n\n\n\n<p>O Departamento de Justi\u00e7a dos\u00a0Estados Unidos\u00a0divulgou na quinta-feira (27)\u00a0novos documentos\u00a0do caso do bilion\u00e1rio\u00a0<strong>Jeffrey Epstein<\/strong>, acusado de comandar uma rede de tr\u00e1fico sexual.<\/p>\n\n\n\n<p>Segundo as investiga\u00e7\u00f5es, o empres\u00e1rio abusou de dezenas de meninas menores de idade no in\u00edcio dos anos 2000. Ele foi preso pelos crimes em 2019, mas tirou a pr\u00f3pria vida dentro da pris\u00e3o um m\u00eas ap\u00f3s ser detido.<\/p>\n\n\n\n<p>Epstein conviveu com milion\u00e1rios de Wall Street, membros da realeza e celebridades antes de se declarar culpado de explora\u00e7\u00e3o sexual de menores em 2008.<\/p>\n\n\n\n<p>Os novos arquivos revelam uma lista de evid\u00eancias que foram apreendidas durante a investiga\u00e7\u00e3o, al\u00e9m de registros de voos que indicam nomes de pessoas que voaram em aeronaves particulares do bilion\u00e1rio.<\/p>\n\n\n\n<h2 class=\"wp-block-heading\">1. Como funcionava o esquema?<\/h2>\n\n\n\n<figure class=\"wp-block-image\"><img decoding=\"async\" src=\"https:\/\/s2-g1.glbimg.com\/ItBYZtyXttXURmj0FcfGjacH09k=\/0x0:1920x1080\/984x0\/smart\/filters:strip_icc()\/i.s3.glbimg.com\/v1\/AUTH_59edd422c0c84a879bd37670ae4f538a\/internal_photos\/bs\/2024\/N\/I\/hSOKK6QE6897dYMfAuZw\/globo-canal-4-20240104-1700-frame-390669.jpeg\" alt=\"Jeffrey Epstein \u2014 Foto: Jornal Nacional\/ Reprodu\u00e7\u00e3o\"\/><\/figure>\n\n\n\n<p class=\"has-small-font-size\">Jeffrey Epstein \u2014 Foto: Jornal Nacional\/ Reprodu\u00e7\u00e3o<\/p>\n\n\n\n<p>Segundo a acusa\u00e7\u00e3o, entre 2002 e 2005, Epstein pagava centenas de d\u00f3lares em dinheiro para que meninas fossem at\u00e9 im\u00f3veis dele e realizassem atos sexuais. As menores tamb\u00e9m eram contratadas para recrutar outras garotas para a mesma finalidade.<\/p>\n\n\n\n<p>Dezenas de mulheres acusaram Epstein de for\u00e7\u00e1-las a prestar servi\u00e7os sexuais a ele e a seus convidados em uma ilha particular no Caribe e nas casas que ele tinha em Nova York, na Fl\u00f3rida e no Novo M\u00e9xico.<\/p>\n\n\n\n<p>Segundo o governo dos Estados Unidos, o bilion\u00e1rio explorou sexualmente mais de 250 meninas menores de idade.<\/p>\n\n\n\n<p><strong>2. Investiga\u00e7\u00e3o e pris\u00e3o<\/strong><\/p>\n\n\n\n<p>Epstein foi investigado pela primeira vez em 2005, ap\u00f3s a pol\u00edcia de Palm Beach, na Fl\u00f3rida, receber den\u00fancias de abusos sexuais contra garotas menores de idade. Na \u00e9poca, ele alegou que os encontros foram consensuais e que acreditava que as v\u00edtimas tinham 18 anos.<\/p>\n\n\n\n<p>Segundo a acusa\u00e7\u00e3o, o bilion\u00e1rio abusou de menores ou recrutou garotas para atos sexuais entre 2002 e 2005. J\u00e1 em 2008, ele se declarou culpado do crime de explora\u00e7\u00e3o de menores e fechou um acordo para cumprir 13 meses de pris\u00e3o e pagar indeniza\u00e7\u00f5es \u00e0s v\u00edtimas.<\/p>\n\n\n\n<p>Em fevereiro de 2019, um juiz distrital da Fl\u00f3rida alegou que o acordo era ilegal. Em julho do mesmo ano, ele foi preso e criminalmente acusado por abuso de menores e por operar uma rede de explora\u00e7\u00e3o sexual.<\/p>\n\n\n\n<p>\u00c0 \u00e9poca, promotores federais argumentaram que Epstein deveria permanecer detido at\u00e9 o julgamento. Eles argumentaram que a &#8220;riqueza exorbitante&#8221; do empres\u00e1rio, al\u00e9m da posse de avi\u00f5es privados e os la\u00e7os internacionais que ele tinha, poderiam facilitar uma fuga.<\/p>\n\n\n\n<p>Epstein foi encontrado morto na pris\u00e3o em agosto de 2019. A aut\u00f3psia concluiu que ele tirou a pr\u00f3pria vida. Dois dias antes de morrer, o bilion\u00e1rio assinou um testamento deixando um patrim\u00f4nio avaliado em mais de US$ 577 milh\u00f5es.<\/p>\n\n\n\n<p>Ap\u00f3s a morte do empres\u00e1rio, as acusa\u00e7\u00f5es contra ele foram retiradas. No entanto, os procuradores afirmaram que poderiam acusar outras pessoas envolvidas no esquema. Advogados das v\u00edtimas tamb\u00e9m prometeram buscar indeniza\u00e7\u00e3o nos tribunais.<\/p>\n\n\n\n<p><strong>3. Quais nomes foram revelados?<\/strong><\/p>\n\n\n\n<p>Em 2024, o caso ganhou novas dimens\u00f5es ap\u00f3s a divulga\u00e7\u00e3o de documentos judiciais. \u00c0 \u00e9poca, descobriu-se que mais de 150 nomes foram citados no processo.<\/p>\n\n\n\n<p>Os arquivos revelados fazem parte de um processo de difama\u00e7\u00e3o movido por Virginia Giuffre, principal acusadora de Epstein, contra Ghislaine Maxwell, ex-namorada do bilion\u00e1rio. Ghislaine foi condenada por recrutar meninas menores de idade para a rede de explora\u00e7\u00e3o sexual do bilion\u00e1rio.<\/p>\n\n\n\n<p>Entre os nomes citados no caso est\u00e3o o de Bill Clinton, ex-presidente dos Estados Unidos, e o do pr\u00edncipe brit\u00e2nico Andrew.<\/p>\n\n\n\n<p>Em depoimento de 2016, uma das v\u00edtimas relatou que Epstein mencionou que Clinton &#8220;gostava de jovens&#8221;. Um porta-voz do ex-presidente confirmou que ele viajou no avi\u00e3o particular de Epstein, mas negou qualquer envolvimento com os &#8220;crimes terr\u00edveis&#8221; do milion\u00e1rio.<\/p>\n\n\n\n<p>Outra testemunha relatou que, em 2001, o pr\u00edncipe Andrew colocou a m\u00e3o em seu seio durante um encontro na casa de Epstein em Manhattan. O pr\u00f3prio Andrew negou qualquer envolvimento.<\/p>\n\n\n\n<p>Apesar de n\u00e3o enfrentar acusa\u00e7\u00f5es criminais, pr\u00edncipe perdeu a maioria de seus t\u00edtulos reais. Em 2023, ele fechou um acordo judicial com Virginia Giuffre por uma quantia n\u00e3o revelada e negou envolvimento no caso.<\/p>\n\n\n\n<h2 class=\"wp-block-heading\">4. O que revelam os novos documentos?<\/h2>\n\n\n\n<figure class=\"wp-block-image\"><img decoding=\"async\" src=\"https:\/\/s2-g1.glbimg.com\/JvKlgeyk2B2lJLPb-hWaZRXw7jc=\/0x0:1394x826\/984x0\/smart\/filters:strip_icc()\/i.s3.glbimg.com\/v1\/AUTH_59edd422c0c84a879bd37670ae4f538a\/internal_photos\/bs\/2025\/7\/3\/L1N5r7TP62eRbJgepIWA\/captura-de-tela-2025-02-27-234227.png\" alt=\"Arquivo mostra nome de Donald Trump em registro de voo ligado a Jeffrey Epstein \u2014 Foto: Reprodu\u00e7\u00e3o\/Departamento de Justi\u00e7a dos EUA\"\/><\/figure>\n\n\n\n<p class=\"has-small-font-size\">Arquivo mostra nome de Donald Trump em registro de voo ligado a Jeffrey Epstein \u2014 Foto: Reprodu\u00e7\u00e3o\/Departamento de Justi\u00e7a dos EUA<\/p>\n\n\n\n<p>Os documentos revelados na quinta-feira somam cerca de 200 p\u00e1ginas e revelam registros de voos, uma lista de evid\u00eancias e outros nomes ligados a Epstein.<\/p>\n\n\n\n<p>Entre os registros de voo, aparecem os nomes de v\u00e1rias pessoas conhecidas, como famosos e empres\u00e1rios, incluindo anota\u00e7\u00f5es para &#8220;Donald Trump&#8221;.<\/p>\n\n\n\n<p>Em duas delas, de maio de 1994, o nome de Trump aparece ao lado do de outras pessoas, como o de Marla Maples, ex-esposa do presidente, e o da filha Tiffany. O registro tamb\u00e9m mostra as iniciais &#8220;JE&#8221;, que seriam de &#8220;Jeffrey Epstein&#8221;, segundo a imprensa americana.<\/p>\n\n\n\n<p>Nunca houve, ao longo das investiga\u00e7\u00f5es, nenhuma evid\u00eancia de que o presidente tenha envolvimentos em crimes ligados a Epstein. Inclusive, \u00e9 de conhecimento p\u00fablico que os dois foram amigos entre as d\u00e9cadas de 1990 e 2000.<\/p>\n\n\n\n<p>J\u00e1 na lista de evid\u00eancias, por exemplo, est\u00e3o dezenas de itens apreendidos pelas autoridades durante a investiga\u00e7\u00e3o, como c\u00e2meras, computadores, fotos de mulheres, documentos e m\u00eddias eletr\u00f4nicas.<\/p>\n\n\n\n<p>De acordo com a Associated Press, os arquivos divulgados nesta quinta-feira j\u00e1 circulavam na internet h\u00e1 algum tempo. Para este lote, a imprensa americana informou que nenhuma grande revela\u00e7\u00e3o foi feita.<\/p>\n\n\n\n<p><br><strong>5. Por que Trump quer tornar o caso p\u00fablico?<\/strong><\/p>\n\n\n\n<figure class=\"wp-block-image\"><img decoding=\"async\" src=\"https:\/\/s2-g1.glbimg.com\/owXpuVGWbmZFv2LwsQFCMhJPjUA=\/0x0:6500x4335\/984x0\/smart\/filters:strip_icc()\/i.s3.glbimg.com\/v1\/AUTH_59edd422c0c84a879bd37670ae4f538a\/internal_photos\/bs\/2025\/E\/B\/NNOAUiSdW0sttMoQirOQ\/2025-02-25t220744z-244168708-rc2x1dasuur9-rtrmadp-3-usa-trump.jpg\" alt=\"Trump assina ordem executiva no Sal\u00e3o Oval, na Casa Branca. \u2014 Foto: Reuters\"\/><\/figure>\n\n\n\n<p class=\"has-small-font-size\">Trump assina ordem executiva no Sal\u00e3o Oval, na Casa Branca. <\/p>\n\n\n\n<p>A libera\u00e7\u00e3o dos documentos do caso Jeffrey Epstein \u00e9 uma promessa de campanha do presidente Donald Trump. A Casa Branca tamb\u00e9m se prepara para divulgar\u00a0arquivos sobre os assassinatos\u00a0do presidente John F. Kennedy, do senador Robert F. Kennedy e do ativista Martin Luther King Jr.<\/p>\n\n\n\n<p>A procuradora-geral dos Estados Unidos, Pamela Bondi, afirmou que a libera\u00e7\u00e3o dos arquivos marca a entrada de uma nova era do FBI. O objetivo \u00e9 dar mais transpar\u00eancia a investiga\u00e7\u00f5es e &#8220;levantar o v\u00e9u sobre as a\u00e7\u00f5es repugnantes de Jeffrey Epstein&#8221; e parceiros.<\/p>\n\n\n\n<p>O Departamento de Justi\u00e7a determinou que o FBI entregue todos os documentos que ainda est\u00e3o sob sigilo at\u00e9 a manh\u00e3 desta sexta-feira (28). Os arquivos ser\u00e3o revisados pelo governo dos EUA para proteger as identidades das v\u00edtimas antes da publica\u00e7\u00e3o.<\/p>\n\n\n\n<p>A procuradora-geral tamb\u00e9m ordenou uma investiga\u00e7\u00e3o interna no FBI, j\u00e1 que, inicialmente, os agentes n\u00e3o entregaram todos os arquivos que possu\u00edam, segundo ela.<\/p>\n\n\n\n<p>Fonte G1 <\/p>\n","protected":false},"excerpt":{"rendered":"<p>Bilion\u00e1rio foi acusado de comandar rede de tr\u00e1fico sexual envolvendo menores de idade. Epstein morreu em 2019, ap\u00f3s ficar um m\u00eas preso. O Departamento de Justi\u00e7a dos\u00a0Estados Unidos\u00a0divulgou na quinta-feira (27)\u00a0novos documentos\u00a0do caso do bilion\u00e1rio\u00a0Jeffrey Epstein, acusado de comandar uma rede de tr\u00e1fico sexual. Segundo as investiga\u00e7\u00f5es, o empres\u00e1rio abusou de dezenas de meninas menores [&hellip;]<\/p>\n","protected":false},"author":8,"featured_media":25966,"comment_status":"closed","ping_status":"open","sticky":false,"template":"","format":"standard","meta":{"rop_custom_images_group":[],"rop_custom_messages_group":[],"rop_publish_now":"initial","rop_publish_now_accounts":[],"rop_publish_now_history":[],"rop_publish_now_status":"pending","footnotes":""},"categories":[212],"tags":[],"class_list":["post-25965","post","type-post","status-publish","format-standard","has-post-thumbnail","hentry","category-internacional"],"amp_enabled":true,"_links":{"self":[{"href":"https:\/\/imais.online\/portal\/wp-json\/wp\/v2\/posts\/25965","targetHints":{"allow":["GET"]}}],"collection":[{"href":"https:\/\/imais.online\/portal\/wp-json\/wp\/v2\/posts"}],"about":[{"href":"https:\/\/imais.online\/portal\/wp-json\/wp\/v2\/types\/post"}],"author":[{"embeddable":true,"href":"https:\/\/imais.online\/portal\/wp-json\/wp\/v2\/users\/8"}],"replies":[{"embeddable":true,"href":"https:\/\/imais.online\/portal\/wp-json\/wp\/v2\/comments?post=25965"}],"version-history":[{"count":1,"href":"https:\/\/imais.online\/portal\/wp-json\/wp\/v2\/posts\/25965\/revisions"}],"predecessor-version":[{"id":25967,"href":"https:\/\/imais.online\/portal\/wp-json\/wp\/v2\/posts\/25965\/revisions\/25967"}],"wp:featuredmedia":[{"embeddable":true,"href":"https:\/\/imais.online\/portal\/wp-json\/wp\/v2\/media\/25966"}],"wp:attachment":[{"href":"https:\/\/imais.online\/portal\/wp-json\/wp\/v2\/media?parent=25965"}],"wp:term":[{"taxonomy":"category","embeddable":true,"href":"https:\/\/imais.online\/portal\/wp-json\/wp\/v2\/categories?post=25965"},{"taxonomy":"post_tag","embeddable":true,"href":"https:\/\/imais.online\/portal\/wp-json\/wp\/v2\/tags?post=25965"}],"curies":[{"name":"wp","href":"https:\/\/api.w.org\/{rel}","templated":true}]}}