{"id":25993,"date":"2025-03-03T11:03:32","date_gmt":"2025-03-03T14:03:32","guid":{"rendered":"https:\/\/imais.online\/portal\/?p=25993"},"modified":"2025-03-03T11:32:40","modified_gmt":"2025-03-03T14:32:40","slug":"mangueira-usa-drones-para-fazer-pipas-voarem-sobre-carro-com-crias-dancando-passinho-video","status":"publish","type":"post","link":"https:\/\/imais.online\/portal\/mangueira-usa-drones-para-fazer-pipas-voarem-sobre-carro-com-crias-dancando-passinho-video\/","title":{"rendered":"Mangueira usa drones para fazer pipas voarem sobre carro com &#8216;crias&#8217; dan\u00e7ando passinho"},"content":{"rendered":"<div class=\"imais-before-content-placement\" id=\"imais-3499785179\"><script async src=\"\/\/pagead2.googlesyndication.com\/pagead\/js\/adsbygoogle.js?client=ca-pub-8787528412751566\" crossorigin=\"anonymous\"><\/script><ins class=\"adsbygoogle\" style=\"display:block;\" data-ad-client=\"ca-pub-8787528412751566\" \ndata-ad-slot=\"\" \ndata-ad-format=\"auto\"><\/ins>\n<script> \n(adsbygoogle = window.adsbygoogle || []).push({}); \n<\/script>\n<\/div>\n<h2 class=\"wp-block-heading\">As pipas s\u00e3o brinquedos comuns em muitas comunidades do Rio. O desfile de 2025 da Mangueira fala sobre a heran\u00e7a bantu no Rio de Janeiro.<\/h2>\n\n\n\n<p>Alegorias representando pipas em drones e &#8220;crias&#8221; dan\u00e7ando passinho foram elementos presentes na Comiss\u00e3o de Frente da Mangueira no desfile da agremia\u00e7\u00e3o pelo Grupo Especial neste domingo (2) na Sapuca\u00ed.<\/p>\n\n\n\n<p>Outro elemento usado foi um efeito de ilumina\u00e7\u00e3o que parecia que os dan\u00e7arinos tinham &#8220;fogo&#8221; nos p\u00e9s.<\/p>\n\n\n\n<figure class=\"wp-block-image\"><img decoding=\"async\" src=\"https:\/\/s2-g1.glbimg.com\/RMo1fqX0sHJkl_de-75aMUwWaiA=\/0x0:1336x814\/984x0\/smart\/filters:strip_icc()\/i.s3.glbimg.com\/v1\/AUTH_59edd422c0c84a879bd37670ae4f538a\/internal_photos\/bs\/2025\/j\/y\/b0WIYgSuGXubHqhB9Sxg\/fogonospes.png\" alt=\"Comiss\u00e3o de frente da Mangueira \u2014 Foto: Reprodu\u00e7\u00e3o\/TV Globo\"\/><\/figure>\n\n\n\n<p class=\"has-small-font-size\">Comiss\u00e3o de frente da Mangueira \u2014 Foto: Reprodu\u00e7\u00e3o\/TV Globo<\/p>\n\n\n\n<p>As pipas s\u00e3o brinquedos comuns em muitas comunidades do Rio. O desfile de 2025 da Mangueira<a class=\"\" href=\"https:\/\/g1.globo.com\/rj\/rio-de-janeiro\/carnaval\/2025\/noticia\/2025\/01\/29\/enredo-e-samba-mangueira-celebra-a-heranca-bantu-na-sapucai.ghtml\">&nbsp;fala sobre a heran\u00e7a bantu no Rio de Janeiro<\/a>.<\/p>\n\n\n\n<p>Em determinado momento, a letra do samba exalta o orgulho de ser da favela. Outro trecho fala que &#8220;no asfalto a moda \u00e9 ser cria\/quer imitar meu riscado\/descolorir o cabelo&#8221;.<\/p>\n\n\n\n<figure class=\"wp-block-image\"><img decoding=\"async\" src=\"https:\/\/s2-g1.glbimg.com\/htAGviMXX6cANUVwSTcbNQE9N1U=\/0x0:720x1280\/984x0\/smart\/filters:strip_icc()\/i.s3.glbimg.com\/v1\/AUTH_59edd422c0c84a879bd37670ae4f538a\/internal_photos\/bs\/2025\/B\/P\/rmlh0sRpuAdriAXNQ3iA\/whatsapp-image-2025-03-03-at-02.34.33-1-.jpeg\" alt=\"Pipas com drones no desfile da Mangueira \u2014 Foto: T\u00falio Melo\/g1\"\/><\/figure>\n\n\n\n<p class=\"has-small-font-size\">Pipas com drones no desfile da Mangueira \u2014 Foto: T\u00falio Melo\/g1<\/p>\n\n\n\n<p>Fonte G1 <\/p>\n","protected":false},"excerpt":{"rendered":"<p>As pipas s\u00e3o brinquedos comuns em muitas comunidades do Rio. O desfile de 2025 da Mangueira fala sobre a heran\u00e7a bantu no Rio de Janeiro. Alegorias representando pipas em drones e &#8220;crias&#8221; dan\u00e7ando passinho foram elementos presentes na Comiss\u00e3o de Frente da Mangueira no desfile da agremia\u00e7\u00e3o pelo Grupo Especial neste domingo (2) na Sapuca\u00ed. [&hellip;]<\/p>\n","protected":false},"author":8,"featured_media":25994,"comment_status":"closed","ping_status":"open","sticky":false,"template":"","format":"standard","meta":{"rop_custom_images_group":[],"rop_custom_messages_group":[],"rop_publish_now":"initial","rop_publish_now_accounts":[],"rop_publish_now_history":[],"rop_publish_now_status":"pending","footnotes":""},"categories":[264],"tags":[],"class_list":["post-25993","post","type-post","status-publish","format-standard","has-post-thumbnail","hentry","category-carnaval"],"amp_enabled":true,"_links":{"self":[{"href":"https:\/\/imais.online\/portal\/wp-json\/wp\/v2\/posts\/25993","targetHints":{"allow":["GET"]}}],"collection":[{"href":"https:\/\/imais.online\/portal\/wp-json\/wp\/v2\/posts"}],"about":[{"href":"https:\/\/imais.online\/portal\/wp-json\/wp\/v2\/types\/post"}],"author":[{"embeddable":true,"href":"https:\/\/imais.online\/portal\/wp-json\/wp\/v2\/users\/8"}],"replies":[{"embeddable":true,"href":"https:\/\/imais.online\/portal\/wp-json\/wp\/v2\/comments?post=25993"}],"version-history":[{"count":2,"href":"https:\/\/imais.online\/portal\/wp-json\/wp\/v2\/posts\/25993\/revisions"}],"predecessor-version":[{"id":26003,"href":"https:\/\/imais.online\/portal\/wp-json\/wp\/v2\/posts\/25993\/revisions\/26003"}],"wp:featuredmedia":[{"embeddable":true,"href":"https:\/\/imais.online\/portal\/wp-json\/wp\/v2\/media\/25994"}],"wp:attachment":[{"href":"https:\/\/imais.online\/portal\/wp-json\/wp\/v2\/media?parent=25993"}],"wp:term":[{"taxonomy":"category","embeddable":true,"href":"https:\/\/imais.online\/portal\/wp-json\/wp\/v2\/categories?post=25993"},{"taxonomy":"post_tag","embeddable":true,"href":"https:\/\/imais.online\/portal\/wp-json\/wp\/v2\/tags?post=25993"}],"curies":[{"name":"wp","href":"https:\/\/api.w.org\/{rel}","templated":true}]}}