{"id":26013,"date":"2025-03-04T09:59:46","date_gmt":"2025-03-04T12:59:46","guid":{"rendered":"https:\/\/imais.online\/portal\/?p=26013"},"modified":"2025-03-04T10:03:24","modified_gmt":"2025-03-04T13:03:24","slug":"sabrina-sato-se-fantasia-de-vampiro-e-usa-tapa-sexo-no-rio","status":"publish","type":"post","link":"https:\/\/imais.online\/portal\/sabrina-sato-se-fantasia-de-vampiro-e-usa-tapa-sexo-no-rio\/","title":{"rendered":"Sabrina Sato se fantasia de vampiro e usa tapa-sexo no Rio"},"content":{"rendered":"<div class=\"imais-before-content-placement\" id=\"imais-4291447503\"><script async src=\"\/\/pagead2.googlesyndication.com\/pagead\/js\/adsbygoogle.js?client=ca-pub-8787528412751566\" crossorigin=\"anonymous\"><\/script><ins class=\"adsbygoogle\" style=\"display:block;\" data-ad-client=\"ca-pub-8787528412751566\" \ndata-ad-slot=\"\" \ndata-ad-format=\"auto\"><\/ins>\n<script> \n(adsbygoogle = window.adsbygoogle || []).push({}); \n<\/script>\n<\/div>\n<p>Do estilista Henrique Filho, a fantasia da Rainha Vamp Vila dividiu opini\u00f5es nas redes sociais<\/p>\n\n\n\n<p>A apresentadora<strong>&nbsp;Sabrina Sato<\/strong>, 44, usou uma fantasia de vampiro e tapa-sexo para desfilar como&nbsp;<strong>Rainha da Unidos da&nbsp;Vila Isabel<\/strong>, que fechou a noite do Grupo Especial do Carnaval do Rio de Janeiro, na Marqu\u00eas de Sapuca\u00ed, na noite de segunda (3).<\/p>\n\n\n\n<p>Assinada pelo estilista&nbsp;<strong>Henrique Filho<\/strong>, a fantasia da Rainha Vamp Vila \u201ccarrega o sangue que \u00e9 fonte de energia e vitalidade para a bateria \u2018swingada\u2019 de vampiros\u201d, segundo disse&nbsp;<a rel=\"noreferrer noopener\" href=\"https:\/\/www.cnnbrasil.com.br\/entretenimento\/sabrina-sato-posa-com-cabelo-azul-em-1a-dia-na-sapucai-veja-fotos\/\" target=\"_blank\">Sabrina Sato<\/a>&nbsp;no Instagram.<\/p>\n\n\n\n<p>Em um look todo vermelho, Sabrina usava chifres, dentes de vampiro e tapa-sexo nas partes \u00edntimas, al\u00e9m de uma esp\u00e9cie de asa nas costas. O stylist&nbsp;<strong>Pedro Sales<\/strong>&nbsp;complementou a fantasia de Henrique Filho e<strong>&nbsp;Krisna Carvalho<\/strong>&nbsp;fez a beleza art\u00edstica.<\/p>\n\n\n\n<p>Usu\u00e1rios da web elogiaram a apresentadora nas redes sociais. \u201cA mais linda\u201d, disse uma pessoa. \u201cIc\u00f4nica\u201d, falou outra.<\/p>\n\n\n\n<p><strong>Mas teve quem criticou a escolha<\/strong>. \u201cCada ano que passa o carnaval fica mais sat\u00e2nico\u201d, comentou um usu\u00e1rio. \u201cS\u00e9rio que voc\u00eas acham bonito?\u201d, disse outra.<\/p>\n\n\n\n<h2 class=\"wp-block-heading\">Como foi o desfile?<\/h2>\n\n\n\n<p>O&nbsp;<a href=\"https:\/\/www.cnnbrasil.com.br\/entretenimento\/vila-isabel-cria-efeitos-visuais-para-inventar-almas-penadas-na-sapucai\/\" target=\"_blank\" rel=\"noreferrer noopener\">samba-enredo da Unidos de Vila Isabel<\/a>&nbsp;focou nas assombra\u00e7\u00f5es que integram o imagin\u00e1rio popular, seja na inf\u00e2ncia ou na vida adulta, a partir de \u201cQuanto mais eu rezo, mais assombra\u00e7\u00e3o aparece\u201d, desenvolvido pelo renomado carnavalesco Paulo Barros.<\/p>\n\n\n\n<p>A escola tamb\u00e9m apresentou efeitos visuais que representaram assombra\u00e7\u00f5es e almas penadas, presentes tanto na cultura popular brasileira quanto mundial.<\/p>\n\n\n\n<p>Logo na entrada, a fantasia de fantasmas no carro abre-alas foi uma das principais inova\u00e7\u00f5es, com 120 componentes presos ao carro de forma que suas m\u00e3os ficassem livres para representar os fantasmas. Martinho da Vila, presidente de honra da agremia\u00e7\u00e3o, desfilou no topo do abre-alas.<\/p>\n\n\n\n<p>Durante o desfile, as&nbsp;fantasias leves utilizadas facilitaram a evolu\u00e7\u00e3o dos componentes, permitindo uma apresenta\u00e7\u00e3o \u00e1gil e flu\u00edda. Um dos carros aleg\u00f3ricos simulava o movimento de uma embarca\u00e7\u00e3o no mar, passando pelas ondas.<\/p>\n\n\n\n<p>Alguns problemas ocorreram durante a apresenta\u00e7\u00e3o da Vila Isabel. Na apura\u00e7\u00e3o, a escola dever\u00e1 perder pontos devido a um incidente envolvendo a bandeira, que se enroscou no mastro de um carro aleg\u00f3rico que representava a \u201cbruxa porta-bandeira\u201d. Al\u00e9m disso, um&nbsp;<a href=\"https:\/\/www.cnnbrasil.com.br\/nacional\/sudeste\/sp\/video-drone-flagra-roubo-em-bloquinho-de-sao-paulo-e-suspeitos-sao-presos\/\" target=\"_blank\" rel=\"noreferrer noopener\">drone<\/a>&nbsp;com a cabe\u00e7a do personagem Jack, que integrava a Comiss\u00e3o de Frente, caiu durante o desfile.<\/p>\n\n\n\n<p>Caso o j\u00fari leve esses contratempos em considera\u00e7\u00e3o, a escola poder\u00e1 perder mais pontos.<\/p>\n\n\n\n<p>Fonte CNN Brasil <\/p>\n","protected":false},"excerpt":{"rendered":"<p>Do estilista Henrique Filho, a fantasia da Rainha Vamp Vila dividiu opini\u00f5es nas redes sociais A apresentadora&nbsp;Sabrina Sato, 44, usou uma fantasia de vampiro e tapa-sexo para desfilar como&nbsp;Rainha da Unidos da&nbsp;Vila Isabel, que fechou a noite do Grupo Especial do Carnaval do Rio de Janeiro, na Marqu\u00eas de Sapuca\u00ed, na noite de segunda (3). [&hellip;]<\/p>\n","protected":false},"author":8,"featured_media":26014,"comment_status":"closed","ping_status":"open","sticky":false,"template":"","format":"standard","meta":{"rop_custom_images_group":[],"rop_custom_messages_group":[],"rop_publish_now":"initial","rop_publish_now_accounts":[],"rop_publish_now_history":[],"rop_publish_now_status":"pending","footnotes":""},"categories":[264],"tags":[],"class_list":["post-26013","post","type-post","status-publish","format-standard","has-post-thumbnail","hentry","category-carnaval"],"amp_enabled":true,"_links":{"self":[{"href":"https:\/\/imais.online\/portal\/wp-json\/wp\/v2\/posts\/26013","targetHints":{"allow":["GET"]}}],"collection":[{"href":"https:\/\/imais.online\/portal\/wp-json\/wp\/v2\/posts"}],"about":[{"href":"https:\/\/imais.online\/portal\/wp-json\/wp\/v2\/types\/post"}],"author":[{"embeddable":true,"href":"https:\/\/imais.online\/portal\/wp-json\/wp\/v2\/users\/8"}],"replies":[{"embeddable":true,"href":"https:\/\/imais.online\/portal\/wp-json\/wp\/v2\/comments?post=26013"}],"version-history":[{"count":2,"href":"https:\/\/imais.online\/portal\/wp-json\/wp\/v2\/posts\/26013\/revisions"}],"predecessor-version":[{"id":26019,"href":"https:\/\/imais.online\/portal\/wp-json\/wp\/v2\/posts\/26013\/revisions\/26019"}],"wp:featuredmedia":[{"embeddable":true,"href":"https:\/\/imais.online\/portal\/wp-json\/wp\/v2\/media\/26014"}],"wp:attachment":[{"href":"https:\/\/imais.online\/portal\/wp-json\/wp\/v2\/media?parent=26013"}],"wp:term":[{"taxonomy":"category","embeddable":true,"href":"https:\/\/imais.online\/portal\/wp-json\/wp\/v2\/categories?post=26013"},{"taxonomy":"post_tag","embeddable":true,"href":"https:\/\/imais.online\/portal\/wp-json\/wp\/v2\/tags?post=26013"}],"curies":[{"name":"wp","href":"https:\/\/api.w.org\/{rel}","templated":true}]}}