{"id":26016,"date":"2025-03-04T10:03:00","date_gmt":"2025-03-04T13:03:00","guid":{"rendered":"https:\/\/imais.online\/portal\/?p=26016"},"modified":"2025-03-04T10:03:01","modified_gmt":"2025-03-04T13:03:01","slug":"apuracao-do-carnaval-em-sp-que-horas-comeca-e-onde-assistir","status":"publish","type":"post","link":"https:\/\/imais.online\/portal\/apuracao-do-carnaval-em-sp-que-horas-comeca-e-onde-assistir\/","title":{"rendered":"Apura\u00e7\u00e3o do carnaval em SP: que horas come\u00e7a e onde assistir"},"content":{"rendered":"<div class=\"imais-before-content-placement\" id=\"imais-4291057506\"><script async src=\"\/\/pagead2.googlesyndication.com\/pagead\/js\/adsbygoogle.js?client=ca-pub-8787528412751566\" crossorigin=\"anonymous\"><\/script><ins class=\"adsbygoogle\" style=\"display:block;\" data-ad-client=\"ca-pub-8787528412751566\" \ndata-ad-slot=\"\" \ndata-ad-format=\"auto\"><\/ins>\n<script> \n(adsbygoogle = window.adsbygoogle || []).push({}); \n<\/script>\n<\/div>\n<h2 class=\"wp-block-heading\">A apura\u00e7\u00e3o dos desfiles das escolas de samba do Grupo Especial do carnaval 2025 de S\u00e3o Paulo acontece nesta ter\u00e7a-feira (4), no Samb\u00f3dromo do Anhembi, Zona Norte da capital, e \u00e9 fechada para o p\u00fablico.<\/h2>\n\n\n\n<p>A apura\u00e7\u00e3o dos desfiles das escolas de samba do Grupo Especial do carnaval 2025 de S\u00e3o Paulo acontece nesta ter\u00e7a-feira (4), a partir das 16h, no Samb\u00f3dromo do Anhembi.<\/p>\n\n\n\n<blockquote class=\"wp-block-quote is-layout-flow wp-block-quote-is-layout-flow\">\n<p>Fechado para o p\u00fablico, o evento ser\u00e1 transmitido pelo&nbsp;<strong>g1<\/strong>&nbsp;e pela&nbsp;<strong>TV Globo<\/strong>.<\/p>\n<\/blockquote>\n\n\n\n<p>As notas dos nove quesitos ser\u00e3o reveladas na seguinte ordem:&nbsp;<strong>Enredo, Bateria, Samba-enredo, Mestre-sala e porta-bandeira, Comiss\u00e3o de frente, Harmonia, Alegoria, Fantasia e Evolu\u00e7\u00e3o.<\/strong><\/p>\n\n\n\n<p>A\u00a0<a class=\"\" href=\"https:\/\/g1.globo.com\/sp\/sao-paulo\/carnaval\/2025\/noticia\/2025\/03\/03\/evolucao-sera-o-criterio-de-desempate-na-apuracao-do-carnaval-2025-em-sp.ghtml\">sequ\u00eancia de leitura dos quesitos da apura\u00e7\u00e3o<\/a>\u00a0foi sorteada nesta segunda-feira (3) pela Liga Independente das Escolas de Samba, e\u00a0<strong>&#8220;Evolu\u00e7\u00e3o&#8221;<\/strong>\u00a0ser\u00e1 o crit\u00e9rio de desempate utilizado para definir as campe\u00e3s.<\/p>\n\n\n\n<h2 class=\"wp-block-heading\">Como os jurados atribuem as notas?<\/h2>\n\n\n\n<ul class=\"wp-block-list\">\n<li>No momento em que pisam na avenida, as escolas come\u00e7am o desfile com nota 10 em todas as categorias;<\/li>\n\n\n\n<li>A partir da\u00ed, os jurados recebem um manual e, a cada d\u00e9cimo tirado, devem justificar com base no documento;<\/li>\n\n\n\n<li>Al\u00e9m disso, os julgadores recebem uma pasta com o que foi planejado pela escola para comparar com o que foi apresentado durante o desfile.<\/li>\n<\/ul>\n\n\n\n<h2 class=\"wp-block-heading\">Como ser\u00e1 a apura\u00e7\u00e3o?<\/h2>\n\n\n\n<p>Durante a apura\u00e7\u00e3o, as notas s\u00e3o lidas por quesito e a menor delas \u00e9 descartada. Ao final, as quantias s\u00e3o somadas e as duas escolas que tiverem as menores pontua\u00e7\u00f5es totais ser\u00e3o rebaixadas, disputando o carnaval 2026 no Grupo de Acesso I.<\/p>\n\n\n\n<p>As notas descartadas s\u00e3o sempre o primeiro crit\u00e9rio de desempate a ser aplicado. Neste ano, o quesito &#8220;evolu\u00e7\u00e3o&#8221; foi sorteado para servir como o segundo crit\u00e9rio.<\/p>\n\n\n\n<figure class=\"wp-block-image\"><img decoding=\"async\" src=\"https:\/\/s2-g1.glbimg.com\/Qb74iheLuhsohEf-wW4_BgLvZgo=\/0x0:3264x2448\/984x0\/smart\/filters:strip_icc()\/i.s3.glbimg.com\/v1\/AUTH_59edd422c0c84a879bd37670ae4f538a\/internal_photos\/bs\/2024\/c\/V\/Tpwl2USveRemm6gz0ihw\/whatsapp-image-2024-02-13-at-15.50.29.jpeg\" alt=\"Apura\u00e7\u00e3o do carnaval 2024 no Samb\u00f3dromo do Anhembi, Zona Norte de SP \u2014 Foto: Gustavo Hon\u00f3rio\/g1\"\/><\/figure>\n\n\n\n<p class=\"has-small-font-size\">Apura\u00e7\u00e3o do carnaval 2024 no Samb\u00f3dromo do Anhembi, Zona Norte de SP \u2014 Foto: Gustavo Hon\u00f3rio\/g1<\/p>\n\n\n\n<p>A leitura das pontua\u00e7\u00f5es atribu\u00eddas pelos jurados ser\u00e1 acompanhada apenas por diretores das escolas, convidados e profissionais da imprensa.<\/p>\n\n\n\n<p>De acordo com o regulamento do Grupo Especial, as duas escolas que receberem a menor pontua\u00e7\u00e3o descem para o Grupo de Acesso I. E as duas escolas de forem mais bem classificadas no Grupo de Acesso I subir\u00e3o para o Grupo Especial em 2026.<\/p>\n\n\n\n<h2 class=\"wp-block-heading\"><strong>Entenda os quesitos avaliados pelo j\u00fari<\/strong><\/h2>\n\n\n\n<p><strong>Evolu\u00e7\u00e3o:&nbsp;<\/strong>Julga a forma como a escola passa pela avenida, sem deixar buracos e sem correr para cumprir o tempo do desfile.<\/p>\n\n\n\n<p><strong>Comiss\u00e3o de Frente:&nbsp;<\/strong>A coreografia conta com alguns movimentos obrigat\u00f3rios, como a sauda\u00e7\u00e3o ao p\u00fablico e a apresenta\u00e7\u00e3o da escola. Jurados tamb\u00e9m d\u00e3o nota para a fantasia e observam se a comiss\u00e3o de frente atende \u00e0 exig\u00eancia de no m\u00ednimo seis componentes e, no m\u00e1ximo, 15.<\/p>\n\n\n\n<p><strong>Fantasia:&nbsp;<\/strong>Avalia a beleza e o significado das fantasias desfiladas. Os jurados tamb\u00e9m podem se atentar a detalhes e ao acabamento. Os itens apresentados no desfile devem corresponder ao apresentado anteriormente em desenhos pela escola.<\/p>\n\n\n\n<p><strong>Enredo:<\/strong>\u00a0Nesse quesito \u00e9 considerado se o tema est\u00e1 sendo bem contado na avenida, com a ajuda das alas e alegorias, e se o jurado e o p\u00fablico conseguem fazer uma leitura f\u00e1cil da apresenta\u00e7\u00e3o.<\/p>\n\n\n\n<p><strong>Samba-enredo:&nbsp;<\/strong>O jurado deve considerar se a letra do samba transmite o enredo proposto pela escola. J\u00e1 a melodia deve provocar nos componentes a vontade de evoluir, dan\u00e7ar e cantar.<\/p>\n\n\n\n<p><strong>Bateria:&nbsp;<\/strong>Avalia o desempenho dos ritmistas e dos mestres de bateria acompanhando o samba-enredo. Al\u00e9m de alguns instrumentos obrigat\u00f3rios, \u00e9 importante que tudo esteja afinado. Tamb\u00e9m \u00e9 considerada a &#8220;ousadia na performance musical&#8221;, com bossa, paradinha, breque, apag\u00e3o, conven\u00e7\u00e3o e virada.<\/p>\n\n\n\n<p><strong>Alegoria:&nbsp;<\/strong>Julga os carros aleg\u00f3ricos &#8211; a beleza e a rela\u00e7\u00e3o com o enredo. As escolas de samba s\u00e3o obrigadas a desfilar com cinco alegorias.<\/p>\n\n\n\n<p><strong>Mestre-sala e porta-bandeira:&nbsp;<\/strong>Considera-se o entrosamento dos dois na coreografia, a graciosidade dos movimentos e, tamb\u00e9m, as fantasias.<\/p>\n\n\n\n<p><strong>Harmonia:\u00a0<\/strong>Analisa se os componentes da escola est\u00e3o integrados, cantando o samba conforme o ritmo da bateria e fazendo as coreografias corretamente.<\/p>\n\n\n\n<p>Fonte G1<\/p>\n","protected":false},"excerpt":{"rendered":"<p>A apura\u00e7\u00e3o dos desfiles das escolas de samba do Grupo Especial do carnaval 2025 de S\u00e3o Paulo acontece nesta ter\u00e7a-feira (4), no Samb\u00f3dromo do Anhembi, Zona Norte da capital, e \u00e9 fechada para o p\u00fablico. A apura\u00e7\u00e3o dos desfiles das escolas de samba do Grupo Especial do carnaval 2025 de S\u00e3o Paulo acontece nesta ter\u00e7a-feira [&hellip;]<\/p>\n","protected":false},"author":8,"featured_media":26017,"comment_status":"closed","ping_status":"open","sticky":false,"template":"","format":"standard","meta":{"rop_custom_images_group":[],"rop_custom_messages_group":[],"rop_publish_now":"initial","rop_publish_now_accounts":[],"rop_publish_now_history":[],"rop_publish_now_status":"pending","footnotes":""},"categories":[264],"tags":[],"class_list":["post-26016","post","type-post","status-publish","format-standard","has-post-thumbnail","hentry","category-carnaval"],"amp_enabled":true,"_links":{"self":[{"href":"https:\/\/imais.online\/portal\/wp-json\/wp\/v2\/posts\/26016","targetHints":{"allow":["GET"]}}],"collection":[{"href":"https:\/\/imais.online\/portal\/wp-json\/wp\/v2\/posts"}],"about":[{"href":"https:\/\/imais.online\/portal\/wp-json\/wp\/v2\/types\/post"}],"author":[{"embeddable":true,"href":"https:\/\/imais.online\/portal\/wp-json\/wp\/v2\/users\/8"}],"replies":[{"embeddable":true,"href":"https:\/\/imais.online\/portal\/wp-json\/wp\/v2\/comments?post=26016"}],"version-history":[{"count":1,"href":"https:\/\/imais.online\/portal\/wp-json\/wp\/v2\/posts\/26016\/revisions"}],"predecessor-version":[{"id":26018,"href":"https:\/\/imais.online\/portal\/wp-json\/wp\/v2\/posts\/26016\/revisions\/26018"}],"wp:featuredmedia":[{"embeddable":true,"href":"https:\/\/imais.online\/portal\/wp-json\/wp\/v2\/media\/26017"}],"wp:attachment":[{"href":"https:\/\/imais.online\/portal\/wp-json\/wp\/v2\/media?parent=26016"}],"wp:term":[{"taxonomy":"category","embeddable":true,"href":"https:\/\/imais.online\/portal\/wp-json\/wp\/v2\/categories?post=26016"},{"taxonomy":"post_tag","embeddable":true,"href":"https:\/\/imais.online\/portal\/wp-json\/wp\/v2\/tags?post=26016"}],"curies":[{"name":"wp","href":"https:\/\/api.w.org\/{rel}","templated":true}]}}