{"id":26020,"date":"2025-03-04T10:15:09","date_gmt":"2025-03-04T13:15:09","guid":{"rendered":"https:\/\/imais.online\/portal\/?p=26020"},"modified":"2025-03-04T10:15:10","modified_gmt":"2025-03-04T13:15:10","slug":"beija-flor-e-salgueiro-sao-destaques-no-2o-dia-do-grupo-especial-do-carnaval-do-rj-em-2025","status":"publish","type":"post","link":"https:\/\/imais.online\/portal\/beija-flor-e-salgueiro-sao-destaques-no-2o-dia-do-grupo-especial-do-carnaval-do-rj-em-2025\/","title":{"rendered":"Beija-Flor e Salgueiro s\u00e3o destaques no 2\u00ba dia do Grupo Especial do carnaval do RJ em 2025"},"content":{"rendered":"<div class=\"imais-before-content-placement\" id=\"imais-2090010515\"><script async src=\"\/\/pagead2.googlesyndication.com\/pagead\/js\/adsbygoogle.js?client=ca-pub-8787528412751566\" crossorigin=\"anonymous\"><\/script><ins class=\"adsbygoogle\" style=\"display:block;\" data-ad-client=\"ca-pub-8787528412751566\" \ndata-ad-slot=\"\" \ndata-ad-format=\"auto\"><\/ins>\n<script> \n(adsbygoogle = window.adsbygoogle || []).push({}); \n<\/script>\n<\/div>\n<h2 class=\"wp-block-heading\">Unidos da Tijuca e Unidos de Vila Isabel tamb\u00e9m fizeram bons desfiles. Veja como foram as apresenta\u00e7\u00f5es, no 1\u00ba ano com 4 escolas por noite.<\/h2>\n\n\n\n<p><a class=\"\" href=\"https:\/\/g1.globo.com\/carnaval\/escola-de-samba\/beija-flor-de-nilopolis\/\">Beija-Flor de Nil\u00f3polis<\/a>&nbsp;e&nbsp;<a class=\"\" href=\"https:\/\/g1.globo.com\/carnaval\/escola-de-samba\/academicos-do-salgueiro\/\">Acad\u00eamicos do Salgueiro<\/a>&nbsp;foram os destaques da segunda noite dos desfiles do&nbsp;<strong>Grupo Especial<\/strong>&nbsp;do carnaval do Rio de Janeiro nesta segunda-feira (3).<\/p>\n\n\n\n<p><a class=\"\" href=\"https:\/\/g1.globo.com\/carnaval\/escola-de-samba\/unidos-da-tijuca\/\">Unidos da Tijuca<\/a>&nbsp;e&nbsp;<a class=\"\" href=\"https:\/\/g1.globo.com\/carnaval\/escola-de-samba\/unidos-de-vila-isabel\/\">Unidos de Vila Isabel<\/a>&nbsp;tamb\u00e9m fizeram bons desfiles, em uma noite com maioria de enredos com tem\u00e1tica afro.<\/p>\n\n\n\n<p>Nenhuma das escolas estourou o tempo, respeitando o m\u00e1ximo de 80 minutos. Na segunda noite da estreia do novo modelo de\u00a0<strong>quatro desfiles por dia\u00a0<\/strong>\u2013 eram seis \u2013, a Vila Isabel encerrou sua passagem pela Sapuca\u00ed \u00e0s\u00a0<strong>4h24<\/strong>, antes do amanhecer.<\/p>\n\n\n\n<figure class=\"wp-block-image\"><img decoding=\"async\" src=\"https:\/\/s2-g1.glbimg.com\/HoSfH9o809neZdKnyVbdRXcqGFk=\/0x0:5760x3840\/984x0\/smart\/filters:strip_icc()\/i.s3.glbimg.com\/v1\/AUTH_59edd422c0c84a879bd37670ae4f538a\/internal_photos\/bs\/2025\/W\/I\/Cde8EURaWw9dwRcYFg7g\/54364415803-a3b5c096bd-o.jpg\" alt=\"Desfile da escola Beija-Flor, durante a segunda noite do Carnaval em 4 de mar\u00e7o de 2025 \u2014 Foto: Tata Barreto | Riotur\"\/><\/figure>\n\n\n\n<p class=\"has-small-font-size\">Desfile da escola Beija-Flor, durante a segunda noite do Carnaval em 4 de mar\u00e7o de 2025 \u2014 Foto: Tata Barreto | Riotur<\/p>\n\n\n\n<p><a class=\"\" href=\"https:\/\/g1.globo.com\/carnaval\/escola-de-samba\/imperatriz-leopoldinense\/\">Imperatriz Leopoldinense<\/a>&nbsp;,&nbsp;<a class=\"\" href=\"https:\/\/g1.globo.com\/carnaval\/escola-de-samba\/unidos-do-viradouro\/\">Unidos do Viradouro<\/a>,&nbsp;<a class=\"\" href=\"https:\/\/g1.globo.com\/carnaval\/escola-de-samba\/unidos-de-padre-miguel\/\"><strong>Unidos de Padre Miguel<\/strong><\/a><strong>&nbsp;e&nbsp;<\/strong><a class=\"\" href=\"https:\/\/g1.globo.com\/carnaval\/escola-de-samba\/estacao-primeira-de-mangueira\/\"><strong>Esta\u00e7\u00e3o Primeira de Mangueira<\/strong><\/a><strong>&nbsp;<\/strong>abriram o ano neste domingo (3).&nbsp;<a class=\"\" href=\"https:\/\/g1.globo.com\/rj\/rio-de-janeiro\/carnaval\/2025\/noticia\/2025\/03\/03\/imperatriz-e-viradouro-sao-destaques-no-1o-dia-do-grupo-especial-do-carnaval-do-rj-em-2025.ghtml\">Leia como foi.<\/a><\/p>\n\n\n\n<p>Na ter\u00e7a (4),&nbsp;<a class=\"\" href=\"https:\/\/g1.globo.com\/carnaval\/escola-de-samba\/mocidade-independente-de-padre-miguel\/\">Mocidade Independente de Padre Miguel<\/a>,&nbsp;<a class=\"\" href=\"https:\/\/g1.globo.com\/carnaval\/escola-de-samba\/paraiso-do-tuiuti\/\">Para\u00edso do Tuiuti<\/a>,&nbsp;<a class=\"\" href=\"https:\/\/g1.globo.com\/carnaval\/escola-de-samba\/academicos-do-grande-rio\/\">Acad\u00eamicos do Grande Rio<\/a>&nbsp;e&nbsp;<a class=\"\" href=\"https:\/\/g1.globo.com\/carnaval\/escola-de-samba\/portela\/\">Portela<\/a>&nbsp;encerram os desfiles do Grupo Especial.<\/p>\n\n\n\n<p>A apura\u00e7\u00e3o das escolas de samba do Rio de Janeiro acontece na Quarta-Feira de Cinzas (5).<\/p>\n\n\n\n<p><strong>Unidos da Tijuca<\/strong><\/p>\n\n\n\n<p>Ap\u00f3s o modesto 11\u00ba lugar em 2024, a Tijuca buscou seu quinto t\u00edtulo do Grupo Especial com um enredo sobre o orix\u00e1 Logun-Ed\u00e9, conhecido como o &#8220;Santo menino que o velho respeita&#8221;.<\/p>\n\n\n\n<p>O desfile entrela\u00e7ou a vida da entidade, com a ajuda de integrantes gr\u00e1vidas que representavam sua gesta\u00e7\u00e3o sagrada no abre-alas, e a juventude do Morro do Borel.<\/p>\n\n\n\n<p>Com uma apresenta\u00e7\u00e3o colorida como o pav\u00e3o s\u00edmbolo da escola, a agremia\u00e7\u00e3o teve alguns problemas com alegorias no come\u00e7o da avenida, como um carro que ficou apagado por um tempo \u2013 mas que n\u00e3o parecem ter afetado a avalia\u00e7\u00e3o com os jurados.<\/p>\n\n\n\n<h2 class=\"wp-block-heading\">Beija-Flor de Nil\u00f3polis<\/h2>\n\n\n\n<p>A Beija-Flor fez o segundo desfile da noite com homenagens a dois de seus bambas. Em&nbsp;<a class=\"\" href=\"https:\/\/g1.globo.com\/rj\/rio-de-janeiro\/carnaval\/2025\/noticia\/2025\/03\/03\/neguinho-da-beija-flor-chega-a-sapucai-para-seu-ultimo-desfile-como-interprete-e-e-aclamado-pelo-publico.ghtml\">seu \u00faltimo ano como int\u00e9rprete, Neguinho da Beija-Flor<\/a>&nbsp;emocionou o p\u00fablico ao puxar um samba sobre&nbsp;<a class=\"\" href=\"https:\/\/g1.globo.com\/rj\/rio-de-janeiro\/noticia\/2021\/06\/18\/laila-diretor-de-carnaval-morre-no-rio.ghtml\">La\u00edla (1943-2021)<\/a>, carnavalesco que participou de diversos dos 14 t\u00edtulos da escola.<\/p>\n\n\n\n<p>A comiss\u00e3o de frente evocou a figura de La\u00edla de volta \u00e0 avenida como uma crian\u00e7a, aben\u00e7oado pelos santos em meio \u00e0 comunidade de Nil\u00f3polis \u2013 e de uma bonita alegoria com &#8220;velas&#8221; eletr\u00f4nicas que surgiam do ch\u00e3o.<\/p>\n\n\n\n<p>Na despedida de Neguinho, ap\u00f3s 50 anos, o samba-enredo e a bateria com longas paradas foram destaques e fizeram a Sapuca\u00ed cantar. O \u00faltimo carro trazia uma refer\u00eancia ao ic\u00f4nico Cristo coberto do desfile de 1989 \u2013 mas a faixa com os dizeres &#8220;De orum, olhai por n\u00f3s&#8221; n\u00e3o ficou totalmente desenrolada.<\/p>\n\n\n\n<p><strong>Acad\u00eamicos do Salgueiro<\/strong><\/p>\n\n\n\n<p>Depois de um quarto lugar em 2024, o Salgueiro tenta seu d\u00e9cimo t\u00edtulo do Grupo Especial com um enredo sobre o corpo fechado por amuletos e outros rituais de prote\u00e7\u00e3o da cultura popular brasileira.<\/p>\n\n\n\n<p>Seguindo a comiss\u00e3o de frente, que &#8220;botou fogo&#8221; em um terreiro aleg\u00f3rico na avenida, o primeiro casal de mestre-sala e porta-bandeira representaram Xang\u00f4 e Ians\u00e3, dois orix\u00e1s guerreiros.<\/p>\n\n\n\n<p>A dupla depois pegou uma moto, trocou de roupa e voltou para ser destaque do sexto e \u00faltimo carro \u2013 um pedido de Z\u00e9 Pilintra que, consultado, pediu que o primeiro casal estivesse em sua alegoria.<\/p>\n\n\n\n<h2 class=\"wp-block-heading\">Unidos de Vila Isabel<\/h2>\n\n\n\n<p>Ap\u00f3s&nbsp;<a class=\"\" href=\"https:\/\/g1.globo.com\/rj\/rio-de-janeiro\/carnaval\/2025\/noticia\/2025\/02\/26\/em-ano-com-maioria-de-enredos-afro-paulo-barros-reforca-opiniao-contraria-ao-tema-nao-gosto-tenho-direito.ghtml\">declara\u00e7\u00f5es pol\u00eamicas do carnavalesco Paulo Barros sobre enredos com temas africanos<\/a>, usados na maioria dos desfiles do Grupo Especial do Rio em 2025, a Vila Isabel fez seu ousado desfile &#8220;Quanto mais eu rezo, mais assombra\u00e7\u00e3o aparece!&#8221;.<\/p>\n\n\n\n<p>Na comiss\u00e3o de frente, a hist\u00f3ria sobre o homem que enganou o diabo contava com os atores Amaury Lorenzo e Jos\u00e9 Lorenzo \u2013 e com um drone, que mostrava a transforma\u00e7\u00e3o do her\u00f3i em uma ab\u00f3bora voadora, que infelizmente desabou ainda no come\u00e7o da apresenta\u00e7\u00e3o.<\/p>\n\n\n\n<p>A escola buscou seu quarto campeonato com a tecnologia que \u00e9 marca do carnavalesco tamb\u00e9m nas alegorias \u2013 de um trem fantasma a uma bruxa voadora. Nas fantasias, criaturas, monstros e assombra\u00e7\u00f5es. At\u00e9 a bateria cruzou a avenida vestida de vampiros.<\/p>\n\n\n\n<p>Fonte G1<\/p>\n","protected":false},"excerpt":{"rendered":"<p>Unidos da Tijuca e Unidos de Vila Isabel tamb\u00e9m fizeram bons desfiles. Veja como foram as apresenta\u00e7\u00f5es, no 1\u00ba ano com 4 escolas por noite. Beija-Flor de Nil\u00f3polis&nbsp;e&nbsp;Acad\u00eamicos do Salgueiro&nbsp;foram os destaques da segunda noite dos desfiles do&nbsp;Grupo Especial&nbsp;do carnaval do Rio de Janeiro nesta segunda-feira (3). Unidos da Tijuca&nbsp;e&nbsp;Unidos de Vila Isabel&nbsp;tamb\u00e9m fizeram bons [&hellip;]<\/p>\n","protected":false},"author":8,"featured_media":26021,"comment_status":"closed","ping_status":"open","sticky":false,"template":"","format":"standard","meta":{"rop_custom_images_group":[],"rop_custom_messages_group":[],"rop_publish_now":"initial","rop_publish_now_accounts":[],"rop_publish_now_history":[],"rop_publish_now_status":"pending","footnotes":""},"categories":[264],"tags":[],"class_list":["post-26020","post","type-post","status-publish","format-standard","has-post-thumbnail","hentry","category-carnaval"],"amp_enabled":true,"_links":{"self":[{"href":"https:\/\/imais.online\/portal\/wp-json\/wp\/v2\/posts\/26020","targetHints":{"allow":["GET"]}}],"collection":[{"href":"https:\/\/imais.online\/portal\/wp-json\/wp\/v2\/posts"}],"about":[{"href":"https:\/\/imais.online\/portal\/wp-json\/wp\/v2\/types\/post"}],"author":[{"embeddable":true,"href":"https:\/\/imais.online\/portal\/wp-json\/wp\/v2\/users\/8"}],"replies":[{"embeddable":true,"href":"https:\/\/imais.online\/portal\/wp-json\/wp\/v2\/comments?post=26020"}],"version-history":[{"count":1,"href":"https:\/\/imais.online\/portal\/wp-json\/wp\/v2\/posts\/26020\/revisions"}],"predecessor-version":[{"id":26022,"href":"https:\/\/imais.online\/portal\/wp-json\/wp\/v2\/posts\/26020\/revisions\/26022"}],"wp:featuredmedia":[{"embeddable":true,"href":"https:\/\/imais.online\/portal\/wp-json\/wp\/v2\/media\/26021"}],"wp:attachment":[{"href":"https:\/\/imais.online\/portal\/wp-json\/wp\/v2\/media?parent=26020"}],"wp:term":[{"taxonomy":"category","embeddable":true,"href":"https:\/\/imais.online\/portal\/wp-json\/wp\/v2\/categories?post=26020"},{"taxonomy":"post_tag","embeddable":true,"href":"https:\/\/imais.online\/portal\/wp-json\/wp\/v2\/tags?post=26020"}],"curies":[{"name":"wp","href":"https:\/\/api.w.org\/{rel}","templated":true}]}}