{"id":26026,"date":"2025-03-05T11:35:22","date_gmt":"2025-03-05T14:35:22","guid":{"rendered":"https:\/\/imais.online\/portal\/?p=26026"},"modified":"2025-03-05T11:35:23","modified_gmt":"2025-03-05T14:35:23","slug":"grande-rio-e-portela-sao-destaques-no-3o-dia-do-grupo-especial-do-carnaval-do-rj-em-2025","status":"publish","type":"post","link":"https:\/\/imais.online\/portal\/grande-rio-e-portela-sao-destaques-no-3o-dia-do-grupo-especial-do-carnaval-do-rj-em-2025\/","title":{"rendered":"Grande Rio e Portela s\u00e3o destaques no 3\u00ba dia do Grupo Especial do carnaval do RJ em 2025"},"content":{"rendered":"<div class=\"imais-before-content-placement\" id=\"imais-1798603332\"><script async src=\"\/\/pagead2.googlesyndication.com\/pagead\/js\/adsbygoogle.js?client=ca-pub-8787528412751566\" crossorigin=\"anonymous\"><\/script><ins class=\"adsbygoogle\" style=\"display:block;\" data-ad-client=\"ca-pub-8787528412751566\" \ndata-ad-slot=\"\" \ndata-ad-format=\"auto\"><\/ins>\n<script> \n(adsbygoogle = window.adsbygoogle || []).push({}); \n<\/script>\n<\/div>\n<h2 class=\"wp-block-heading\">Tuiuti e Mocidade tamb\u00e9m desfilaram, em noite com Milton Nascimento e despedida de Paolla. Veja v\u00eddeos e detalhes das apresenta\u00e7\u00f5es, no 1\u00ba ano com 4 escolas por dia.<\/h2>\n\n\n\n<p>A&nbsp;<a class=\"\" href=\"https:\/\/g1.globo.com\/carnaval\/escola-de-samba\/academicos-do-grande-rio\/\">Acad\u00eamicos do Grande Rio<\/a>&nbsp;foi o grande destaque da terceira noite dos desfiles do Grupo Especial do carnaval do Rio de Janeiro, nesta ter\u00e7a-feira (4). Com menos impon\u00eancia, a&nbsp;<a class=\"\" href=\"https:\/\/g1.globo.com\/carnaval\/escola-de-samba\/portela\/\">Portela<\/a>&nbsp;fez uma boa apresenta\u00e7\u00e3o, homenageando&nbsp;<a class=\"\" href=\"https:\/\/g1.globo.com\/tudo-sobre\/milton-nascimento\/\">Milton Nascimento<\/a>.<\/p>\n\n\n\n<p>Ainda desfilaram&nbsp;<a class=\"\" href=\"https:\/\/g1.globo.com\/carnaval\/escola-de-samba\/paraiso-do-tuiuti\/\">Para\u00edso do Tuiuti<\/a>&nbsp;e&nbsp;<a class=\"\" href=\"https:\/\/g1.globo.com\/carnaval\/escola-de-samba\/mocidade-independente-de-padre-miguel\/\">Mocidade Independente de Padre Miguel<\/a>&nbsp;, em uma noite tamb\u00e9m marcada pela despedida de&nbsp;<a class=\"\" href=\"https:\/\/g1.globo.com\/tudo-sobre\/paolla-oliveira\/\">Paolla Oliveira<\/a>&nbsp;como rainha de bateria da Grande Rio.<\/p>\n\n\n\n<p>Nenhuma das escolas estourou o tempo, respeitando o m\u00e1ximo de 80 minutos. Na terceira noite da estreia do novo modelo de\u00a0<strong>quatro desfiles por dia\u00a0<\/strong>\u2013 antes, eram seis \u2013, a Portela encerrou sua passagem pela Sapuca\u00ed \u00e0s\u00a0<strong>4h41<\/strong>, antes do amanhecer.<\/p>\n\n\n\n<p><strong>Mocidade<\/strong><\/p>\n\n\n\n<p>A Mocidade Independente de Padre Miguel abriu a terceira noite de desfiles apresentando um enredo sobre o futuro e a tecnologia.<\/p>\n\n\n\n<p>Neste ano, a escola foi a primeira a n\u00e3o levar um trip\u00e9 aleg\u00f3rico na comiss\u00e3o de frente. A apresenta\u00e7\u00e3o contou com 5 pain\u00e9is de LED, um human\u00f3ide gigante se movimentando numa coreografia precisa e cachorrinhos-rob\u00f4s, que fizeram a alegria do p\u00fablico.<\/p>\n\n\n\n<p>Com 3.000 componentes, o desfile levou \u00e0 Sapuca\u00ed carros aleg\u00f3ricos com refer\u00eancias a aparelhos eletr\u00f4nicos e \u00e0 explora\u00e7\u00e3o espacial. Numa reflex\u00e3o retrofuturista, uma das alas trouxe as vis\u00f5es de passado e futuro de \u201cOs Flintstones\u201d e \u201cOs Jetsons\u201d, duas anima\u00e7\u00f5es dos anos 1960. A bateria mostrou a tradicional \u201cparadinha\u201d, cuja cria\u00e7\u00e3o \u00e9 atribu\u00edda a Mestre Andr\u00e9 (1932-1980), um dos fundadores da Mocidade.<\/p>\n\n\n\n<p>Na avenida, a Verde e Branca tamb\u00e9m fez homenagens \u00e0 carnavalesca M\u00e1rcia Lage, que\u00a0<a class=\"\" href=\"https:\/\/g1.globo.com\/rj\/rio-de-janeiro\/carnaval\/2025\/noticia\/2025\/01\/19\/marcia-lage-carnavalesca-da-mocidade-morre-aos-64-anos-no-rio.ghtml\">morreu aos 64 anos, em janeiro deste ano, v\u00edtima de leucemia<\/a>. Ela assina o desfile ao lado do marido, Renato Lage.<\/p>\n\n\n\n<p><strong>Para\u00edso do Tuiuti<\/strong><\/p>\n\n\n\n<p>A Para\u00edso do Tuiuti contou a hist\u00f3ria de Xica Manicongo, a primeira travesti n\u00e3o ind\u00edgena documentada da hist\u00f3ria do Brasil. Nascida no Congo, ela foi escravizada e trazida ao pa\u00eds no s\u00e9culo 16. Foi batizada como Francisco, mas seu nome n\u00e3o refletia quem ela realmente era. Por se recusar a usar roupas masculinas, chegou a ser processada pelo Santo Of\u00edcio, na Bahia, em 1591.<\/p>\n\n\n\n<p>Em busca de seu primeiro t\u00edtulo &#8212; a melhor posi\u00e7\u00e3o da Tuiuti foi o vice-campeonato em 2018 &#8211;, a escola teve problemas com a manobra dos carros aleg\u00f3ricos na entrada da Sapuca\u00ed, o que prejudicou a evolu\u00e7\u00e3o. Alegorias e componentes precisaram correr nos minutos finais do apresenta\u00e7\u00e3o, que terminou com 80 minutos cravados.<\/p>\n\n\n\n<p>Ao longo do desfile, a Tuiuti gritou contra a intoler\u00e2ncia e pediu respeito \u00e0 comunidade LGBT+, em um enredo de \u201ctranscestralidade\u201d &#8212; a ancestralidade de pessoas trans.<\/p>\n\n\n\n<p>Na comiss\u00e3o de frente, que mostrou pessoas trans e travestis ocupando diferentes posi\u00e7\u00f5es na sociedade, a deputada federal \u00c9rika Hilton (PSOL-SP) apareceu usando uma faixa presidencial. Tamb\u00e9m participaram como destaques dos carros aleg\u00f3ricos a cantora e atriz Linn da Quebrada e Eloina dos Leopardos, travesti que \u00e9 considerada a primeira pessoa a ocupar o posto de rainha de bateria na hist\u00f3ria do carnaval carioca.<\/p>\n\n\n\n<p><strong>Grande Rio<\/strong><\/p>\n\n\n\n<p>A Acad\u00eamicos do Grande Rio convidou o p\u00fablico para um mergulho nas \u00e1guas do Par\u00e1, com o enredo \u201cPororocas Parawaras &#8211; As \u00e1guas dos meus encantos nas contas dos curimb\u00f3s\u201d. O desfile mostrou o processo de forma\u00e7\u00e3o da religi\u00e3o afro-brasileira Tambor de Mina, atrav\u00e9s da saga de tr\u00eas princesas turcas, que \u00e9 narrada em terreiros paraenses e em m\u00fasicas de carimb\u00f3.<\/p>\n\n\n\n<p>Conta-se que Mariana, Jarina e Herondina foram embarcadas em um navio de guerra sob as ordens do pai, fugindo de conflitos religiosos. Durante a travessia atl\u00e2ntica, enfrentaram uma tempestade violenta que engoliu a embarca\u00e7\u00e3o. A comiss\u00e3o de frente da escola encenou o momento dram\u00e1tico: dan\u00e7arinos em figurinos azuis fluidos simbolizaram o mar revolto e o trip\u00e9 cenogr\u00e1fico teve uma parte desacoplada, para reproduzir o naufr\u00e1gio.<\/p>\n\n\n\n<p>O desfile da Grande Rio em 2025 tamb\u00e9m foi marcado pela&nbsp;<a class=\"\" href=\"https:\/\/g1.globo.com\/fantastico\/noticia\/2025\/02\/16\/paolla-oliveira-anuncia-que-vai-deixar-posto-de-rainha-da-bateria-em-2026-redistribuir-minha-atencao.ghtml\">despedida de Paolla Oliveira como rainha de bateria da escola<\/a>. Fantasiada de Lua Encantada, a atriz sambou muito emocionada durante toda a apresenta\u00e7\u00e3o.<\/p>\n\n\n\n<p>A atriz Dira Paes e as cantoras Faf\u00e1 de Bel\u00e9m e Naieme apareceram no carro abre-alas, representando as princesas turcas, transportadas pelas \u00e1guas a um mundo m\u00e1gico ap\u00f3s a tempestade. A alegoria levou peixes e \u00e1guas-vivas infl\u00e1veis, que flutuaram sobre a avenida. Um dos bal\u00f5es despencou sobre a pista, e foi retirado pelos componentes da escola. A cantora Dona Onete, \u00edcone da m\u00fasica da Amaz\u00f4nia, foi homenageada em uma das alas dedicadas ao carimb\u00f3.<\/p>\n\n\n\n<p><strong>Portela<\/strong><\/p>\n\n\n\n<p>A Portela encerrou o carnaval carioca de 2025 homenageando Milton Nascimento, com a presen\u00e7a do cantor de 82 anos na Sapuca\u00ed. Maior campe\u00e3 do carnaval carioca, com 22 vit\u00f3rias, a escola n\u00e3o \u00e9 campe\u00e3 desde 2017, quando dividiu o t\u00edtulo com a Mocidade.<\/p>\n\n\n\n<p>Para falar sobre Milton, a Azul e Branca decidiu n\u00e3o contar a hist\u00f3ria de vida do artista, mas sim propor uma reflex\u00e3o sobre de que maneiras ele consegue tocar as pessoas com sua arte. A comiss\u00e3o de frente trabalhou com luzes, para simbolizar a m\u00fasica que ilumina, aquece e traz esperan\u00e7a.<\/p>\n\n\n\n<p>Em uma prociss\u00e3o sensorial rumo ao Sol, as alegorias da Portela criaram imagens de f\u00e9, amizade, sonhos e lembran\u00e7as. O desfile tamb\u00e9m levou \u00e0 avenida imagens com refer\u00eancias \u00e0s m\u00fasicas de Milton e do Clube da Esquina, como as nuvens de \u201cNuvem cigana\u201d, os girass\u00f3is de \u201cUm girassol da cor de seu cabelo\u201d e o trem azul da can\u00e7\u00e3o de mesmo nome.<\/p>\n\n\n\n<p>Milton desfilou no \u00faltimo carro, representando o pr\u00f3prio Sol da Portela, sentado em seu trono adornado com elementos da arte barroca mineira. Drones iluminados formaram um sol no c\u00e9u da avenida. Artistas amigos do homenageado tamb\u00e9m participaram do desfile, entre eles, Maria Gad\u00fa, Simone e Marcos Valle.<\/p>\n\n\n\n<p>Fonte G1<\/p>\n","protected":false},"excerpt":{"rendered":"<p>Tuiuti e Mocidade tamb\u00e9m desfilaram, em noite com Milton Nascimento e despedida de Paolla. Veja v\u00eddeos e detalhes das apresenta\u00e7\u00f5es, no 1\u00ba ano com 4 escolas por dia. A&nbsp;Acad\u00eamicos do Grande Rio&nbsp;foi o grande destaque da terceira noite dos desfiles do Grupo Especial do carnaval do Rio de Janeiro, nesta ter\u00e7a-feira (4). Com menos impon\u00eancia, [&hellip;]<\/p>\n","protected":false},"author":8,"featured_media":26027,"comment_status":"closed","ping_status":"open","sticky":false,"template":"","format":"standard","meta":{"rop_custom_images_group":[],"rop_custom_messages_group":[],"rop_publish_now":"initial","rop_publish_now_accounts":[],"rop_publish_now_history":[],"rop_publish_now_status":"pending","footnotes":""},"categories":[264],"tags":[],"class_list":["post-26026","post","type-post","status-publish","format-standard","has-post-thumbnail","hentry","category-carnaval"],"amp_enabled":true,"_links":{"self":[{"href":"https:\/\/imais.online\/portal\/wp-json\/wp\/v2\/posts\/26026","targetHints":{"allow":["GET"]}}],"collection":[{"href":"https:\/\/imais.online\/portal\/wp-json\/wp\/v2\/posts"}],"about":[{"href":"https:\/\/imais.online\/portal\/wp-json\/wp\/v2\/types\/post"}],"author":[{"embeddable":true,"href":"https:\/\/imais.online\/portal\/wp-json\/wp\/v2\/users\/8"}],"replies":[{"embeddable":true,"href":"https:\/\/imais.online\/portal\/wp-json\/wp\/v2\/comments?post=26026"}],"version-history":[{"count":1,"href":"https:\/\/imais.online\/portal\/wp-json\/wp\/v2\/posts\/26026\/revisions"}],"predecessor-version":[{"id":26028,"href":"https:\/\/imais.online\/portal\/wp-json\/wp\/v2\/posts\/26026\/revisions\/26028"}],"wp:featuredmedia":[{"embeddable":true,"href":"https:\/\/imais.online\/portal\/wp-json\/wp\/v2\/media\/26027"}],"wp:attachment":[{"href":"https:\/\/imais.online\/portal\/wp-json\/wp\/v2\/media?parent=26026"}],"wp:term":[{"taxonomy":"category","embeddable":true,"href":"https:\/\/imais.online\/portal\/wp-json\/wp\/v2\/categories?post=26026"},{"taxonomy":"post_tag","embeddable":true,"href":"https:\/\/imais.online\/portal\/wp-json\/wp\/v2\/tags?post=26026"}],"curies":[{"name":"wp","href":"https:\/\/api.w.org\/{rel}","templated":true}]}}