{"id":26065,"date":"2025-03-10T08:50:57","date_gmt":"2025-03-10T11:50:57","guid":{"rendered":"https:\/\/imais.online\/portal\/?p=26065"},"modified":"2025-03-10T08:50:58","modified_gmt":"2025-03-10T11:50:58","slug":"caso-vitoria-pai-da-jovem-e-incluido-na-lista-de-suspeitos-do-crime","status":"publish","type":"post","link":"https:\/\/imais.online\/portal\/caso-vitoria-pai-da-jovem-e-incluido-na-lista-de-suspeitos-do-crime\/","title":{"rendered":"Caso Vit\u00f3ria: pai da jovem \u00e9 inclu\u00eddo na lista de suspeitos do crime"},"content":{"rendered":"<div class=\"imais-before-content-placement\" id=\"imais-42378355\"><script async src=\"\/\/pagead2.googlesyndication.com\/pagead\/js\/adsbygoogle.js?client=ca-pub-8787528412751566\" crossorigin=\"anonymous\"><\/script><ins class=\"adsbygoogle\" style=\"display:block;\" data-ad-client=\"ca-pub-8787528412751566\" \ndata-ad-slot=\"\" \ndata-ad-format=\"auto\"><\/ins>\n<script> \n(adsbygoogle = window.adsbygoogle || []).push({}); \n<\/script>\n<\/div>\n<p>Pol\u00edcia diz que se baseia nos \u201cmesmos crit\u00e9rios\u201d dos outros suspeitos, como contradi\u00e7\u00f5es durante depoimentos<\/p>\n\n\n\n<p>Uma reviravolta importante na investiga\u00e7\u00e3o da morte da menina Vit\u00f3ria Regina de Sousa colocou o\u00a0<strong>pai da garota como um dos suspeitos do crime.<\/strong><\/p>\n\n\n\n<p>A informa\u00e7\u00e3o foi confirmada pelos investigadores \u00e0&nbsp;<strong>CNN<\/strong>, que garantem que a decis\u00e3o est\u00e1 baseada nos \u201cmesmos crit\u00e9rios\u201d dos outros suspeitos.<\/p>\n\n\n\n<p>Assim como o pedido de pris\u00e3o de Gustavo Vin\u00edcius Moraes, a fundamenta\u00e7\u00e3o dos investigadores s\u00e3o as\u00a0<strong>in\u00fameras contradi\u00e7\u00f5es apresentadas por Carlos Alberto Souza.<\/strong><\/p>\n\n\n\n<p>A investiga\u00e7\u00e3o cita um<strong>\u00a0\u201ccomportamento estranho<\/strong>\u201d e diz que o pai da jovem pediu um terreno ao prefeito da cidade de Cajamar em um dos primeiros contatos entre os dois logo ap\u00f3s a confirma\u00e7\u00e3o da morte de Vit\u00f3ria.<\/p>\n\n\n\n<p>A expectativa da Pol\u00edcia Civil \u00e9 que, ainda nesta semana, possa ouvir testemunhas importantes do caso e esclarecer o\u00a0real envolvimento de cada um dos investigados.<\/p>\n\n\n\n<p><strong>Caso Vit\u00f3ria: Pol\u00edcia Civil indica \u201ccoautoria de outros elementos\u201d<\/strong><\/p>\n\n\n\n<p>A defesa de Carlos Alberto, por meio do advogado Fabio Costa, informou \u00e0&nbsp;<strong>CNN<\/strong>&nbsp;que vai tentar reverter a situa\u00e7\u00e3o ainda nesta semana,<strong>&nbsp;j\u00e1 que acha a decis\u00e3o \u201cabsurda\u201d.&nbsp;<\/strong><\/p>\n\n\n\n<p>O advogado disse que o pai de Vit\u00f3ria<strong>\u00a0nunca foi ouvido formalmente pela pol\u00edcia<\/strong>, por isso n\u00e3o deu detalhes sobre o dia do desaparecimento.<\/p>\n\n\n\n<p>Fonte CNN Brasil <\/p>\n","protected":false},"excerpt":{"rendered":"<p>Pol\u00edcia diz que se baseia nos \u201cmesmos crit\u00e9rios\u201d dos outros suspeitos, como contradi\u00e7\u00f5es durante depoimentos Uma reviravolta importante na investiga\u00e7\u00e3o da morte da menina Vit\u00f3ria Regina de Sousa colocou o\u00a0pai da garota como um dos suspeitos do crime. A informa\u00e7\u00e3o foi confirmada pelos investigadores \u00e0&nbsp;CNN, que garantem que a decis\u00e3o est\u00e1 baseada nos \u201cmesmos crit\u00e9rios\u201d [&hellip;]<\/p>\n","protected":false},"author":8,"featured_media":26066,"comment_status":"closed","ping_status":"open","sticky":false,"template":"","format":"standard","meta":{"rop_custom_images_group":[],"rop_custom_messages_group":[],"rop_publish_now":"initial","rop_publish_now_accounts":[],"rop_publish_now_history":[],"rop_publish_now_status":"pending","footnotes":""},"categories":[199],"tags":[73],"class_list":["post-26065","post","type-post","status-publish","format-standard","has-post-thumbnail","hentry","category-policia","tag-featured"],"amp_enabled":true,"_links":{"self":[{"href":"https:\/\/imais.online\/portal\/wp-json\/wp\/v2\/posts\/26065","targetHints":{"allow":["GET"]}}],"collection":[{"href":"https:\/\/imais.online\/portal\/wp-json\/wp\/v2\/posts"}],"about":[{"href":"https:\/\/imais.online\/portal\/wp-json\/wp\/v2\/types\/post"}],"author":[{"embeddable":true,"href":"https:\/\/imais.online\/portal\/wp-json\/wp\/v2\/users\/8"}],"replies":[{"embeddable":true,"href":"https:\/\/imais.online\/portal\/wp-json\/wp\/v2\/comments?post=26065"}],"version-history":[{"count":1,"href":"https:\/\/imais.online\/portal\/wp-json\/wp\/v2\/posts\/26065\/revisions"}],"predecessor-version":[{"id":26067,"href":"https:\/\/imais.online\/portal\/wp-json\/wp\/v2\/posts\/26065\/revisions\/26067"}],"wp:featuredmedia":[{"embeddable":true,"href":"https:\/\/imais.online\/portal\/wp-json\/wp\/v2\/media\/26066"}],"wp:attachment":[{"href":"https:\/\/imais.online\/portal\/wp-json\/wp\/v2\/media?parent=26065"}],"wp:term":[{"taxonomy":"category","embeddable":true,"href":"https:\/\/imais.online\/portal\/wp-json\/wp\/v2\/categories?post=26065"},{"taxonomy":"post_tag","embeddable":true,"href":"https:\/\/imais.online\/portal\/wp-json\/wp\/v2\/tags?post=26065"}],"curies":[{"name":"wp","href":"https:\/\/api.w.org\/{rel}","templated":true}]}}