{"id":26089,"date":"2025-03-11T10:54:47","date_gmt":"2025-03-11T13:54:47","guid":{"rendered":"https:\/\/imais.online\/portal\/?p=26089"},"modified":"2025-03-11T10:54:48","modified_gmt":"2025-03-11T13:54:48","slug":"como-ver-a-lua-de-sangue-saiba-data-e-horario-do-primeiro-eclipse-lunar-de-2025","status":"publish","type":"post","link":"https:\/\/imais.online\/portal\/como-ver-a-lua-de-sangue-saiba-data-e-horario-do-primeiro-eclipse-lunar-de-2025\/","title":{"rendered":"Como ver a Lua de Sangue? Saiba data e hor\u00e1rio do primeiro eclipse lunar de 2025"},"content":{"rendered":"<div class=\"imais-before-content-placement\" id=\"imais-685295870\"><script async src=\"\/\/pagead2.googlesyndication.com\/pagead\/js\/adsbygoogle.js?client=ca-pub-8787528412751566\" crossorigin=\"anonymous\"><\/script><ins class=\"adsbygoogle\" style=\"display:block;\" data-ad-client=\"ca-pub-8787528412751566\" \ndata-ad-slot=\"\" \ndata-ad-format=\"auto\"><\/ins>\n<script> \n(adsbygoogle = window.adsbygoogle || []).push({}); \n<\/script>\n<\/div>\n<h2 class=\"wp-block-heading\">Fen\u00f4meno poder\u00e1 ser visto do Pac\u00edfico, das Am\u00e9ricas, da Europa Ocidental e da \u00c1frica Ocidental<\/h2>\n\n\n\n<p>Vis\u00edvel em toda a Am\u00e9rica Latina, incluindo o Brasil, o\u00a0<a class=\"\" href=\"https:\/\/oglobo.globo.com\/brasil\/noticia\/2025\/03\/08\/lua-de-sangue-primeiro-eclipse-lunar-do-ano-sera-visivel-nos-proximos-dias-veja-data-e-horario.ghtml\">primeiro eclipse lunar de 2025<\/a>\u00a0acontece nesta semana. Segundo a Ag\u00eancia Espacial dos Estados Unidos (Nasa), o fen\u00f4meno poder\u00e1 ser visto do Pac\u00edfico, das Am\u00e9ricas, da Europa Ocidental e da \u00c1frica Ocidental.<\/p>\n\n\n\n<h2 class=\"wp-block-heading\">Como ver o eclipse lunar?<\/h2>\n\n\n\n<p>Segundo a Nasa, o eclipse ocorrer\u00e1 na madrugada entre os dias\u00a0<strong>13 e 14 de mar\u00e7o<\/strong>\u00a0(quinta e sexta-feira). Seu come\u00e7o est\u00e1 previso para \u00e0s\u00a0<strong>00h57<\/strong>\u00a0(de Bras\u00edlia) do dia 14, mas sua fase total come\u00e7ar\u00e1 por volta das\u00a0<strong>3h25<\/strong>. Este ser\u00e1 o momento em que a Terra estar\u00e1 entre o Sol e a Lua e o momento deve durar aproximadamente uma hora e cinco minutos. Durante o evento, a lua ir\u00e1 adquirir tons que variam entre o alaranjado e o avermelhado.<\/p>\n\n\n\n<h2 class=\"wp-block-heading\">Quando \u00e9 a Lua de Sangue?<\/h2>\n\n\n\n<p>O eclipse atingir\u00e1 sua fase total por volta de 3h25 (de Bras\u00edlia) e contar\u00e1 com uma dura\u00e7\u00e3o de aproximadamente uma hora e cinco minutos. \u00c9 tempo o suficiente para experienciar as mudan\u00e7as nos tons do sat\u00e9lite natural, mas para observar o eclipse, \u00e9 importante prestar aten\u00e7\u00e3o em suas fases.<\/p>\n\n\n\n<ul class=\"wp-block-list\">\n<li><strong>00h57:&nbsp;<\/strong>come\u00e7o do eclipse penumbral<\/li>\n\n\n\n<li><strong>02h09:&nbsp;<\/strong>come\u00e7o do eclipse parcial<\/li>\n\n\n\n<li><strong>03h26:&nbsp;<\/strong>come\u00e7o da totalidade do eclipse, quando a lua assume tom avermelhado<\/li>\n\n\n\n<li><strong>04h31:&nbsp;<\/strong>encerramento da totalidade<\/li>\n\n\n\n<li><strong>05h47:<\/strong>&nbsp;fim do eclipse parcial, mas a lua ainda na penumbra<\/li>\n\n\n\n<li><strong>07h:&nbsp;<\/strong>fim do eclipse penumbral<\/li>\n<\/ul>\n\n\n\n<p>Vale destacar que ao contr\u00e1rio do eclipse solar, o eclipse lunar pode ser visto sem prote\u00e7\u00e3o nos olhos. Assim, para uma melhor visualiza\u00e7\u00e3o do fen\u00f4meno \u00e9 aconselhado:<\/p>\n\n\n\n<ul class=\"wp-block-list\">\n<li>Se afastar das luzes artificiais;<\/li>\n\n\n\n<li>Buscar lugares mais escuros, como estradas, praias e campos;<\/li>\n\n\n\n<li>N\u00e3o se colocar em risco, escolhendo lugares de dif\u00edcil acesso<\/li>\n<\/ul>\n\n\n\n<p>Caso as condi\u00e7\u00f5es clim\u00e1ticas no dia possibilitem um c\u00e9u limpo, o fen\u00f4meno poder\u00e1 ser visualizado em todo o territ\u00f3rio nacional.<\/p>\n\n\n\n<h2 class=\"wp-block-heading\">O que \u00e9 eclipse lunar?<\/h2>\n\n\n\n<p>A lua se move em uma \u00f3rbita ao redor da Terra. Ao mesmo tempo, a Terra orbita o sol. \u00c0s vezes, a Terra se move entre o sol e a lua.<\/p>\n\n\n\n<figure class=\"wp-block-image\"><img decoding=\"async\" src=\"https:\/\/s2-oglobo.glbimg.com\/w4TemxvjVn0TSeqGMrWaiaiIkZk=\/0x0:1100x555\/984x0\/smart\/filters:strip_icc()\/i.s3.glbimg.com\/v1\/AUTH_da025474c0c44edd99332dddb09cabe8\/internal_photos\/bs\/2024\/X\/B\/GqccHGR7azaP8nbJ2t1A\/eclipse-lunar.jpg\" alt=\"Diagrama mostra como \u00e9 o eclipse lunar \u2014 Foto: Arte O GLOBO\"\/><figcaption class=\"wp-element-caption\">Diagrama mostra como \u00e9 o eclipse lunar \u2014 Foto: Arte O GLOBO<\/figcaption><\/figure>\n\n\n\n<p>Quando isso acontece, a Terra bloqueia a luz solar que normalmente \u00e9 refletida pela Lua \u2014 \u00e9 essa mesma luz solar que faz a Lua brilhar. Em vez de a luz atingir a superf\u00edcie da Lua, a sombra da Terra recobre a Lua. Esse fen\u00f4meno, de acordo com a Nasa, s\u00f3 pode ocorrer na lua cheia.<\/p>\n\n\n\n<p>Fonte O Globo<\/p>\n","protected":false},"excerpt":{"rendered":"<p>Fen\u00f4meno poder\u00e1 ser visto do Pac\u00edfico, das Am\u00e9ricas, da Europa Ocidental e da \u00c1frica Ocidental Vis\u00edvel em toda a Am\u00e9rica Latina, incluindo o Brasil, o\u00a0primeiro eclipse lunar de 2025\u00a0acontece nesta semana. Segundo a Ag\u00eancia Espacial dos Estados Unidos (Nasa), o fen\u00f4meno poder\u00e1 ser visto do Pac\u00edfico, das Am\u00e9ricas, da Europa Ocidental e da \u00c1frica Ocidental. [&hellip;]<\/p>\n","protected":false},"author":8,"featured_media":26090,"comment_status":"closed","ping_status":"open","sticky":false,"template":"","format":"standard","meta":{"rop_custom_images_group":[],"rop_custom_messages_group":[],"rop_publish_now":"initial","rop_publish_now_accounts":[],"rop_publish_now_history":[],"rop_publish_now_status":"pending","footnotes":""},"categories":[189],"tags":[],"class_list":["post-26089","post","type-post","status-publish","format-standard","has-post-thumbnail","hentry","category-brasil"],"amp_enabled":true,"_links":{"self":[{"href":"https:\/\/imais.online\/portal\/wp-json\/wp\/v2\/posts\/26089","targetHints":{"allow":["GET"]}}],"collection":[{"href":"https:\/\/imais.online\/portal\/wp-json\/wp\/v2\/posts"}],"about":[{"href":"https:\/\/imais.online\/portal\/wp-json\/wp\/v2\/types\/post"}],"author":[{"embeddable":true,"href":"https:\/\/imais.online\/portal\/wp-json\/wp\/v2\/users\/8"}],"replies":[{"embeddable":true,"href":"https:\/\/imais.online\/portal\/wp-json\/wp\/v2\/comments?post=26089"}],"version-history":[{"count":1,"href":"https:\/\/imais.online\/portal\/wp-json\/wp\/v2\/posts\/26089\/revisions"}],"predecessor-version":[{"id":26091,"href":"https:\/\/imais.online\/portal\/wp-json\/wp\/v2\/posts\/26089\/revisions\/26091"}],"wp:featuredmedia":[{"embeddable":true,"href":"https:\/\/imais.online\/portal\/wp-json\/wp\/v2\/media\/26090"}],"wp:attachment":[{"href":"https:\/\/imais.online\/portal\/wp-json\/wp\/v2\/media?parent=26089"}],"wp:term":[{"taxonomy":"category","embeddable":true,"href":"https:\/\/imais.online\/portal\/wp-json\/wp\/v2\/categories?post=26089"},{"taxonomy":"post_tag","embeddable":true,"href":"https:\/\/imais.online\/portal\/wp-json\/wp\/v2\/tags?post=26089"}],"curies":[{"name":"wp","href":"https:\/\/api.w.org\/{rel}","templated":true}]}}