{"id":26131,"date":"2025-03-14T10:26:52","date_gmt":"2025-03-14T13:26:52","guid":{"rendered":"https:\/\/imais.online\/portal\/?p=26131"},"modified":"2025-03-14T10:26:53","modified_gmt":"2025-03-14T13:26:53","slug":"cra-lanca-programa-amigo-pet-com-exposicao-de-animais-para-adocao-no-proximo-domingo-23-3","status":"publish","type":"post","link":"https:\/\/imais.online\/portal\/cra-lanca-programa-amigo-pet-com-exposicao-de-animais-para-adocao-no-proximo-domingo-23-3\/","title":{"rendered":"CRA lan\u00e7a Programa Amigo Pet com exposi\u00e7\u00e3o de animais para ado\u00e7\u00e3o no pr\u00f3ximo domingo (23\/3)"},"content":{"rendered":"<div class=\"imais-before-content-placement\" id=\"imais-3662138534\"><script async src=\"\/\/pagead2.googlesyndication.com\/pagead\/js\/adsbygoogle.js?client=ca-pub-8787528412751566\" crossorigin=\"anonymous\"><\/script><ins class=\"adsbygoogle\" style=\"display:block;\" data-ad-client=\"ca-pub-8787528412751566\" \ndata-ad-slot=\"\" \ndata-ad-format=\"auto\"><\/ins>\n<script> \n(adsbygoogle = window.adsbygoogle || []).push({}); \n<\/script>\n<\/div>\n<p><em><small>Evento contar\u00e1 com uma exposi\u00e7\u00e3o de animais do CRA dispon\u00edveis para ado\u00e7\u00e3o<\/small><\/em><\/p>\n\n\n\n<p>A Secretaria de Servi\u00e7os Urbanos e Meio Ambiente promover\u00e1 no domingo, dia 23 de mar\u00e7o, a primeira edi\u00e7\u00e3o do Programa Amigo Pet, um evento voltado \u00e0 causa animal com exposi\u00e7\u00e3o do Centro de Reabilita\u00e7\u00e3o Animal (CRA) e de servi\u00e7os voltados ao meio ambiente. A exposi\u00e7\u00e3o acontecer\u00e1 ao lado do Parque da Crian\u00e7a, no Parque Ecol\u00f3gico de Indaiatuba, das 10h \u00e0s 14h. Na programa\u00e7\u00e3o est\u00e3o as apresenta\u00e7\u00f5es do Canil da Guarda Municipal e de uma pe\u00e7a teatral sobre o tema que ser\u00e1 apresentada \u00e0s 11h, com o apoio do Compda (Conselho Municipal de Prote\u00e7\u00e3o e Defesa Animal), que \u00e9 parceiro da a\u00e7\u00e3o.<\/p>\n\n\n\n<p>O secret\u00e1rio de Servi\u00e7os Urbanos, Guilherme Magnusson, informou que a proposta do evento \u00e9 chamar a aten\u00e7\u00e3o da popula\u00e7\u00e3o para a causa animal e, ao mesmo tempo, incentivar a ado\u00e7\u00e3o respons\u00e1vel. \u201cNosso objetivo com o Programa Amigo Pet vai al\u00e9m de incentivar a ado\u00e7\u00e3o de um pet, \u00e9 tamb\u00e9m criar um espa\u00e7o onde as fam\u00edlias possam passear, conhecer o trabalho de prote\u00e7\u00e3o animal que o munic\u00edpio desenvolve, assistir a uma apresenta\u00e7\u00e3o voltada ao tema, divertir-se e ajudar a levar a bandeira da causa animal para outras pessoas\u201d, explicou.<\/p>\n\n\n\n<p>A microchipagem de animais \u00e9 um dos servi\u00e7os que estar\u00e3o dispon\u00edveis no evento Programa Amigo Pet. A a\u00e7\u00e3o faz parte do Programa Municipal de Microchipagem Animal que criou o Registro Geral de Animais denominado Sistema Meu Pet. O sistema \u00e9 uma aba da Plataforma Minha Indaiatuba, que possui um banco de dados utilizado para estabelecer pol\u00edticas p\u00fablicas mais efetivas de quest\u00f5es relacionadas ao bem-estar dos animais.<\/p>\n\n\n\n<p>Outro servi\u00e7o do Departamento de Meio Ambiente que estar\u00e1 no local ser\u00e1 o Projeto Click \u00c1rvore, que doar\u00e1 mudas de \u00e1rvores para quem passar por l\u00e1, e tamb\u00e9m far\u00e1 o cadastro para as fam\u00edlias que quiserem ter uma \u00e1rvore plantada na cal\u00e7ada de seu im\u00f3vel.<\/p>\n\n\n\n<p>Para o lazer, as crian\u00e7as ainda poder\u00e3o passear pelo Parque Ecol\u00f3gico na carretinha conduzida por trator, que sempre \u00e9 sucesso nos eventos da Secretaria de Servi\u00e7os Urbanos e Meio Ambiente.<\/p>\n\n\n\n<p>A Secretaria da Sa\u00fade estar\u00e1 presente com a&nbsp;equipe do Centro de Opera\u00e7\u00f5es Contra a Dengue que estar\u00e1 orientando a popula\u00e7\u00e3o sobre os cuidados de preven\u00e7\u00e3o \u00e0 doen\u00e7a.<\/p>\n\n\n\n<p><strong>Servi\u00e7o<\/strong><\/p>\n\n\n\n<p>Programa Amigo Pet<\/p>\n\n\n\n<p>Dia 23\/03<\/p>\n\n\n\n<p>Hor\u00e1rio: das 10h \u00e0s 14h<\/p>\n\n\n\n<p>Local: estacionamento do Parque da Crian\u00e7a \u2013 Parque Ecol\u00f3gico de Indaiatuba<\/p>\n\n\n\n<p>Entrada gratuita<\/p>\n\n\n\n<p><\/p>\n","protected":false},"excerpt":{"rendered":"<p>Evento contar\u00e1 com uma exposi\u00e7\u00e3o de animais do CRA dispon\u00edveis para ado\u00e7\u00e3o A Secretaria de Servi\u00e7os Urbanos e Meio Ambiente promover\u00e1 no domingo, dia 23 de mar\u00e7o, a primeira edi\u00e7\u00e3o do Programa Amigo Pet, um evento voltado \u00e0 causa animal com exposi\u00e7\u00e3o do Centro de Reabilita\u00e7\u00e3o Animal (CRA) e de servi\u00e7os voltados ao meio ambiente. [&hellip;]<\/p>\n","protected":false},"author":8,"featured_media":26132,"comment_status":"closed","ping_status":"open","sticky":false,"template":"","format":"standard","meta":{"rop_custom_images_group":[],"rop_custom_messages_group":[],"rop_publish_now":"initial","rop_publish_now_accounts":[],"rop_publish_now_history":[],"rop_publish_now_status":"pending","footnotes":""},"categories":[188],"tags":[],"class_list":["post-26131","post","type-post","status-publish","format-standard","has-post-thumbnail","hentry","category-indaiatuba"],"amp_enabled":true,"_links":{"self":[{"href":"https:\/\/imais.online\/portal\/wp-json\/wp\/v2\/posts\/26131","targetHints":{"allow":["GET"]}}],"collection":[{"href":"https:\/\/imais.online\/portal\/wp-json\/wp\/v2\/posts"}],"about":[{"href":"https:\/\/imais.online\/portal\/wp-json\/wp\/v2\/types\/post"}],"author":[{"embeddable":true,"href":"https:\/\/imais.online\/portal\/wp-json\/wp\/v2\/users\/8"}],"replies":[{"embeddable":true,"href":"https:\/\/imais.online\/portal\/wp-json\/wp\/v2\/comments?post=26131"}],"version-history":[{"count":1,"href":"https:\/\/imais.online\/portal\/wp-json\/wp\/v2\/posts\/26131\/revisions"}],"predecessor-version":[{"id":26133,"href":"https:\/\/imais.online\/portal\/wp-json\/wp\/v2\/posts\/26131\/revisions\/26133"}],"wp:featuredmedia":[{"embeddable":true,"href":"https:\/\/imais.online\/portal\/wp-json\/wp\/v2\/media\/26132"}],"wp:attachment":[{"href":"https:\/\/imais.online\/portal\/wp-json\/wp\/v2\/media?parent=26131"}],"wp:term":[{"taxonomy":"category","embeddable":true,"href":"https:\/\/imais.online\/portal\/wp-json\/wp\/v2\/categories?post=26131"},{"taxonomy":"post_tag","embeddable":true,"href":"https:\/\/imais.online\/portal\/wp-json\/wp\/v2\/tags?post=26131"}],"curies":[{"name":"wp","href":"https:\/\/api.w.org\/{rel}","templated":true}]}}