{"id":26134,"date":"2025-03-14T10:37:20","date_gmt":"2025-03-14T13:37:20","guid":{"rendered":"https:\/\/imais.online\/portal\/?p=26134"},"modified":"2025-03-14T10:37:32","modified_gmt":"2025-03-14T13:37:32","slug":"procon-indaiatuba-celebra-dia-do-consumidor-e-apresenta-servicos-prestados-a-populacao","status":"publish","type":"post","link":"https:\/\/imais.online\/portal\/procon-indaiatuba-celebra-dia-do-consumidor-e-apresenta-servicos-prestados-a-populacao\/","title":{"rendered":"Procon Indaiatuba celebra Dia do Consumidor e apresenta servi\u00e7os prestados \u00e0 popula\u00e7\u00e3o"},"content":{"rendered":"<div class=\"imais-before-content-placement\" id=\"imais-1123327961\"><script async src=\"\/\/pagead2.googlesyndication.com\/pagead\/js\/adsbygoogle.js?client=ca-pub-8787528412751566\" crossorigin=\"anonymous\"><\/script><ins class=\"adsbygoogle\" style=\"display:block;\" data-ad-client=\"ca-pub-8787528412751566\" \ndata-ad-slot=\"\" \ndata-ad-format=\"auto\"><\/ins>\n<script> \n(adsbygoogle = window.adsbygoogle || []).push({}); \n<\/script>\n<\/div>\n<p><em><small>Objetivo do \u00f3rg\u00e3o \u00e9 realizar atendimento no que diz respeito ao direito de consumo<\/small><\/em><\/p>\n\n\n\n<p>No dia 15 de mar\u00e7o \u00e9 comemorado o Dia Mundial dos Direitos do Consumidor.&nbsp;Criado por Lei Municipal em 1897, o Procon Indaiatuba, subordinado ao Gabinete do Prefeito, construiu ao longo dos anos sua credibilidade junto \u00e0 popula\u00e7\u00e3o.<\/p>\n\n\n\n<p>Atrav\u00e9s da Lei 2.493\/89 a Prefeitura realizou um conv\u00eanio com o Governo do Estado de S\u00e3o Paulo para executar o Programa de Prote\u00e7\u00e3o ao Consumidor no munic\u00edpio.&nbsp; O objetivo \u00e9 realizar atendimento no que diz respeito ao direito de consumo, direito a escolha, seguran\u00e7a, informa\u00e7\u00e3o, publicidade enganosa, prote\u00e7\u00e3o nos contratos, atos fiscalizat\u00f3rios e orienta\u00e7\u00e3o trabalhista.<\/p>\n\n\n\n<p>O C\u00f3digo de Defesa do Consumidor foi um grande marco na evolu\u00e7\u00e3o da defesa do consumidor brasileiro, sendo uma lei de ordem p\u00fablica e de interesse social com in\u00fameras inova\u00e7\u00f5es inclusive de ordem processual.<\/p>\n\n\n\n<p>O Procon de Indaiatuba realizou mais de 5.650 atendimentos em 2024, com 84% das reclama\u00e7\u00f5es formalizadas, atendidas com sucesso.<\/p>\n\n\n\n<p>\u201cTrabalhamos de forma intensa na resolu\u00e7\u00e3o de conflitos dos consumidores primando, inclusive, pela concilia\u00e7\u00e3o em tempo de atendimento e na realiza\u00e7\u00e3o de audi\u00eancias em fase processual\u201d, destacou o diretor do Procon Indaiatuba Ivan Gilio.<\/p>\n\n\n\n<p>Al\u00e9m destes atendimentos, em rela\u00e7\u00e3o ao consumo, o Procon atua tamb\u00e9m em atos fiscalizat\u00f3rios, com funcion\u00e1rio credenciado pela Funda\u00e7\u00e3o Procon de S\u00e3o Paulo e servi\u00e7os de nota fiscal paulista, com desbloqueio de senhas.<\/p>\n\n\n\n<p>O Procon de Indaiatuba hoje opera com 08 funcion\u00e1rios, incluindo diretor.<\/p>\n\n\n\n<p>Para d\u00favidas ou mais informa\u00e7\u00f5es o telefone do Procon Indaiatuba \u00e9 (19) 3816-9254. O consumidor tamb\u00e9m pode entrar em contato pelo e-mail juridico.procon@indaiatuba.sp.gov.br ou presencialmente, das 8h \u00e0s 17h, de segunda a sexta-feira no Ponto Cidad\u00e3o, rua Vinte e Quatro de Maio, 1670.<\/p>\n","protected":false},"excerpt":{"rendered":"<p>Objetivo do \u00f3rg\u00e3o \u00e9 realizar atendimento no que diz respeito ao direito de consumo No dia 15 de mar\u00e7o \u00e9 comemorado o Dia Mundial dos Direitos do Consumidor.&nbsp;Criado por Lei Municipal em 1897, o Procon Indaiatuba, subordinado ao Gabinete do Prefeito, construiu ao longo dos anos sua credibilidade junto \u00e0 popula\u00e7\u00e3o. Atrav\u00e9s da Lei 2.493\/89 [&hellip;]<\/p>\n","protected":false},"author":8,"featured_media":0,"comment_status":"closed","ping_status":"open","sticky":false,"template":"","format":"standard","meta":{"rop_custom_images_group":[],"rop_custom_messages_group":[],"rop_publish_now":"initial","rop_publish_now_accounts":[],"rop_publish_now_history":[],"rop_publish_now_status":"pending","footnotes":""},"categories":[188],"tags":[],"class_list":["post-26134","post","type-post","status-publish","format-standard","hentry","category-indaiatuba"],"amp_enabled":true,"_links":{"self":[{"href":"https:\/\/imais.online\/portal\/wp-json\/wp\/v2\/posts\/26134","targetHints":{"allow":["GET"]}}],"collection":[{"href":"https:\/\/imais.online\/portal\/wp-json\/wp\/v2\/posts"}],"about":[{"href":"https:\/\/imais.online\/portal\/wp-json\/wp\/v2\/types\/post"}],"author":[{"embeddable":true,"href":"https:\/\/imais.online\/portal\/wp-json\/wp\/v2\/users\/8"}],"replies":[{"embeddable":true,"href":"https:\/\/imais.online\/portal\/wp-json\/wp\/v2\/comments?post=26134"}],"version-history":[{"count":1,"href":"https:\/\/imais.online\/portal\/wp-json\/wp\/v2\/posts\/26134\/revisions"}],"predecessor-version":[{"id":26135,"href":"https:\/\/imais.online\/portal\/wp-json\/wp\/v2\/posts\/26134\/revisions\/26135"}],"wp:attachment":[{"href":"https:\/\/imais.online\/portal\/wp-json\/wp\/v2\/media?parent=26134"}],"wp:term":[{"taxonomy":"category","embeddable":true,"href":"https:\/\/imais.online\/portal\/wp-json\/wp\/v2\/categories?post=26134"},{"taxonomy":"post_tag","embeddable":true,"href":"https:\/\/imais.online\/portal\/wp-json\/wp\/v2\/tags?post=26134"}],"curies":[{"name":"wp","href":"https:\/\/api.w.org\/{rel}","templated":true}]}}