{"id":26149,"date":"2025-03-15T21:16:20","date_gmt":"2025-03-16T00:16:20","guid":{"rendered":"https:\/\/imais.online\/portal\/?p=26149"},"modified":"2025-03-15T21:16:21","modified_gmt":"2025-03-16T00:16:21","slug":"tiago-leifert-e-confirmado-como-apresentador-do-the-voice-no-sbt","status":"publish","type":"post","link":"https:\/\/imais.online\/portal\/tiago-leifert-e-confirmado-como-apresentador-do-the-voice-no-sbt\/","title":{"rendered":"Tiago Leifert \u00e9 confirmado como apresentador do The Voice no SBT"},"content":{"rendered":"<div class=\"imais-before-content-placement\" id=\"imais-1042658160\"><script async src=\"\/\/pagead2.googlesyndication.com\/pagead\/js\/adsbygoogle.js?client=ca-pub-8787528412751566\" crossorigin=\"anonymous\"><\/script><ins class=\"adsbygoogle\" style=\"display:block;\" data-ad-client=\"ca-pub-8787528412751566\" \ndata-ad-slot=\"\" \ndata-ad-format=\"auto\"><\/ins>\n<script> \n(adsbygoogle = window.adsbygoogle || []).push({}); \n<\/script>\n<\/div>\n<h2 class=\"wp-block-heading\">Ex apresentador do BBB assume comando do The Voice no SBT, enquanto Boninho confirma o retorno de programas e aposta em Ana Furtado para o F\u00e1brica de Casamentos<\/h2>\n\n\n\n<p>O SBT anunciou oficialmente&nbsp;<strong>Tiago Leifert<\/strong>&nbsp;como o novo apresentador do &#8220;The Voice&#8221;, reality musical que estreia em breve na emissora. A novidade foi revelada por Boninho, ex-diretor da TV Globo, que agora se envolve em novos projetos fora da antiga casa.<\/p>\n\n\n\n<p>A chegada de Leifert ao SBT marca uma grande mudan\u00e7a na atra\u00e7\u00e3o, que anteriormente era transmitida pela Globo. O jornalista e apresentador, que comandou v\u00e1rias edi\u00e7\u00f5es do programa na emissora carioca, retorna ao formato ap\u00f3s sua sa\u00edda da Globo em 2021.<\/p>\n\n\n\n<p><strong>Boninho<\/strong>\u00a0tamb\u00e9m confirmou o retorno do &#8220;Vem Pra C\u00e1&#8221; e deixou escapar que o &#8220;F\u00e1brica de Casamentos&#8221; pode voltar em grande estilo. A aposta\u00a0\u00e9 que Ana Furtado pode assumir o posto que j\u00e1 foi de\u00a0<strong>Chris Flores<\/strong>. A estrat\u00e9gia refor\u00e7a a busca da emissora por atra\u00e7\u00f5es de grande apelo popular.<\/p>\n\n\n\n<p>O novo &#8220;The Voice&#8221; no SBT tem previs\u00e3o de estreia para junho ou julho, mas mais detalhes sobre formato e jurados ainda ser\u00e3o divulgados. A expectativa \u00e9 que a atra\u00e7\u00e3o mantenha o sucesso alcan\u00e7ado em edi\u00e7\u00f5es anteriores.<\/p>\n\n\n\n<p>Fonte Jornal O Dia <\/p>\n","protected":false},"excerpt":{"rendered":"<p>Ex apresentador do BBB assume comando do The Voice no SBT, enquanto Boninho confirma o retorno de programas e aposta em Ana Furtado para o F\u00e1brica de Casamentos O SBT anunciou oficialmente&nbsp;Tiago Leifert&nbsp;como o novo apresentador do &#8220;The Voice&#8221;, reality musical que estreia em breve na emissora. A novidade foi revelada por Boninho, ex-diretor da [&hellip;]<\/p>\n","protected":false},"author":8,"featured_media":26150,"comment_status":"closed","ping_status":"open","sticky":false,"template":"","format":"standard","meta":{"rop_custom_images_group":[],"rop_custom_messages_group":[],"rop_publish_now":"initial","rop_publish_now_accounts":[],"rop_publish_now_history":[],"rop_publish_now_status":"pending","footnotes":""},"categories":[16],"tags":[73],"class_list":["post-26149","post","type-post","status-publish","format-standard","has-post-thumbnail","hentry","category-entertainment","tag-featured"],"amp_enabled":true,"_links":{"self":[{"href":"https:\/\/imais.online\/portal\/wp-json\/wp\/v2\/posts\/26149","targetHints":{"allow":["GET"]}}],"collection":[{"href":"https:\/\/imais.online\/portal\/wp-json\/wp\/v2\/posts"}],"about":[{"href":"https:\/\/imais.online\/portal\/wp-json\/wp\/v2\/types\/post"}],"author":[{"embeddable":true,"href":"https:\/\/imais.online\/portal\/wp-json\/wp\/v2\/users\/8"}],"replies":[{"embeddable":true,"href":"https:\/\/imais.online\/portal\/wp-json\/wp\/v2\/comments?post=26149"}],"version-history":[{"count":1,"href":"https:\/\/imais.online\/portal\/wp-json\/wp\/v2\/posts\/26149\/revisions"}],"predecessor-version":[{"id":26151,"href":"https:\/\/imais.online\/portal\/wp-json\/wp\/v2\/posts\/26149\/revisions\/26151"}],"wp:featuredmedia":[{"embeddable":true,"href":"https:\/\/imais.online\/portal\/wp-json\/wp\/v2\/media\/26150"}],"wp:attachment":[{"href":"https:\/\/imais.online\/portal\/wp-json\/wp\/v2\/media?parent=26149"}],"wp:term":[{"taxonomy":"category","embeddable":true,"href":"https:\/\/imais.online\/portal\/wp-json\/wp\/v2\/categories?post=26149"},{"taxonomy":"post_tag","embeddable":true,"href":"https:\/\/imais.online\/portal\/wp-json\/wp\/v2\/tags?post=26149"}],"curies":[{"name":"wp","href":"https:\/\/api.w.org\/{rel}","templated":true}]}}