{"id":26178,"date":"2025-03-18T11:59:56","date_gmt":"2025-03-18T14:59:56","guid":{"rendered":"https:\/\/imais.online\/portal\/?p=26178"},"modified":"2025-03-19T10:47:25","modified_gmt":"2025-03-19T13:47:25","slug":"suspeito-de-trafico-e-morto-pela-pm-durante-festa-para-gravacao-de-clipe-com-mc-e-garotas-de-programa","status":"publish","type":"post","link":"https:\/\/imais.online\/portal\/suspeito-de-trafico-e-morto-pela-pm-durante-festa-para-gravacao-de-clipe-com-mc-e-garotas-de-programa\/","title":{"rendered":"Suspeito de tr\u00e1fico \u00e9 morto pela PM durante festa para grava\u00e7\u00e3o de clipe com MC e garotas de programa"},"content":{"rendered":"<div class=\"imais-before-content-placement\" id=\"imais-1190122984\"><script async src=\"\/\/pagead2.googlesyndication.com\/pagead\/js\/adsbygoogle.js?client=ca-pub-8787528412751566\" crossorigin=\"anonymous\"><\/script><ins class=\"adsbygoogle\" style=\"display:block;\" data-ad-client=\"ca-pub-8787528412751566\" \ndata-ad-slot=\"\" \ndata-ad-format=\"auto\"><\/ins>\n<script> \n(adsbygoogle = window.adsbygoogle || []).push({}); \n<\/script>\n<\/div>\n<h2 class=\"wp-block-heading\">Caso foi em ch\u00e1cara de Indaiatuba (SP). Policiais foram at\u00e9 o local ap\u00f3s den\u00fancia de comercializa\u00e7\u00e3o de drogas e disparos com armas de fogo.<\/h2>\n\n\n\n<p>Um homem de 43 anos, suspeito de envolvimento com o tr\u00e1fico de drogas, foi\u00a0<strong>morto durante um confronto com a pol\u00edcia militar<\/strong>, em\u00a0Indaiatuba (SP), na tarde desta segunda-feira (18).<\/p>\n\n\n\n<p>O caso foi em uma ch\u00e1cara no bairro Videiras, onde um grupo estaria&nbsp;reunido para a grava\u00e7\u00e3o de um clipe musical com MC e garotas de programa.<\/p>\n\n\n\n<p>De acordo com o boletim de ocorr\u00eancia, os policiais foram at\u00e9 o im\u00f3vel, que fica na Estrada Municipal Grama Vieira, ap\u00f3s uma den\u00fancia de que no local havia pessoas&nbsp;comercializando drogas e fazendo disparos. Ao chegar, os agentes se depararam com dois homens com armas em punho.<\/p>\n\n\n\n<p>Um dos suspeitos teria teria fugido para os fundos da ch\u00e1cara, enquanto o outro foi avistado no banheiro. Na tentativa de abordagem, o suposto traficante teria disparado contra um policial, que revidou com dois disparos e o atingiu. O homem morreu ainda no local.<\/p>\n\n\n\n<p>Outros oito homens que estavam na ch\u00e1cara, incluindo o filho do suspeito morto, foram autuados em flagrante por suspeita de&nbsp;<strong>envolvimento com organiza\u00e7\u00e3o criminosa<\/strong>. Foram apreendidos carros de luxo, armas, valores em moeda nacional e estrangeira, al\u00e9m de maconha.<\/p>\n\n\n\n<h2 class=\"wp-block-heading\">Festa para grava\u00e7\u00e3o de clipe musical<\/h2>\n\n\n\n<p>\u00c0 pol\u00edcia, o filho do suspeito contou que \u00e9 dono de uma produtora de m\u00fasica e que foi convidado para a festa na ch\u00e1cara, onde seria gravado um videoclipe. No local, encontrou o pai com amigos, incluindo um MC, e as garotas de programa contratadas.<\/p>\n\n\n\n<p>Alguns minutos depois, a pol\u00edcia teria chegado disparando e ordenando que todos se deitassem no ch\u00e3o. Ap\u00f3s cerca de meia hora, ouviu a ambul\u00e2ncia chegando e come\u00e7ou a chamar por seu pai, at\u00e9 que um policial teria dito que ele estava bem.<\/p>\n\n\n\n<p>Ainda segundo o boletim, o rapaz teria admitido que a festa tinha drogas como maconha e lan\u00e7a perfume, mas que n\u00e3o havia armas. Tamb\u00e9m teria relatado que seu pai j\u00e1 foi preso por tr\u00e1fico, mas que &#8220;recome\u00e7ou a vida&#8221; e agora atuaria com uma empresa de esquadrias e ferragem.<\/p>\n\n\n\n<p>J\u00e1 as sete garotas de programa relataram ter recebido cerca de R$ 500 para passar a tarde na ch\u00e1cara, onde fariam parte do um clipe. Surpreendidas com a chegada da pol\u00edcia, elas foram orientadas a ir para um quarto. Ap\u00f3s a ocorr\u00eancia, seguiram para a delegacia.<\/p>\n\n\n\n<p>Fonte G1<\/p>\n","protected":false},"excerpt":{"rendered":"<p>Caso foi em ch\u00e1cara de Indaiatuba (SP). Policiais foram at\u00e9 o local ap\u00f3s den\u00fancia de comercializa\u00e7\u00e3o de drogas e disparos com armas de fogo. Um homem de 43 anos, suspeito de envolvimento com o tr\u00e1fico de drogas, foi\u00a0morto durante um confronto com a pol\u00edcia militar, em\u00a0Indaiatuba (SP), na tarde desta segunda-feira (18). O caso foi [&hellip;]<\/p>\n","protected":false},"author":8,"featured_media":26179,"comment_status":"closed","ping_status":"open","sticky":false,"template":"","format":"standard","meta":{"rop_custom_images_group":[],"rop_custom_messages_group":[],"rop_publish_now":"initial","rop_publish_now_accounts":[],"rop_publish_now_history":[],"rop_publish_now_status":"pending","footnotes":""},"categories":[188],"tags":[73],"class_list":["post-26178","post","type-post","status-publish","format-standard","has-post-thumbnail","hentry","category-indaiatuba","tag-featured"],"amp_enabled":true,"_links":{"self":[{"href":"https:\/\/imais.online\/portal\/wp-json\/wp\/v2\/posts\/26178","targetHints":{"allow":["GET"]}}],"collection":[{"href":"https:\/\/imais.online\/portal\/wp-json\/wp\/v2\/posts"}],"about":[{"href":"https:\/\/imais.online\/portal\/wp-json\/wp\/v2\/types\/post"}],"author":[{"embeddable":true,"href":"https:\/\/imais.online\/portal\/wp-json\/wp\/v2\/users\/8"}],"replies":[{"embeddable":true,"href":"https:\/\/imais.online\/portal\/wp-json\/wp\/v2\/comments?post=26178"}],"version-history":[{"count":2,"href":"https:\/\/imais.online\/portal\/wp-json\/wp\/v2\/posts\/26178\/revisions"}],"predecessor-version":[{"id":26224,"href":"https:\/\/imais.online\/portal\/wp-json\/wp\/v2\/posts\/26178\/revisions\/26224"}],"wp:featuredmedia":[{"embeddable":true,"href":"https:\/\/imais.online\/portal\/wp-json\/wp\/v2\/media\/26179"}],"wp:attachment":[{"href":"https:\/\/imais.online\/portal\/wp-json\/wp\/v2\/media?parent=26178"}],"wp:term":[{"taxonomy":"category","embeddable":true,"href":"https:\/\/imais.online\/portal\/wp-json\/wp\/v2\/categories?post=26178"},{"taxonomy":"post_tag","embeddable":true,"href":"https:\/\/imais.online\/portal\/wp-json\/wp\/v2\/tags?post=26178"}],"curies":[{"name":"wp","href":"https:\/\/api.w.org\/{rel}","templated":true}]}}