{"id":26211,"date":"2025-03-19T09:32:12","date_gmt":"2025-03-19T12:32:12","guid":{"rendered":"https:\/\/imais.online\/portal\/?p=26211"},"modified":"2025-03-19T09:32:13","modified_gmt":"2025-03-19T12:32:13","slug":"arqueologos-encontram-fortaleza-de-5-000-anos-que-a-natureza-escondeu-por-seculos","status":"publish","type":"post","link":"https:\/\/imais.online\/portal\/arqueologos-encontram-fortaleza-de-5-000-anos-que-a-natureza-escondeu-por-seculos\/","title":{"rendered":"Arque\u00f3logos encontram fortaleza de 5.000 anos que a natureza escondeu por s\u00e9culos"},"content":{"rendered":"<div class=\"imais-before-content-placement\" id=\"imais-2341355890\"><script async src=\"\/\/pagead2.googlesyndication.com\/pagead\/js\/adsbygoogle.js?client=ca-pub-8787528412751566\" crossorigin=\"anonymous\"><\/script><ins class=\"adsbygoogle\" style=\"display:block;\" data-ad-client=\"ca-pub-8787528412751566\" \ndata-ad-slot=\"\" \ndata-ad-format=\"auto\"><\/ins>\n<script> \n(adsbygoogle = window.adsbygoogle || []).push({}); \n<\/script>\n<\/div>\n<h2 class=\"wp-block-heading\">Constru\u00e7\u00e3o remonta ao per\u00edodo de transi\u00e7\u00e3o entre o Neol\u00edtico e a Idade do Bronze<\/h2>\n\n\n\n<p>Uma antiga fortaleza de aproximadamente 5.000 anos foi descoberta nas florestas do Condado de Neam\u021b, na Rom\u00eania, gra\u00e7as ao uso da tecnologia LiDAR. O m\u00e9todo, que emite pulsos de laser para mapear a&nbsp;<a href=\"https:\/\/noticias.r7.com\/tecnologia-e-ciencia\/fotos\/misterio-blogueiro-encontra-pedra-com-rosto-humano-em-marte-11112014\/\" target=\"_blank\" rel=\"noreferrer noopener\">topografia do terreno<\/a>, permitiu que arque\u00f3logos identificassem detalhes estruturais que, at\u00e9 ent\u00e3o, estavam ocultos pela vegeta\u00e7\u00e3o.<\/p>\n\n\n\n<p>A descoberta foi anunciada pelo arque\u00f3logo Vasile Diaconu, um dos pesquisadores envolvidos no estudo. \u201cGra\u00e7as \u00e0s t\u00e9cnicas modernas e ao LiDAR, conseguimos obter uma vis\u00e3o precisa de uma fortifica\u00e7\u00e3o que permaneceu\u00a0<a rel=\"noreferrer noopener\" href=\"https:\/\/noticias.r7.com\/internacional\/bomba-escondida-dois-meses-atras-em-mansao-no-ira-matou-chefe-do-grupo-terrorista-hamas-01082024\/\" target=\"_blank\">escondida por s\u00e9culos<\/a>\u201d, afirmou Diaconu em uma publica\u00e7\u00e3o. O uso dessa tecnologia permitiu a identifica\u00e7\u00e3o de estruturas defensivas, como valas e montes de terra, que indicam um planejamento sofisticado para a \u00e9poca.<\/p>\n\n\n\n<p>A fortaleza remonta ao per\u00edodo de transi\u00e7\u00e3o entre o Neol\u00edtico e a Idade do Bronze e foi identificada por meio de m\u00e9todos n\u00e3o invasivos. Pesquisadores utilizaram drones equipados com sensores LiDAR para mapear o local, revelando que a maioria das fortifica\u00e7\u00f5es estavam estrategicamente posicionadas em \u00e1reas elevadas, com ampla visibilidade e refor\u00e7os defensivos. \u201cAs medi\u00e7\u00f5es indicam que algumas dessas valas possu\u00edam centenas de metros de extens\u00e3o, exigindo um enorme esfor\u00e7o humano para sua constru\u00e7\u00e3o\u201d, explicou Diaconu.<\/p>\n\n\n\n<p>O estudo foi realizado por meio de uma parceria entre a Geocad Services, o Geo Edu Lab e o Instituto Nacional de Pesquisa e Desenvolvimento para F\u00edsica da Terra. Curiosamente, a colabora\u00e7\u00e3o nasceu de um reencontro entre professor e aluno.<\/p>\n\n\n\n<p>Vlad Dulgheriu, ex-aluno de Diaconu e fundador da Geocad Services, demonstrou interesse pelo trabalho de seu antigo mestre e viabilizou a expedi\u00e7\u00e3o.<\/p>\n\n\n\n<p>\u201c\u00c9 gratificante ver um ex-aluno trilhar seu pr\u00f3prio caminho e, anos depois, contribuir para um projeto t\u00e3o significativo\u201d, disse Diaconu.<\/p>\n\n\n\n<p>Fonte R7<\/p>\n","protected":false},"excerpt":{"rendered":"<p>Constru\u00e7\u00e3o remonta ao per\u00edodo de transi\u00e7\u00e3o entre o Neol\u00edtico e a Idade do Bronze Uma antiga fortaleza de aproximadamente 5.000 anos foi descoberta nas florestas do Condado de Neam\u021b, na Rom\u00eania, gra\u00e7as ao uso da tecnologia LiDAR. O m\u00e9todo, que emite pulsos de laser para mapear a&nbsp;topografia do terreno, permitiu que arque\u00f3logos identificassem detalhes estruturais [&hellip;]<\/p>\n","protected":false},"author":8,"featured_media":26213,"comment_status":"closed","ping_status":"open","sticky":false,"template":"","format":"standard","meta":{"rop_custom_images_group":[],"rop_custom_messages_group":[],"rop_publish_now":"initial","rop_publish_now_accounts":[],"rop_publish_now_history":[],"rop_publish_now_status":"pending","footnotes":""},"categories":[212],"tags":[],"class_list":["post-26211","post","type-post","status-publish","format-standard","has-post-thumbnail","hentry","category-internacional"],"amp_enabled":true,"_links":{"self":[{"href":"https:\/\/imais.online\/portal\/wp-json\/wp\/v2\/posts\/26211","targetHints":{"allow":["GET"]}}],"collection":[{"href":"https:\/\/imais.online\/portal\/wp-json\/wp\/v2\/posts"}],"about":[{"href":"https:\/\/imais.online\/portal\/wp-json\/wp\/v2\/types\/post"}],"author":[{"embeddable":true,"href":"https:\/\/imais.online\/portal\/wp-json\/wp\/v2\/users\/8"}],"replies":[{"embeddable":true,"href":"https:\/\/imais.online\/portal\/wp-json\/wp\/v2\/comments?post=26211"}],"version-history":[{"count":1,"href":"https:\/\/imais.online\/portal\/wp-json\/wp\/v2\/posts\/26211\/revisions"}],"predecessor-version":[{"id":26214,"href":"https:\/\/imais.online\/portal\/wp-json\/wp\/v2\/posts\/26211\/revisions\/26214"}],"wp:featuredmedia":[{"embeddable":true,"href":"https:\/\/imais.online\/portal\/wp-json\/wp\/v2\/media\/26213"}],"wp:attachment":[{"href":"https:\/\/imais.online\/portal\/wp-json\/wp\/v2\/media?parent=26211"}],"wp:term":[{"taxonomy":"category","embeddable":true,"href":"https:\/\/imais.online\/portal\/wp-json\/wp\/v2\/categories?post=26211"},{"taxonomy":"post_tag","embeddable":true,"href":"https:\/\/imais.online\/portal\/wp-json\/wp\/v2\/tags?post=26211"}],"curies":[{"name":"wp","href":"https:\/\/api.w.org\/{rel}","templated":true}]}}