{"id":26266,"date":"2025-03-23T16:19:35","date_gmt":"2025-03-23T19:19:35","guid":{"rendered":"https:\/\/imais.online\/portal\/?p=26266"},"modified":"2025-03-23T16:19:36","modified_gmt":"2025-03-23T19:19:36","slug":"incendio-em-fabrica-de-amendoim-em-sp-ja-dura-mais-de-36-horas","status":"publish","type":"post","link":"https:\/\/imais.online\/portal\/incendio-em-fabrica-de-amendoim-em-sp-ja-dura-mais-de-36-horas\/","title":{"rendered":"Inc\u00eandio em f\u00e1brica de amendoim em SP j\u00e1 dura mais de 36 horas"},"content":{"rendered":"<div class=\"imais-before-content-placement\" id=\"imais-2218753290\"><script async src=\"\/\/pagead2.googlesyndication.com\/pagead\/js\/adsbygoogle.js?client=ca-pub-8787528412751566\" crossorigin=\"anonymous\"><\/script><ins class=\"adsbygoogle\" style=\"display:block;\" data-ad-client=\"ca-pub-8787528412751566\" \ndata-ad-slot=\"\" \ndata-ad-format=\"auto\"><\/ins>\n<script> \n(adsbygoogle = window.adsbygoogle || []).push({}); \n<\/script>\n<\/div>\n<h2 class=\"wp-block-heading\">Chamas alcan\u00e7aram f\u00e1brica no interior do estado consumiram mais de 600 toneladas do alimento<\/h2>\n\n\n\n<p>O Corpo de Bombeiros ainda atua na manh\u00e3 deste domingo, 23, para controlar as chamas em uma f\u00e1brica de amendoim de Tup\u00e3, no interior de&nbsp;<a href=\"https:\/\/noticias.r7.com\/sao-paulo\/\" target=\"_blank\" rel=\"noreferrer noopener\">S\u00e3o Paulo<\/a>. O inc\u00eandio, agora em queima lenta, j\u00e1 dura mais de 36 horas. O fogo come\u00e7ou \u00e0s 22h53 da sexta-feira (21), segundo a&nbsp;<a href=\"https:\/\/noticias.r7.com\/record-news\/defesa-civil-alerta-para-possibilidade-de-temporais-em-sp-13032025\/\" target=\"_blank\" rel=\"noreferrer noopener\">Defesa Civil<\/a>&nbsp;Estadual.<\/p>\n\n\n\n<p>At\u00e9 o in\u00edcio da noite de s\u00e1bado, 22, as chamas haviam consumido uma \u00e1rea de aproximadamente 3 mil m\u00b2, quatro caminh\u00f5es da empresa e cerca de 600 toneladas de amendoim. N\u00e3o h\u00e1 registro de v\u00edtimas.<\/p>\n\n\n\n<p>A dificuldade de extinguir completamente o fogo \u00e9 motivada justamente pelas caracter\u00edsticas do amendoim, que cont\u00e9m \u00f3leo. Em entrevista feita um jornal, Arist\u00f3teles Mozena dos Santos, subtenente do 10\u00ba Grupamento do Corpo de Bombeiros de Mar\u00edlia, explicou que esse \u00f3leo faz com que o uso de \u00e1gua tenha pouco efeito no combate.<\/p>\n\n\n\n<p>A Defesa Civil Municipal atua em conjunto com o Corpo de Bombeiros e com o apoio de usinas da regi\u00e3o. Uma per\u00edcia ser\u00e1 realizada posteriormente para apurar as causas do inc\u00eandio.<\/p>\n\n\n\n<p>Fonte R7<\/p>\n","protected":false},"excerpt":{"rendered":"<p>Chamas alcan\u00e7aram f\u00e1brica no interior do estado consumiram mais de 600 toneladas do alimento O Corpo de Bombeiros ainda atua na manh\u00e3 deste domingo, 23, para controlar as chamas em uma f\u00e1brica de amendoim de Tup\u00e3, no interior de&nbsp;S\u00e3o Paulo. O inc\u00eandio, agora em queima lenta, j\u00e1 dura mais de 36 horas. O fogo come\u00e7ou [&hellip;]<\/p>\n","protected":false},"author":8,"featured_media":26267,"comment_status":"closed","ping_status":"open","sticky":false,"template":"","format":"standard","meta":{"rop_custom_images_group":[],"rop_custom_messages_group":[],"rop_publish_now":"initial","rop_publish_now_accounts":[],"rop_publish_now_history":[],"rop_publish_now_status":"pending","footnotes":""},"categories":[230],"tags":[],"class_list":["post-26266","post","type-post","status-publish","format-standard","has-post-thumbnail","hentry","category-interior"],"amp_enabled":true,"_links":{"self":[{"href":"https:\/\/imais.online\/portal\/wp-json\/wp\/v2\/posts\/26266","targetHints":{"allow":["GET"]}}],"collection":[{"href":"https:\/\/imais.online\/portal\/wp-json\/wp\/v2\/posts"}],"about":[{"href":"https:\/\/imais.online\/portal\/wp-json\/wp\/v2\/types\/post"}],"author":[{"embeddable":true,"href":"https:\/\/imais.online\/portal\/wp-json\/wp\/v2\/users\/8"}],"replies":[{"embeddable":true,"href":"https:\/\/imais.online\/portal\/wp-json\/wp\/v2\/comments?post=26266"}],"version-history":[{"count":1,"href":"https:\/\/imais.online\/portal\/wp-json\/wp\/v2\/posts\/26266\/revisions"}],"predecessor-version":[{"id":26268,"href":"https:\/\/imais.online\/portal\/wp-json\/wp\/v2\/posts\/26266\/revisions\/26268"}],"wp:featuredmedia":[{"embeddable":true,"href":"https:\/\/imais.online\/portal\/wp-json\/wp\/v2\/media\/26267"}],"wp:attachment":[{"href":"https:\/\/imais.online\/portal\/wp-json\/wp\/v2\/media?parent=26266"}],"wp:term":[{"taxonomy":"category","embeddable":true,"href":"https:\/\/imais.online\/portal\/wp-json\/wp\/v2\/categories?post=26266"},{"taxonomy":"post_tag","embeddable":true,"href":"https:\/\/imais.online\/portal\/wp-json\/wp\/v2\/tags?post=26266"}],"curies":[{"name":"wp","href":"https:\/\/api.w.org\/{rel}","templated":true}]}}