{"id":26304,"date":"2025-03-25T11:37:15","date_gmt":"2025-03-25T14:37:15","guid":{"rendered":"https:\/\/imais.online\/portal\/?p=26304"},"modified":"2025-03-25T11:37:16","modified_gmt":"2025-03-25T14:37:16","slug":"medico-do-papa-francisco-diz-que-ele-chegou-perto-da-morte-havia-um-risco-real-que-nao-sobrevivesse","status":"publish","type":"post","link":"https:\/\/imais.online\/portal\/medico-do-papa-francisco-diz-que-ele-chegou-perto-da-morte-havia-um-risco-real-que-nao-sobrevivesse\/","title":{"rendered":"M\u00e9dico do papa Francisco diz que ele chegou perto da morte: &#8216;Havia um risco real que n\u00e3o sobrevivesse&#8217;"},"content":{"rendered":"<div class=\"imais-before-content-placement\" id=\"imais-1888782769\"><script async src=\"\/\/pagead2.googlesyndication.com\/pagead\/js\/adsbygoogle.js?client=ca-pub-8787528412751566\" crossorigin=\"anonymous\"><\/script><ins class=\"adsbygoogle\" style=\"display:block;\" data-ad-client=\"ca-pub-8787528412751566\" \ndata-ad-slot=\"\" \ndata-ad-format=\"auto\"><\/ins>\n<script> \n(adsbygoogle = window.adsbygoogle || []).push({}); \n<\/script>\n<\/div>\n<h2 class=\"wp-block-heading\">Sergio Alfieri revelou, em entrevista a jornal italiano, que o estado de sa\u00fade do pont\u00edfice de 88 anos ficou cr\u00edtico em dois momentos e falou em &#8216;milagre&#8217;. Dois dias ap\u00f3s sua alta, Francisco prossegue com terapia, em particular a reabilita\u00e7\u00e3o respirat\u00f3ria, diz Vaticano.<\/h2>\n\n\n\n<p>O Papa Francisco chegou t\u00e3o perto da morte em um momento de sua luta no hospital contra uma pneumonia que seus m\u00e9dicos consideraram encerrar o tratamento para que o pont\u00edfice de 88 anos pudesse morrer em paz, revelou o chefe da equipe m\u00e9dica do papa, em entrevista ao jornal italiano &#8220;Corriere Della Serra&#8221;, nesta ter\u00e7a-feira (25).<\/p>\n\n\n\n<p>Sergio Alfieri, que esteve ao lado do papa pelos 38 dias de interna\u00e7\u00e3o at\u00e9 a alta neste domingo (23), contou que&nbsp;o momento mais cr\u00edtico ocorreu no dia 28 de fevereiro, quando Francisco teve uma grande piora em seu estado de sa\u00fade.<\/p>\n\n\n\n<blockquote class=\"wp-block-quote is-layout-flow wp-block-quote-is-layout-flow\">\n<p>&#8220;Foi o pior momento. Pela primeira vez vi l\u00e1grimas nos olhos de algumas pessoas ao seu redor. Pessoas que, percebi durante esse per\u00edodo de interna\u00e7\u00e3o, o amam sinceramente, como um pai. Est\u00e1vamos todos cientes de que a situa\u00e7\u00e3o havia piorado ainda mais e que havia um risco real de que ele n\u00e3o sobrevivesse&#8221;, relembrou<\/p>\n<\/blockquote>\n\n\n\n<p>Segundo Alfieri,&nbsp;o pont\u00edfice, que estava consciente todo tempo, sabia que estava mal e falou: &#8220;Est\u00e1 ruim&#8221;.<\/p>\n\n\n\n<blockquote class=\"wp-block-quote is-layout-flow wp-block-quote-is-layout-flow\">\n<p>&#8220;Mesmo quando sua condi\u00e7\u00e3o piorou, ele estava totalmente consciente. Aquela noite foi terr\u00edvel. Ele sabia, assim como n\u00f3s, que talvez n\u00e3o sobrevivesse \u00e0quela noite. Vimos que estava sofrendo. Mas desde o primeiro dia ele nos pediu para lhe contar a verdade. Nunca nada foi modificado ou omitido&#8221;, afirmou.<\/p>\n<\/blockquote>\n\n\n\n<figure class=\"wp-block-image\"><img decoding=\"async\" src=\"https:\/\/s2-g1.glbimg.com\/_xTVD2H8i8pw-jGp5PUMow51CyA=\/0x0:6000x4000\/984x0\/smart\/filters:strip_icc()\/i.s3.glbimg.com\/v1\/AUTH_59edd422c0c84a879bd37670ae4f538a\/internal_photos\/bs\/2025\/f\/I\/JIwAbEQ12py0o6zDoKqQ\/2025-03-22t170706z-2080595393-rc2hidajs3us-rtrmadp-3-pope-francis-health-doctors.jpg\" alt=\"Sergio Alfieri, ao microfone, durante coletiva para falar sobre o estado do papa \u2014 Foto: Guglielmo Mangiapane\/Reuters\"\/><\/figure>\n\n\n\n<p class=\"has-small-font-size\">Sergio Alfieri, ao microfone, durante coletiva para falar sobre o estado do papa \u2014 Foto: Guglielmo Mangiapane<\/p>\n\n\n\n<p>Na ocasi\u00e3o, disse o m\u00e9dico, foi Massimiliano Strappetti, assistente pessoal que o pont\u00edfice deixou respons\u00e1vel por todas as decis\u00f5es sobre sua sa\u00fade, que decidiu tentar de tudo para salv\u00e1-lo apesar do risco de novas complica\u00e7\u00f5es:<\/p>\n\n\n\n<blockquote class=\"wp-block-quote is-layout-flow wp-block-quote-is-layout-flow\">\n<p>&#8220;Tivemos que escolher entre parar e deix\u00e1-lo ir, ou for\u00e7\u00e1-lo e tentar todos os medicamentos e terapias poss\u00edveis, correndo o risco muito alto de danificar outros \u00f3rg\u00e3os. E no final n\u00f3s tomamos esse caminho. Massimiliano Strappetti disse: &#8216;Tente de tudo, n\u00e3o desista&#8217;. Foi o que todos n\u00f3s pensamos tamb\u00e9m. E ningu\u00e9m desistiu&#8221;.<\/p>\n<\/blockquote>\n\n\n\n<p>De acordo com Alfieri, houve um segundo momento em que Francisco correu grande risco, quando o papa broncoaspirou enquanto se alimentava.<\/p>\n\n\n\n<blockquote class=\"wp-block-quote is-layout-flow wp-block-quote-is-layout-flow\">\n<p>&#8220;Foi o segundo momento realmente cr\u00edtico (&#8230;). Posso dizer que duas vezes a situa\u00e7\u00e3o foi perdida e ent\u00e3o aconteceu como um milagre&#8221;, comemorou.<\/p>\n<\/blockquote>\n\n\n\n<p>O m\u00e9dico, que agora est\u00e1 de volta \u00e0s suas obriga\u00e7\u00f5es no Hospital Gemelli, acredita que as ora\u00e7\u00f5es recebidas pelo pont\u00edfice e tamb\u00e9m seu bom humor foram os respons\u00e1veis pela recupera\u00e7\u00e3o:<\/p>\n\n\n\n<blockquote class=\"wp-block-quote is-layout-flow wp-block-quote-is-layout-flow\">\n<p>&#8220;Ele costuma dizer: &#8216;Ainda estou vivo&#8217; e, imediatamente, acrescenta: &#8216;N\u00e3o se esque\u00e7a de viver e manter o bom humor&#8217;. Ele tem um corpo cansado, mas a mente \u00e9 a de um homem de 50 anos&#8221;.<\/p>\n<\/blockquote>\n\n\n\n<h2 class=\"wp-block-heading\">Papa se recupera com reabilita\u00e7\u00e3o<\/h2>\n\n\n\n<p>Nesta ter\u00e7a-feira (25), o\u00a0<a class=\"\" href=\"https:\/\/g1.globo.com\/tudo-sobre\/vaticano\/\">Vaticano<\/a>\u00a0falou sobre o estado do pont\u00edfice, dois dias ap\u00f3s sua alta. De acordo com comunicado,\u00a0Francisco prossegue com a terapia farmacol\u00f3gica e a fisioterapia, em particular a reabilita\u00e7\u00e3o respirat\u00f3ria &#8220;para recuperar completamente o uso da respira\u00e7\u00e3o e da fala&#8221;.<\/p>\n\n\n\n<p>Segundo a assessoria de imprensa da Santa S\u00e9, o papa vem concelebrando a missa na capela do segundo andar da Casa de Santa Marta, onde vive. Nos \u00faltimos dois dias, ele n\u00e3o recebeu visitas &#8220;al\u00e9m de seus colaboradores mais pr\u00f3ximos&#8221; e n\u00e3o h\u00e1 previs\u00e3o para uma nova apari\u00e7\u00e3o p\u00fablica.<\/p>\n\n\n\n<h2 class=\"wp-block-heading\"><strong>O dia da alta<\/strong><\/h2>\n\n\n\n<figure class=\"wp-block-image\"><img decoding=\"async\" src=\"https:\/\/s2-g1.glbimg.com\/IqEcsl8ELgeCppQs1UA-807NvhE=\/0x0:8192x5464\/984x0\/smart\/filters:strip_icc()\/i.s3.glbimg.com\/v1\/AUTH_59edd422c0c84a879bd37670ae4f538a\/internal_photos\/bs\/2025\/V\/m\/xJGIOsSCuN7qqvDODJPQ\/2025-03-23t110314z-739757778-rc2yidal8zv9-rtrmadp-3-pope-francis-health.jpg\" alt=\"Papa Francisco faz primeira apari\u00e7\u00e3o p\u00fablica ap\u00f3s quase 40 dias internado \u2014 Foto: Yara Nardi\/Reuters\"\/><\/figure>\n\n\n\n<p class=\"has-small-font-size\">Papa Francisco faz primeira apari\u00e7\u00e3o p\u00fablica ap\u00f3s quase 40 dias internado \u2014 Foto: Yara Nardi<\/p>\n\n\n\n<p>Ap\u00f3s quase 40 dias internado, o Papa Francisco recebeu alta neste domingo (23). Antes de deixar o hospital em dire\u00e7\u00e3o ao Vaticano, o&nbsp;<a class=\"\" href=\"https:\/\/g1.globo.com\/mundo\/noticia\/2025\/03\/23\/papa-faz-a-primeira-aparicao-publica.ghtml\">pont\u00edfice apareceu na sacada e acenou para os fi\u00e9is<\/a>.<\/p>\n\n\n\n<p>Ap\u00f3s voltar para casa, Francisco ter\u00e1 que manter alguns cuidados e\u00a0<strong>ficar em repouso por dois meses<\/strong>. Ele tamb\u00e9m\u00a0<strong>ter\u00e1 de ser submetido a tratamentos de fisioterapia respirat\u00f3ria e exerc\u00edcios de fala<\/strong>\u00a0\u2014 os m\u00e9dicos disseram que\u00a0<a class=\"\" href=\"https:\/\/g1.globo.com\/mundo\/noticia\/2025\/03\/21\/papa-francisco-precisa-reaprender-a-falar-apos-terapia-com-oxigenio-diz-cardeal.ghtml\"><strong>ele est\u00e1 com a voz afetada<\/strong><\/a>\u00a0por conta do per\u00edodo prolongado em que recebeu aux\u00edlio de oxig\u00eanio de alto fluxo atrav\u00e9s de equipamentos n\u00e3o invasivos.<\/p>\n\n\n\n<p>A equipe m\u00e9dica disse&nbsp;<strong>esperar que o pont\u00edfice recupere a voz aos poucos<\/strong>, embora n\u00e3o tenham estimado um prazo para isso. Ele tamb\u00e9m poder\u00e1 voltar a sus atividades de forma gradual, mas&nbsp;<strong>com &#8220;um estilo de vida mais calmo&#8221;<\/strong>, disse o chefe da equipe m\u00e9dica, Sergio Alfieri, m\u00e9dico da equipe de Francisco e diretor do hospital Gemelli, no s\u00e1bado (22).<\/p>\n\n\n\n<blockquote class=\"wp-block-quote is-layout-flow wp-block-quote-is-layout-flow\">\n<p>&#8220;A boa not\u00edcia que o mundo est\u00e1 esperando \u00e9 que, amanh\u00e3, o Santo Padre ser\u00e1 liberado&#8221; disse Alfieri. &#8220;Ele est\u00e1 melhorando, portando esperamos que muito em breve ele possa retornar \u00e0s atividades normais&#8221;.<\/p>\n<\/blockquote>\n\n\n\n<p>A\u00a0<strong>equipe desaconselhou ainda encontros frequentes com pessoas<\/strong>, principalmente grandes grupos, para evitar o contato com novos v\u00edrus, e atividades de esfor\u00e7o. A equipe afirmou que papa<strong>\u00a0est\u00e1 completamente curado da pneumonia dupla<\/strong>, mas que alguns v\u00edrus permanecem em seu pulm\u00e3o.<\/p>\n\n\n\n<figure class=\"wp-block-image\"><img decoding=\"async\" src=\"https:\/\/s2-g1.glbimg.com\/b1V_5IlK2m047WC71SncQixYnsk=\/0x0:1634x1089\/984x0\/smart\/filters:strip_icc()\/i.s3.glbimg.com\/v1\/AUTH_59edd422c0c84a879bd37670ae4f538a\/internal_photos\/bs\/2025\/G\/U\/eY6U2rQZqoLQYV3yFZIA\/ap25082442992516.jpg\" alt=\"O Papa Francisco no carro ap\u00f3s receber alta \u2014 Foto: Stefano Costantino\/AP Photo\"\/><\/figure>\n\n\n\n<p class=\"has-small-font-size\">O Papa Francisco no carro ap\u00f3s receber alta \u2014 Foto: Stefano Costantino\/AP Photo<\/p>\n\n\n\n<p>Fonte G1<\/p>\n","protected":false},"excerpt":{"rendered":"<p>Sergio Alfieri revelou, em entrevista a jornal italiano, que o estado de sa\u00fade do pont\u00edfice de 88 anos ficou cr\u00edtico em dois momentos e falou em &#8216;milagre&#8217;. Dois dias ap\u00f3s sua alta, Francisco prossegue com terapia, em particular a reabilita\u00e7\u00e3o respirat\u00f3ria, diz Vaticano. O Papa Francisco chegou t\u00e3o perto da morte em um momento de [&hellip;]<\/p>\n","protected":false},"author":8,"featured_media":26305,"comment_status":"closed","ping_status":"open","sticky":false,"template":"","format":"standard","meta":{"rop_custom_images_group":[],"rop_custom_messages_group":[],"rop_publish_now":"initial","rop_publish_now_accounts":[],"rop_publish_now_history":[],"rop_publish_now_status":"pending","footnotes":""},"categories":[212],"tags":[],"class_list":["post-26304","post","type-post","status-publish","format-standard","has-post-thumbnail","hentry","category-internacional"],"amp_enabled":true,"_links":{"self":[{"href":"https:\/\/imais.online\/portal\/wp-json\/wp\/v2\/posts\/26304","targetHints":{"allow":["GET"]}}],"collection":[{"href":"https:\/\/imais.online\/portal\/wp-json\/wp\/v2\/posts"}],"about":[{"href":"https:\/\/imais.online\/portal\/wp-json\/wp\/v2\/types\/post"}],"author":[{"embeddable":true,"href":"https:\/\/imais.online\/portal\/wp-json\/wp\/v2\/users\/8"}],"replies":[{"embeddable":true,"href":"https:\/\/imais.online\/portal\/wp-json\/wp\/v2\/comments?post=26304"}],"version-history":[{"count":1,"href":"https:\/\/imais.online\/portal\/wp-json\/wp\/v2\/posts\/26304\/revisions"}],"predecessor-version":[{"id":26306,"href":"https:\/\/imais.online\/portal\/wp-json\/wp\/v2\/posts\/26304\/revisions\/26306"}],"wp:featuredmedia":[{"embeddable":true,"href":"https:\/\/imais.online\/portal\/wp-json\/wp\/v2\/media\/26305"}],"wp:attachment":[{"href":"https:\/\/imais.online\/portal\/wp-json\/wp\/v2\/media?parent=26304"}],"wp:term":[{"taxonomy":"category","embeddable":true,"href":"https:\/\/imais.online\/portal\/wp-json\/wp\/v2\/categories?post=26304"},{"taxonomy":"post_tag","embeddable":true,"href":"https:\/\/imais.online\/portal\/wp-json\/wp\/v2\/tags?post=26304"}],"curies":[{"name":"wp","href":"https:\/\/api.w.org\/{rel}","templated":true}]}}