{"id":26423,"date":"2025-03-31T11:16:13","date_gmt":"2025-03-31T14:16:13","guid":{"rendered":"https:\/\/imais.online\/portal\/?p=26423"},"modified":"2025-03-31T16:20:19","modified_gmt":"2025-03-31T19:20:19","slug":"homem-que-esfaqueou-e-matou-vendedora-em-loja-morre-dentro-de-prisao","status":"publish","type":"post","link":"https:\/\/imais.online\/portal\/homem-que-esfaqueou-e-matou-vendedora-em-loja-morre-dentro-de-prisao\/","title":{"rendered":"Homem que esfaqueou e matou vendedora em loja morre dentro de pris\u00e3o"},"content":{"rendered":"<div class=\"imais-before-content-placement\" id=\"imais-2925018677\"><script async src=\"\/\/pagead2.googlesyndication.com\/pagead\/js\/adsbygoogle.js?client=ca-pub-8787528412751566\" crossorigin=\"anonymous\"><\/script><ins class=\"adsbygoogle\" style=\"display:block;\" data-ad-client=\"ca-pub-8787528412751566\" \ndata-ad-slot=\"\" \ndata-ad-format=\"auto\"><\/ins>\n<script> \n(adsbygoogle = window.adsbygoogle || []).push({}); \n<\/script>\n<\/div>\n<p>Carla Gobbi Fabrete foi atacada por suspeito na parte dos fundos do estabelecimento enquanto trabalhava, no in\u00edcio deste m\u00eas.<\/p>\n\n\n\n<p>O homem que esfaqueou e&nbsp;matou uma jovem dentro de uma loja de acess\u00f3rios, em Vila Velha, na regi\u00e3o metropolitana de Vit\u00f3ria, morreu dentro do Centro de Deten\u00e7\u00e3o Provis\u00f3ria da cidade, na manh\u00e3 deste domingo (30).<\/p>\n\n\n\n<p>Segundo a Secretaria da Justi\u00e7a (Sejus), o homem come\u00e7ou a passar mal e internos que dividiam a cela com ele informaram aos policiais penais do plant\u00e3o. Ele foi socorrido e levado a uma Unidade de Sa\u00fade do Sistema Prisional (USSP), onde j\u00e1 chegou morto.<\/p>\n\n\n\n<p>Em nota, a pasta informou que a causa da morte n\u00e3o est\u00e1 definida. \u201cA Sejus esclarece que todos os tr\u00e2mites necess\u00e1rios est\u00e3o em andamento na unidade, como comunicar o fato \u00e0s autoridades policiais e de justi\u00e7a\u201d, concluiu a secretaria.<\/p>\n\n\n\n<h2 class=\"wp-block-heading\">Relembre o caso<\/h2>\n\n\n\n<p>A jovem, identificada como Carla Gobbi Fabrete, foi\u00a0esfaqueada pelo homem, de 30 anos, dentro de uma loja de acess\u00f3rios para celulares, em 10 de mar\u00e7o. A mulher foi atacada na parte dos fundos do estabelecimento enquanto trabalhava.<\/p>\n\n\n\n<p>A\u00a0vendedora chegou a ser socorrida, mas morreu no dia seguinte ao crime.\u00a0Carla deixou uma filha de dois anos.<\/p>\n\n\n\n<p>Segundo a administra\u00e7\u00e3o municipal, o criminoso teria se passado por um cliente da loja. Ainda segundo a prefeitura, uma equipe da Guarda Municipal realizava um patrulhamento preventivo na regi\u00e3o quando foi informada de que uma mulher teria sido atacada.<\/p>\n\n\n\n<p>Os agentes localizaram o criminoso no mesmo bairro.<\/p>\n\n\n\n<p>Fonte: CNN Brasil <\/p>\n","protected":false},"excerpt":{"rendered":"<p>Carla Gobbi Fabrete foi atacada por suspeito na parte dos fundos do estabelecimento enquanto trabalhava, no in\u00edcio deste m\u00eas. O homem que esfaqueou e&nbsp;matou uma jovem dentro de uma loja de acess\u00f3rios, em Vila Velha, na regi\u00e3o metropolitana de Vit\u00f3ria, morreu dentro do Centro de Deten\u00e7\u00e3o Provis\u00f3ria da cidade, na manh\u00e3 deste domingo (30). Segundo [&hellip;]<\/p>\n","protected":false},"author":8,"featured_media":26424,"comment_status":"closed","ping_status":"open","sticky":false,"template":"","format":"standard","meta":{"rop_custom_images_group":[],"rop_custom_messages_group":[],"rop_publish_now":"initial","rop_publish_now_accounts":[],"rop_publish_now_history":[],"rop_publish_now_status":"pending","footnotes":""},"categories":[199],"tags":[],"class_list":["post-26423","post","type-post","status-publish","format-standard","has-post-thumbnail","hentry","category-policia"],"amp_enabled":true,"_links":{"self":[{"href":"https:\/\/imais.online\/portal\/wp-json\/wp\/v2\/posts\/26423","targetHints":{"allow":["GET"]}}],"collection":[{"href":"https:\/\/imais.online\/portal\/wp-json\/wp\/v2\/posts"}],"about":[{"href":"https:\/\/imais.online\/portal\/wp-json\/wp\/v2\/types\/post"}],"author":[{"embeddable":true,"href":"https:\/\/imais.online\/portal\/wp-json\/wp\/v2\/users\/8"}],"replies":[{"embeddable":true,"href":"https:\/\/imais.online\/portal\/wp-json\/wp\/v2\/comments?post=26423"}],"version-history":[{"count":2,"href":"https:\/\/imais.online\/portal\/wp-json\/wp\/v2\/posts\/26423\/revisions"}],"predecessor-version":[{"id":26438,"href":"https:\/\/imais.online\/portal\/wp-json\/wp\/v2\/posts\/26423\/revisions\/26438"}],"wp:featuredmedia":[{"embeddable":true,"href":"https:\/\/imais.online\/portal\/wp-json\/wp\/v2\/media\/26424"}],"wp:attachment":[{"href":"https:\/\/imais.online\/portal\/wp-json\/wp\/v2\/media?parent=26423"}],"wp:term":[{"taxonomy":"category","embeddable":true,"href":"https:\/\/imais.online\/portal\/wp-json\/wp\/v2\/categories?post=26423"},{"taxonomy":"post_tag","embeddable":true,"href":"https:\/\/imais.online\/portal\/wp-json\/wp\/v2\/tags?post=26423"}],"curies":[{"name":"wp","href":"https:\/\/api.w.org\/{rel}","templated":true}]}}