{"id":26485,"date":"2025-04-03T09:37:36","date_gmt":"2025-04-03T12:37:36","guid":{"rendered":"https:\/\/imais.online\/portal\/?p=26485"},"modified":"2025-04-03T09:37:37","modified_gmt":"2025-04-03T12:37:37","slug":"chegada-de-frente-fria-pode-trazer-fortes-chuvas-a-regiao-de-campinas-entre-quinta-e-sabado","status":"publish","type":"post","link":"https:\/\/imais.online\/portal\/chegada-de-frente-fria-pode-trazer-fortes-chuvas-a-regiao-de-campinas-entre-quinta-e-sabado\/","title":{"rendered":"Chegada de frente fria pode trazer fortes chuvas \u00e0 regi\u00e3o de Campinas entre quinta e s\u00e1bado"},"content":{"rendered":"<div class=\"imais-before-content-placement\" id=\"imais-2714234437\"><script async src=\"\/\/pagead2.googlesyndication.com\/pagead\/js\/adsbygoogle.js?client=ca-pub-8787528412751566\" crossorigin=\"anonymous\"><\/script><ins class=\"adsbygoogle\" style=\"display:block;\" data-ad-client=\"ca-pub-8787528412751566\" \ndata-ad-slot=\"\" \ndata-ad-format=\"auto\"><\/ins>\n<script> \n(adsbygoogle = window.adsbygoogle || []).push({}); \n<\/script>\n<\/div>\n<h2 class=\"wp-block-heading\">Defesa Civil alerta para possibilidade de temporal e chuva acumulada em torno de 100 mil\u00edmetros.<\/h2>\n\n\n\n<p>A Defesa Civil emitiu um alerta de fortes chuvas para a regi\u00e3o de&nbsp;<a class=\"\" href=\"https:\/\/g1.globo.com\/sp\/campinas-regiao\/cidade\/campinas\/\">Campinas (SP)<\/a>&nbsp;entre esta quinta-feira (3) e s\u00e1bado (5). Por conta da chegada de uma frente fria, h\u00e1 previs\u00e3o de&nbsp;<strong>chuva acumulada em torno de 100 mil\u00edmetros<\/strong>, com possibilidade de&nbsp;<strong>temporal<\/strong>.<\/p>\n\n\n\n<p>Em Campinas, a Defesa Civil pede que&nbsp;<strong>a popula\u00e7\u00e3o fique atenta aos alertas e se previna &#8211;&nbsp;<\/strong><em>saiba, abaixo, como funcionam os alertas nos celulares.<\/em>&nbsp;<\/p>\n\n\n\n<p>&#8220;As informa\u00e7\u00f5es disponibilizadas por Campinas v\u00eam dos alertas da Defesa Civil do Estado e do Instituto Nacional de Meteorologia, que monitoram 24 horas por dia as condi\u00e7\u00f5es meteorol\u00f3gicas. Os avisos de risco podem ser atualizados diariamente dependendo das mudan\u00e7as do tempo e, principalmente, no per\u00edodo chuvoso, que \u00e9 o que estamos passando agora&#8221;, explica Sidnei Furtado, coordenador regional e diretor da Defesa Civil de Campinas.<\/p>\n\n\n\n<p>Em Campinas, a orienta\u00e7\u00e3o \u00e9:<\/p>\n\n\n\n<ul class=\"wp-block-list\">\n<li>Ligue&nbsp;<strong>199<\/strong>&nbsp;para&nbsp;alagamento, inunda\u00e7\u00f5es e quedas de \u00e1rvores;<\/li>\n\n\n\n<li>Ligue&nbsp;<strong>118<\/strong>&nbsp;para&nbsp;emerg\u00eancias de tr\u00e2nsito;<\/li>\n\n\n\n<li>Ligue&nbsp;<strong>193<\/strong>&nbsp;para&nbsp;situa\u00e7\u00e3o de emerg\u00eancia.<\/li>\n<\/ul>\n\n\n\n<h2 class=\"wp-block-heading\">O que \u00e9 o alerta?<\/h2>\n\n\n\n<p>A Defesa Civil de S\u00e3o Paulo conta atualmente com a ferramenta Cell Broadcast para emiss\u00e3o de alertas sonoros de emerg\u00eancia, em tempo real, em caso de eventos severos ou extremos, para todos os celulares do Estado conectados a uma antena de telefonia m\u00f3vel com tecnologia 4G ou 5G.&nbsp;N\u00e3o h\u00e1 necessidade de cadastro pr\u00e9vio.<\/p>\n\n\n\n<p>Operado pela Defesa Civil, ele busca&nbsp;<strong>orientar sobre o risco de desastres, como chuvas intensas e enchentes<\/strong>.<\/p>\n\n\n\n<p>O&nbsp;<strong>aviso aparece por 10 segundos<\/strong>&nbsp;em forma de pop-up em todos os celulares conectados \u00e0s redes 4G ou 5G, sobressaindo qualquer conte\u00fado ativo na tela. Ele tamb\u00e9m&nbsp;<strong>emite um alerta sonoro<\/strong>&nbsp;mesmo que o aparelho esteja com o \u00e1udio desligado ou sem cr\u00e9dito.<\/p>\n\n\n\n<p>O servi\u00e7o foi usado pela primeira vez no estado de S\u00e3o Paulo em Campinas, na noite de 25 de dezembro.<\/p>\n\n\n\n<p>Os moradores tamb\u00e9m podem se&nbsp;<strong>cadastrar para receber alertas por SMS<\/strong>. Nesse caso, \u00e9 preciso enviar uma mensagem com o CEP do local onde mora, ou outro local de interesse, para o n\u00famero&nbsp;<strong>40199<\/strong>.&nbsp;<strong>O servi\u00e7o \u00e9 gratuito<\/strong>.<\/p>\n\n\n\n<h2 class=\"wp-block-heading\">Tipos de alerta<\/h2>\n\n\n\n<p>De acordo com a Defesa Civil, h\u00e1 dois tipos de alertas no novo sistema de emerg\u00eancias. Eles variam de acordo com a severidade e finalidade:&nbsp;<strong>extremo<\/strong>&nbsp;e&nbsp;<strong>severo<\/strong>.<\/p>\n\n\n\n<p>Ambos s\u00e3o caracterizados por amea\u00e7as cr\u00edticas \u00e0 vida, \u00e0 propriedade, a infraestruturas etc. O desta quarta, por exemplo, \u00e9 o extremo. Entenda:<\/p>\n\n\n\n<ul class=\"wp-block-list\">\n<li><strong>Alerta extremo:<\/strong>&nbsp;a&nbsp;<strong>urg\u00eancia \u00e9 imediata<\/strong>, e a popula\u00e7\u00e3o precisa adotar medidas de autoprote\u00e7\u00e3o naquele exato momento.&nbsp;<strong>Emite um sinal sonoro semelhante a uma sirene<\/strong>;<\/li>\n\n\n\n<li><strong>Alerta severo:<\/strong>&nbsp;a urg\u00eancia n\u00e3o \u00e9 imediata, tendo a popula\u00e7\u00e3o um pouco mais de tempo para se preparar e se proteger. Sinal sonoro \u00e9 um &#8220;beep&#8221; semelhante a um SMS.<\/li>\n<\/ul>\n\n\n\n<p>Fonte: EPTV Campinas <\/p>\n","protected":false},"excerpt":{"rendered":"<p>Defesa Civil alerta para possibilidade de temporal e chuva acumulada em torno de 100 mil\u00edmetros. A Defesa Civil emitiu um alerta de fortes chuvas para a regi\u00e3o de&nbsp;Campinas (SP)&nbsp;entre esta quinta-feira (3) e s\u00e1bado (5). Por conta da chegada de uma frente fria, h\u00e1 previs\u00e3o de&nbsp;chuva acumulada em torno de 100 mil\u00edmetros, com possibilidade de&nbsp;temporal. [&hellip;]<\/p>\n","protected":false},"author":8,"featured_media":26488,"comment_status":"closed","ping_status":"open","sticky":false,"template":"","format":"standard","meta":{"rop_custom_images_group":[],"rop_custom_messages_group":[],"rop_publish_now":"initial","rop_publish_now_accounts":[],"rop_publish_now_history":[],"rop_publish_now_status":"pending","footnotes":""},"categories":[230],"tags":[73],"class_list":["post-26485","post","type-post","status-publish","format-standard","has-post-thumbnail","hentry","category-interior","tag-featured"],"amp_enabled":true,"_links":{"self":[{"href":"https:\/\/imais.online\/portal\/wp-json\/wp\/v2\/posts\/26485","targetHints":{"allow":["GET"]}}],"collection":[{"href":"https:\/\/imais.online\/portal\/wp-json\/wp\/v2\/posts"}],"about":[{"href":"https:\/\/imais.online\/portal\/wp-json\/wp\/v2\/types\/post"}],"author":[{"embeddable":true,"href":"https:\/\/imais.online\/portal\/wp-json\/wp\/v2\/users\/8"}],"replies":[{"embeddable":true,"href":"https:\/\/imais.online\/portal\/wp-json\/wp\/v2\/comments?post=26485"}],"version-history":[{"count":1,"href":"https:\/\/imais.online\/portal\/wp-json\/wp\/v2\/posts\/26485\/revisions"}],"predecessor-version":[{"id":26489,"href":"https:\/\/imais.online\/portal\/wp-json\/wp\/v2\/posts\/26485\/revisions\/26489"}],"wp:featuredmedia":[{"embeddable":true,"href":"https:\/\/imais.online\/portal\/wp-json\/wp\/v2\/media\/26488"}],"wp:attachment":[{"href":"https:\/\/imais.online\/portal\/wp-json\/wp\/v2\/media?parent=26485"}],"wp:term":[{"taxonomy":"category","embeddable":true,"href":"https:\/\/imais.online\/portal\/wp-json\/wp\/v2\/categories?post=26485"},{"taxonomy":"post_tag","embeddable":true,"href":"https:\/\/imais.online\/portal\/wp-json\/wp\/v2\/tags?post=26485"}],"curies":[{"name":"wp","href":"https:\/\/api.w.org\/{rel}","templated":true}]}}