{"id":26490,"date":"2025-04-03T09:39:43","date_gmt":"2025-04-03T12:39:43","guid":{"rendered":"https:\/\/imais.online\/portal\/?p=26490"},"modified":"2025-04-03T09:39:44","modified_gmt":"2025-04-03T12:39:44","slug":"bebe-tem-traumatismo-craniano-apos-cair-do-colo-de-mae-torturada-por-companheiro-suspeito-foi-preso","status":"publish","type":"post","link":"https:\/\/imais.online\/portal\/bebe-tem-traumatismo-craniano-apos-cair-do-colo-de-mae-torturada-por-companheiro-suspeito-foi-preso\/","title":{"rendered":"Beb\u00ea tem traumatismo craniano ap\u00f3s cair do colo de m\u00e3e torturada por companheiro; suspeito foi preso"},"content":{"rendered":"<div class=\"imais-before-content-placement\" id=\"imais-4114085044\"><script async src=\"\/\/pagead2.googlesyndication.com\/pagead\/js\/adsbygoogle.js?client=ca-pub-8787528412751566\" crossorigin=\"anonymous\"><\/script><ins class=\"adsbygoogle\" style=\"display:block;\" data-ad-client=\"ca-pub-8787528412751566\" \ndata-ad-slot=\"\" \ndata-ad-format=\"auto\"><\/ins>\n<script> \n(adsbygoogle = window.adsbygoogle || []).push({}); \n<\/script>\n<\/div>\n<h2 class=\"wp-block-heading\">Caso aconteceu em Sumar\u00e9 e foi registrado na DDM da cidade. Homem foi preso em flagrante por viol\u00eancia dom\u00e9stica, tortura e amea\u00e7a. Mulher e filho foram levados \u00e0 UPA Macarenko.<\/h2>\n\n\n\n<p>Um homem foi preso nesta quarta-feira (2), em&nbsp;<a class=\"\" href=\"https:\/\/g1.globo.com\/sp\/campinas-regiao\/cidade\/sumare\/\">Sumar\u00e9 (SP)<\/a>, suspeito de amea\u00e7ar e manter a fam\u00edlia em c\u00e1rcere privado, al\u00e9m de torturar a esposa. Segundo a Pol\u00edcia Militar (PM), o suspeito chegou a dar um soco na mulher enquanto ela estava com um dos filhos, um beb\u00ea de oito meses, no colo. O beb\u00ea caiu, bateu a cabe\u00e7a e teve traumatismo craniano.<\/p>\n\n\n\n<p>Renan da Silva dos Santos foi preso em flagrante por viol\u00eancia dom\u00e9stica, tortura e amea\u00e7a. A mulher e o beb\u00ea foram levados at\u00e9 a Unidade de Pronto Atendimento (UPA) Macarenko. O caso foi registrado na Delegacia de Defesa da Mulher (DDM) do munic\u00edpio.<\/p>\n\n\n\n<p>Ap\u00f3s ser acionada, uma equipe da Pol\u00edcia Militar fazia patrulhamento no bairro Ipiranga quando encontrou um homem andando com pressa pela rua. A equipe suspeitou e o homem, Renan da Silva dos Santos, foi abordado.<\/p>\n\n\n\n<p>A pol\u00edcia n\u00e3o encontrou nada il\u00edcito com Renan da Silva dos Santos, mas ele contou \u00e0 pol\u00edcia que houve um desentendimento com a esposa. Na casa dele, a equipe encontrou a esposa e duas crian\u00e7as, uma de tr\u00eas anos e a outra de oito meses.<\/p>\n\n\n\n<p>Com a chegada da pol\u00edcia, a v\u00edtima relatou que&nbsp;foi mantida em c\u00e1rcere privado desde as 17h de ter\u00e7a (1)&nbsp;pelo companheiro, que estava em posse de uma faca. Ela e os filhos foram amea\u00e7ados.<\/p>\n\n\n\n<p>Em dado momento,&nbsp;o homem deu um soco no rosto da esposa, que segurava o beb\u00ea de oito meses. O beb\u00ea caiu e bateu a cabe\u00e7a no ch\u00e3o.<\/p>\n\n\n\n<p>Ainda segundo o relato da v\u00edtima, o homem tamb\u00e9m teria feito o uso de drogas na presen\u00e7a das crian\u00e7as e obrigado a mulher a ficar nua para que n\u00e3o deixasse o local do cativeiro.<\/p>\n\n\n\n<p>Pela manh\u00e3, a v\u00edtima conseguiu fugir at\u00e9 a frente da casa, enquanto o homem amea\u00e7ava matar a crian\u00e7a de tr\u00eas anos. A mulher chamou os vizinhos at\u00e9 conseguir ser ouvida, e eles acionaram a Pol\u00edcia Militar.<\/p>\n\n\n\n<p>Renan da Silva dos Santos foi preso em flagrante por viol\u00eancia dom\u00e9stica, tortura e amea\u00e7a. A mulher foi socorrida at\u00e9 a UPA Macarenko.&nbsp;Ela teve les\u00f5es pelo corpo, e o beb\u00ea de oito meses teve traumatismo craniano por conta da queda.<\/p>\n\n\n\n<p>O caso foi registrado na Delegacia de Defesa da Mulher de Sumar\u00e9. A Pol\u00edcia Civil pediu exames periciais ao Instituto M\u00e9dico Legal (IML) e o suspeito foi encaminhado \u00e0 Cadeia P\u00fablica da cidade. Ele passar\u00e1 por audi\u00eancia de cust\u00f3dia.<\/p>\n\n\n\n<p>Fonte: G1<\/p>\n","protected":false},"excerpt":{"rendered":"<p>Caso aconteceu em Sumar\u00e9 e foi registrado na DDM da cidade. Homem foi preso em flagrante por viol\u00eancia dom\u00e9stica, tortura e amea\u00e7a. Mulher e filho foram levados \u00e0 UPA Macarenko. Um homem foi preso nesta quarta-feira (2), em&nbsp;Sumar\u00e9 (SP), suspeito de amea\u00e7ar e manter a fam\u00edlia em c\u00e1rcere privado, al\u00e9m de torturar a esposa. Segundo [&hellip;]<\/p>\n","protected":false},"author":8,"featured_media":26493,"comment_status":"closed","ping_status":"open","sticky":false,"template":"","format":"standard","meta":{"rop_custom_images_group":[],"rop_custom_messages_group":[],"rop_publish_now":"initial","rop_publish_now_accounts":[],"rop_publish_now_history":[],"rop_publish_now_status":"pending","footnotes":""},"categories":[230],"tags":[],"class_list":["post-26490","post","type-post","status-publish","format-standard","has-post-thumbnail","hentry","category-interior"],"amp_enabled":true,"_links":{"self":[{"href":"https:\/\/imais.online\/portal\/wp-json\/wp\/v2\/posts\/26490","targetHints":{"allow":["GET"]}}],"collection":[{"href":"https:\/\/imais.online\/portal\/wp-json\/wp\/v2\/posts"}],"about":[{"href":"https:\/\/imais.online\/portal\/wp-json\/wp\/v2\/types\/post"}],"author":[{"embeddable":true,"href":"https:\/\/imais.online\/portal\/wp-json\/wp\/v2\/users\/8"}],"replies":[{"embeddable":true,"href":"https:\/\/imais.online\/portal\/wp-json\/wp\/v2\/comments?post=26490"}],"version-history":[{"count":1,"href":"https:\/\/imais.online\/portal\/wp-json\/wp\/v2\/posts\/26490\/revisions"}],"predecessor-version":[{"id":26494,"href":"https:\/\/imais.online\/portal\/wp-json\/wp\/v2\/posts\/26490\/revisions\/26494"}],"wp:featuredmedia":[{"embeddable":true,"href":"https:\/\/imais.online\/portal\/wp-json\/wp\/v2\/media\/26493"}],"wp:attachment":[{"href":"https:\/\/imais.online\/portal\/wp-json\/wp\/v2\/media?parent=26490"}],"wp:term":[{"taxonomy":"category","embeddable":true,"href":"https:\/\/imais.online\/portal\/wp-json\/wp\/v2\/categories?post=26490"},{"taxonomy":"post_tag","embeddable":true,"href":"https:\/\/imais.online\/portal\/wp-json\/wp\/v2\/tags?post=26490"}],"curies":[{"name":"wp","href":"https:\/\/api.w.org\/{rel}","templated":true}]}}