{"id":26547,"date":"2025-04-07T09:36:37","date_gmt":"2025-04-07T12:36:37","guid":{"rendered":"https:\/\/imais.online\/portal\/?p=26547"},"modified":"2025-04-07T09:36:38","modified_gmt":"2025-04-07T12:36:38","slug":"cancer-foi-a-segunda-principal-causa-de-morte-no-brasil-em-2024","status":"publish","type":"post","link":"https:\/\/imais.online\/portal\/cancer-foi-a-segunda-principal-causa-de-morte-no-brasil-em-2024\/","title":{"rendered":"C\u00e2ncer foi a segunda principal causa de morte no Brasil em 2024"},"content":{"rendered":"<div class=\"imais-before-content-placement\" id=\"imais-617078963\"><script async src=\"\/\/pagead2.googlesyndication.com\/pagead\/js\/adsbygoogle.js?client=ca-pub-8787528412751566\" crossorigin=\"anonymous\"><\/script><ins class=\"adsbygoogle\" style=\"display:block;\" data-ad-client=\"ca-pub-8787528412751566\" \ndata-ad-slot=\"\" \ndata-ad-format=\"auto\"><\/ins>\n<script> \n(adsbygoogle = window.adsbygoogle || []).push({}); \n<\/script>\n<\/div>\n<h2 class=\"wp-block-heading\">Especialista da Santa Casa de S\u00e3o Jos\u00e9 dos Campos refor\u00e7a a import\u00e2ncia da preven\u00e7\u00e3o e do diagn\u00f3stico precoce<\/h2>\n\n\n\n<p><strong>O<\/strong> c\u00e2ncer \u00e9 uma das principais causas de morte no Brasil. De acordo com o painel de monitoramento da mortalidade do Minist\u00e9rio da Sa\u00fade, at\u00e9 setembro de 2024, os tumores (neoplasias) de todas as naturezas foram a segunda principal causa de \u00f3bitos no pa\u00eds, com 157.747 mortes, ficando atr\u00e1s apenas das doen\u00e7as card\u00edacas.<\/p>\n\n\n\n<p>Por\u00e9m, em algumas regi\u00f5es do Brasil, o c\u00e2ncer j\u00e1 \u00e9 a principal causa de morte. Um estudo realizado pela Universidade Federal de S\u00e3o Paulo (Unifesp), em parceria com a Funda\u00e7\u00e3o Get\u00falio Vargas e a Universidade Federal de Uberl\u00e2ndia, analisou dados de 5.570 munic\u00edpios brasileiros fornecidos pelo Sistema de Informa\u00e7\u00f5es de Mortalidade (SIM) entre 2000 e 2019. Os resultados, publicados no The Lancet Regional Health \u2013 Americas, mostram que, nesse per\u00edodo, as taxas de mortalidade por doen\u00e7as cardiovasculares ca\u00edram em 25 dos 27 estados, enquanto as de c\u00e2ncer cresceram em 15. O n\u00famero de munic\u00edpios onde o c\u00e2ncer \u00e9 a principal causa de morte quase dobrou, passando de 7% para 13%.<\/p>\n\n\n\n<p>O Dia Mundial de Luta Contra o C\u00e2ncer, celebrado em 8 de abril, tem como objetivo conscientizar a popula\u00e7\u00e3o sobre a import\u00e2ncia da preven\u00e7\u00e3o e do diagn\u00f3stico precoce. O coordenador do setor de oncologia da Santa Casa de S\u00e3o Jos\u00e9 dos Campos, Andr\u00e9 Prestes, destaca que fatores como envelhecimento populacional, estilo de vida, sedentarismo e obesidade influenciam o aumento dos casos.&nbsp;<strong><em>&#8220;Adotar uma rotina saud\u00e1vel \u00e9 fundamental e pode reduzir o risco de desenvolver a doen\u00e7a em at\u00e9 30%&#8221;<\/em><\/strong>, afirma.<\/p>\n\n\n\n<p>Entre os principais tipos de c\u00e2ncer, destacam-se os do sistema digestivo, respons\u00e1veis por um ter\u00e7o das v\u00edtimas (51.337 mortes). Os c\u00e2nceres de c\u00f3lon (9.942), est\u00f4mago (8.964) e p\u00e2ncreas (8.481) est\u00e3o entre os mais comuns. Embora exames de rastreamento, como a colonoscopia, estejam dispon\u00edveis, muitos casos de c\u00e2ncer de c\u00f3lon e est\u00f4mago ainda s\u00e3o diagnosticados tardiamente devido \u00e0 aus\u00eancia de sintomas evidentes nas fases iniciais. O c\u00e2ncer de p\u00e2ncreas, por sua vez, evolui de forma silenciosa e apresenta sintomas apenas em est\u00e1gios avan\u00e7ados. Al\u00e9m disso, sua localiza\u00e7\u00e3o dificulta o diagn\u00f3stico precoce, resultando em uma taxa de sobrevida reduzida.<\/p>\n\n\n\n<p>https:\/\/googleads.g.doubleclick.net\/pagead\/ads?gdpr=0&#038;client=ca-pub-5990868310294203&#038;output=html&#038;h=280&#038;adk=1996170233&#038;adf=2064724983&#038;pi=t.aa~a.1448352472~i.17~rp.4&#038;w=858&#038;abgtt=11&#038;fwrn=4&#038;fwrnh=100&#038;lmt=1744029255&#038;num_ads=1&#038;rafmt=1&#038;armr=3&#038;sem=mc&#038;pwprc=8286682711&#038;ad_type=text_image&#038;format=858&#215;280&#038;url=https%3A%2F%2Fwww.noticiasaominuto.com.br%2Flifestyle%2F2273678%2Fcancer-foi-a-segunda-principal-causa-de-morte-no-brasil-em-2024&#038;fwr=0&#038;pra=3&#038;rh=200&#038;rw=858&#038;rpe=1&#038;resp_fmts=3&#038;wgl=1&#038;fa=27&#038;uach=WyJXaW5kb3dzIiwiMTAuMC4wIiwieDg2IiwiIiwiMTM0LjAuNjk5OC4xNzkiLG51bGwsMCxudWxsLCI2NCIsW1siQ2hyb21pdW0iLCIxMzQuMC42OTk4LjE3OSJdLFsiTm90OkEtQnJhbmQiLCIyNC4wLjAuMCJdLFsiR29vZ2xlIENocm9tZSIsIjEzNC4wLjY5OTguMTc5Il1dLDBd&#038;dt=1744026586724&#038;bpp=2&#038;bdt=17127&#038;idt=2&#038;shv=r20250403&#038;mjsv=m202504010101&#038;ptt=9&#038;saldr=aa&#038;abxe=1&#038;cookie=ID%3D4c30844fb3681349%3AT%3D1734526350%3ART%3D1744026596%3AS%3DALNI_MZIqb4z5tx8V2SZgqfC0Tu_8XiKVA&#038;gpic=UID%3D00000f82942d8727%3AT%3D1734526350%3ART%3D1744026596%3AS%3DALNI_MYaQihu1WwfIdQlrxf-PxiSF1szPw&#038;eo_id_str=ID%3D324f0b967e57d93d%3AT%3D1738168621%3ART%3D1744026596%3AS%3DAA-AfjZsvyss6xAexACGQ_lTc4Ib&#038;prev_fmts=0x0%2C858x280&#038;nras=3&#038;correlator=6538551245416&#038;frm=20&#038;pv=1&#038;u_tz=-180&#038;u_his=1&#038;u_h=768&#038;u_w=1366&#038;u_ah=728&#038;u_aw=1366&#038;u_cd=24&#038;u_sd=1&#038;dmc=8&#038;adx=16&#038;ady=2465&#038;biw=1351&#038;bih=641&#038;scr_x=0&#038;scr_y=0&#038;eid=95355972%2C95355974%2C95357455&#038;oid=2&#038;pvsid=448752679721676&#038;tmod=248817408&#038;uas=0&#038;nvt=1&#038;ref=https%3A%2F%2Fwww.r7.com%2F&#038;fc=1408&#038;brdim=0%2C0%2C0%2C0%2C1366%2C0%2C0%2C0%2C1366%2C641&#038;vis=1&#038;rsz=%7C%7Cs%7C&#038;abl=NS&#038;fu=1152&#038;bc=31&#038;bz=0&#038;td=1&#038;tdf=2&#038;psd=W251bGwsbnVsbCxudWxsLDNd&#038;nt=1&#038;ifi=3&#038;uci=a!3&#038;btvi=2&#038;fsb=1&#038;dtd=M<\/p>\n\n\n\n<p>Fora do sistema digest\u00f3rio, o c\u00e2ncer de pulm\u00e3o e de \u00f3rg\u00e3os do sistema respirat\u00f3rio \u00e9 o mais letal, com 22.853 mortes registradas ao longo do ano. J\u00e1 os tipos mais incidentes variam conforme o g\u00eanero: o c\u00e2ncer de mama \u00e9 o mais comum entre as mulheres, enquanto o de pr\u00f3stata lidera entre os homens.<\/p>\n\n\n\n<p>Diversos fatores podem aumentar o risco de desenvolver c\u00e2ncer, incluindo hist\u00f3rico familiar, exposi\u00e7\u00e3o a agentes cancer\u00edgenos como fumo e consumo excessivo de \u00e1lcool, dieta rica em alimentos ultraprocessados, sedentarismo e obesidade. Al\u00e9m disso, infec\u00e7\u00f5es causadas por v\u00edrus, como HPV e hepatites B e C, tamb\u00e9m podem estar associadas ao desenvolvimento da doen\u00e7a.<\/p>\n\n\n\n<p>A preven\u00e7\u00e3o do c\u00e2ncer envolve a ado\u00e7\u00e3o de h\u00e1bitos saud\u00e1veis, como alimenta\u00e7\u00e3o equilibrada, rica em frutas, legumes e fibras, pr\u00e1tica regular de exerc\u00edcios f\u00edsicos, n\u00e3o fumar, evitar o consumo excessivo de \u00e1lcool e manter o peso adequado. A vacina\u00e7\u00e3o contra HPV e hepatite B tamb\u00e9m \u00e9 uma medida importante para reduzir os riscos de alguns tipos de c\u00e2ncer. O acompanhamento m\u00e9dico regular \u00e9 essencial para o diagn\u00f3stico precoce.\u00a0<strong><em>&#8220;Muitas vezes, o c\u00e2ncer se manifesta silenciosamente e, quando aparece algum sintoma, a doen\u00e7a j\u00e1 est\u00e1 em um est\u00e1gio avan\u00e7ado, em que n\u00e3o h\u00e1 muito o que fazer. Por isso, \u00e9 fundamental realizar, ao menos uma vez por ano, uma avalia\u00e7\u00e3o com um especialista&#8221;<\/em><\/strong>, ressalta Prestes.<\/p>\n\n\n\n<p>Fonte: Not\u00edcias ao Minuto <\/p>\n","protected":false},"excerpt":{"rendered":"<p>Especialista da Santa Casa de S\u00e3o Jos\u00e9 dos Campos refor\u00e7a a import\u00e2ncia da preven\u00e7\u00e3o e do diagn\u00f3stico precoce O c\u00e2ncer \u00e9 uma das principais causas de morte no Brasil. De acordo com o painel de monitoramento da mortalidade do Minist\u00e9rio da Sa\u00fade, at\u00e9 setembro de 2024, os tumores (neoplasias) de todas as naturezas foram a [&hellip;]<\/p>\n","protected":false},"author":8,"featured_media":26548,"comment_status":"closed","ping_status":"open","sticky":false,"template":"","format":"standard","meta":{"rop_custom_images_group":[],"rop_custom_messages_group":[],"rop_publish_now":"initial","rop_publish_now_accounts":[],"rop_publish_now_history":[],"rop_publish_now_status":"pending","footnotes":""},"categories":[205],"tags":[],"class_list":["post-26547","post","type-post","status-publish","format-standard","has-post-thumbnail","hentry","category-saude"],"amp_enabled":true,"_links":{"self":[{"href":"https:\/\/imais.online\/portal\/wp-json\/wp\/v2\/posts\/26547","targetHints":{"allow":["GET"]}}],"collection":[{"href":"https:\/\/imais.online\/portal\/wp-json\/wp\/v2\/posts"}],"about":[{"href":"https:\/\/imais.online\/portal\/wp-json\/wp\/v2\/types\/post"}],"author":[{"embeddable":true,"href":"https:\/\/imais.online\/portal\/wp-json\/wp\/v2\/users\/8"}],"replies":[{"embeddable":true,"href":"https:\/\/imais.online\/portal\/wp-json\/wp\/v2\/comments?post=26547"}],"version-history":[{"count":1,"href":"https:\/\/imais.online\/portal\/wp-json\/wp\/v2\/posts\/26547\/revisions"}],"predecessor-version":[{"id":26549,"href":"https:\/\/imais.online\/portal\/wp-json\/wp\/v2\/posts\/26547\/revisions\/26549"}],"wp:featuredmedia":[{"embeddable":true,"href":"https:\/\/imais.online\/portal\/wp-json\/wp\/v2\/media\/26548"}],"wp:attachment":[{"href":"https:\/\/imais.online\/portal\/wp-json\/wp\/v2\/media?parent=26547"}],"wp:term":[{"taxonomy":"category","embeddable":true,"href":"https:\/\/imais.online\/portal\/wp-json\/wp\/v2\/categories?post=26547"},{"taxonomy":"post_tag","embeddable":true,"href":"https:\/\/imais.online\/portal\/wp-json\/wp\/v2\/tags?post=26547"}],"curies":[{"name":"wp","href":"https:\/\/api.w.org\/{rel}","templated":true}]}}