{"id":26663,"date":"2025-04-12T18:54:35","date_gmt":"2025-04-12T21:54:35","guid":{"rendered":"https:\/\/imais.online\/portal\/?p=26663"},"modified":"2025-04-12T18:54:36","modified_gmt":"2025-04-12T21:54:36","slug":"lady-gaga-estreia-turne-com-show-grandioso-no-coachella-antes-de-vinda-ao-brasil","status":"publish","type":"post","link":"https:\/\/imais.online\/portal\/lady-gaga-estreia-turne-com-show-grandioso-no-coachella-antes-de-vinda-ao-brasil\/","title":{"rendered":"Lady Gaga estreia turn\u00ea com show grandioso no Coachella antes de vinda ao Brasil"},"content":{"rendered":"<div class=\"imais-before-content-placement\" id=\"imais-1070448309\"><script async src=\"\/\/pagead2.googlesyndication.com\/pagead\/js\/adsbygoogle.js?client=ca-pub-8787528412751566\" crossorigin=\"anonymous\"><\/script><ins class=\"adsbygoogle\" style=\"display:block;\" data-ad-client=\"ca-pub-8787528412751566\" \ndata-ad-slot=\"\" \ndata-ad-format=\"auto\"><\/ins>\n<script> \n(adsbygoogle = window.adsbygoogle || []).push({}); \n<\/script>\n<\/div>\n<h2 class=\"wp-block-heading\">Artista se apresentou para um grande p\u00fablico pela 1\u00aa vez em oito anos, como atra\u00e7\u00e3o principal do festival, nesta sexta (11). Ela canta na praia de Copacabana no dia 3 de maio.<\/h2>\n\n\n\n<p>Lady Gaga\u00a0retornou a um grande p\u00fablico pela primeira vez em oito anos para ser a atra\u00e7\u00e3o principal do festival Coachella nesta sexta-feira (11) \u00e0 noite, dan\u00e7ando com esqueletos, lutando contra um dan\u00e7arino vestido de monstro e fazendo um bis surpresa.<\/p>\n\n\n\n<p><a class=\"\" href=\"https:\/\/g1.globo.com\/tudo-sobre\/lady-gaga\/\">Lady Gaga<\/a>\u00a0juntou m\u00fasicas de seu \u00e1lbum &#8220;Mayhem&#8221;, de 2025, bem como outras mais antigas, incluindo &#8220;Judas&#8221;, &#8220;Born This Way&#8221; e &#8220;Poker Face&#8221;. &#8220;Eu amo voc\u00eas&#8221;, ela disse v\u00e1rias vezes durante o show de duas horas.<\/p>\n\n\n\n<figure class=\"wp-block-image\"><img decoding=\"async\" src=\"https:\/\/s2-g1.glbimg.com\/qpFCErzT_6TIovoNrRGdupBFM_8=\/0x0:1084x645\/984x0\/smart\/filters:strip_icc()\/i.s3.glbimg.com\/v1\/AUTH_59edd422c0c84a879bd37670ae4f538a\/internal_photos\/bs\/2025\/K\/z\/pTlvjOQFasQq8tCSB4FQ\/gagachella2.jpg\" alt=\"Lady Gaga no Coachella 2025 \u2014 Foto: Reprodu\u00e7\u00e3o\/YouTube do festival\"\/><\/figure>\n\n\n\n<p class=\"has-small-font-size\">Lady Gaga no Coachella 2025 \u2014 Foto: Reprodu\u00e7\u00e3o\/YouTube do festival<\/p>\n\n\n\n<p>Em seu estilo tipicamente extravagante, ela fez trocas de roupa, incluindo um vestido vermelho, uma malha preta, um vestido branco com penas e uma armadura met\u00e1lica com uma capa. A apresenta\u00e7\u00e3o teatral \u00e9 a primeira pr\u00e9via do que podemos esperar\u00a0no show da artista em Copacabana, no dia 3 de maio.<\/p>\n\n\n\n<p>Os f\u00e3s tamb\u00e9m optaram por pe\u00e7as marcantes para homenagear a cantora.<\/p>\n\n\n\n<p>Lady Gaga, um \u00edcone LGBTQ+ que carinhosamente chama seus f\u00e3s de &#8220;pequenos monstros&#8221; (&#8220;little monsters), \u00e9 conhecida por seu ativismo na comunidade e por ser assumidamente bissexual.<\/p>\n\n\n\n<p>Alguns homens na plateia se abra\u00e7aram e se beijaram, gritando seu amor pela mulher de 39 anos.<\/p>\n\n\n\n<p>Sua m\u00fasica de 2011, &#8220;Born This Way&#8221;, foi apelidada de &#8220;hino gay&#8221;, dando origem \u00e0 Born This Way Foundation, com o objetivo de acabar com o &#8220;bullying e promover a conscientiza\u00e7\u00e3o sobre sa\u00fade mental, principalmente na comunidade LGBTQ+&#8221;.<\/p>\n\n\n\n<figure class=\"wp-block-image\"><img decoding=\"async\" src=\"https:\/\/s2-g1.glbimg.com\/yKpKLDD8OpTicA7FgSENIP90AwI=\/0x0:1252x660\/984x0\/smart\/filters:strip_icc()\/i.s3.glbimg.com\/v1\/AUTH_59edd422c0c84a879bd37670ae4f538a\/internal_photos\/bs\/2025\/S\/Z\/UDVMZVQEi1EQnbU3niqQ\/gagachella.jpg\" alt=\"Lady Gaga no Coachella 2025 \u2014 Foto: Reprodu\u00e7\u00e3o\/YouTube do festival\"\/><\/figure>\n\n\n\n<p class=\"has-small-font-size\">Lady Gaga no Coachella 2025 \u2014 Foto: Reprodu\u00e7\u00e3o\/YouTube do festival<\/p>\n\n\n\n<p>A cantora, compositora e atriz \u00e9 conhecida pela m\u00fasica pop animada que incorpora electropop, dance, rock, house, jazz e g\u00eaneros experimentais. Ela deve realizar uma s\u00e9rie de shows em sua turn\u00ea &#8220;Mayhem Ball&#8221;, neste ano.<\/p>\n\n\n\n<p>&#8220;Mayhem&#8221; alcan\u00e7ou o primeiro lugar na parada Billboard 200, tornando-se seu s\u00e9timo \u00e1lbum a liderar as paradas. Ela tamb\u00e9m estreou em primeiro lugar na parada de \u00e1lbuns do Reino Unido.<\/p>\n\n\n\n<p>Dois dos maiores hits da nova era s\u00e3o &#8220;Die With a Smile&#8221;, gravada com Bruno Mars, e &#8220;Abracadabra&#8221;.<\/p>\n\n\n\n<figure class=\"wp-block-image\"><img decoding=\"async\" src=\"https:\/\/s2-g1.glbimg.com\/NHFrZTt4L7-823C9jAPAV61UqWs=\/0x0:1208x630\/984x0\/smart\/filters:strip_icc()\/i.s3.glbimg.com\/v1\/AUTH_59edd422c0c84a879bd37670ae4f538a\/internal_photos\/bs\/2025\/4\/T\/qR0wCDTsOfG6sfzfgt7g\/lady-gaga.jpg\" alt=\"Lady Gaga no Coachella 2025 \u2014 Foto: Reprodu\u00e7\u00e3o\/YouTube do festival\"\/><\/figure>\n\n\n\n<p class=\"has-small-font-size\">Lady Gaga no Coachella 2025 \u2014 Foto: Reprodu\u00e7\u00e3o\/YouTube do festival<\/p>\n\n\n\n<p>Fonte G1<\/p>\n","protected":false},"excerpt":{"rendered":"<p>Artista se apresentou para um grande p\u00fablico pela 1\u00aa vez em oito anos, como atra\u00e7\u00e3o principal do festival, nesta sexta (11). Ela canta na praia de Copacabana no dia 3 de maio. Lady Gaga\u00a0retornou a um grande p\u00fablico pela primeira vez em oito anos para ser a atra\u00e7\u00e3o principal do festival Coachella nesta sexta-feira (11) [&hellip;]<\/p>\n","protected":false},"author":8,"featured_media":26664,"comment_status":"closed","ping_status":"open","sticky":false,"template":"","format":"standard","meta":{"rop_custom_images_group":[],"rop_custom_messages_group":[],"rop_publish_now":"initial","rop_publish_now_accounts":[],"rop_publish_now_history":[],"rop_publish_now_status":"pending","footnotes":""},"categories":[16],"tags":[],"class_list":["post-26663","post","type-post","status-publish","format-standard","has-post-thumbnail","hentry","category-entertainment"],"amp_enabled":true,"_links":{"self":[{"href":"https:\/\/imais.online\/portal\/wp-json\/wp\/v2\/posts\/26663","targetHints":{"allow":["GET"]}}],"collection":[{"href":"https:\/\/imais.online\/portal\/wp-json\/wp\/v2\/posts"}],"about":[{"href":"https:\/\/imais.online\/portal\/wp-json\/wp\/v2\/types\/post"}],"author":[{"embeddable":true,"href":"https:\/\/imais.online\/portal\/wp-json\/wp\/v2\/users\/8"}],"replies":[{"embeddable":true,"href":"https:\/\/imais.online\/portal\/wp-json\/wp\/v2\/comments?post=26663"}],"version-history":[{"count":1,"href":"https:\/\/imais.online\/portal\/wp-json\/wp\/v2\/posts\/26663\/revisions"}],"predecessor-version":[{"id":26665,"href":"https:\/\/imais.online\/portal\/wp-json\/wp\/v2\/posts\/26663\/revisions\/26665"}],"wp:featuredmedia":[{"embeddable":true,"href":"https:\/\/imais.online\/portal\/wp-json\/wp\/v2\/media\/26664"}],"wp:attachment":[{"href":"https:\/\/imais.online\/portal\/wp-json\/wp\/v2\/media?parent=26663"}],"wp:term":[{"taxonomy":"category","embeddable":true,"href":"https:\/\/imais.online\/portal\/wp-json\/wp\/v2\/categories?post=26663"},{"taxonomy":"post_tag","embeddable":true,"href":"https:\/\/imais.online\/portal\/wp-json\/wp\/v2\/tags?post=26663"}],"curies":[{"name":"wp","href":"https:\/\/api.w.org\/{rel}","templated":true}]}}