{"id":26670,"date":"2025-04-12T19:17:17","date_gmt":"2025-04-12T22:17:17","guid":{"rendered":"https:\/\/imais.online\/portal\/?p=26670"},"modified":"2025-04-12T19:17:18","modified_gmt":"2025-04-12T22:17:18","slug":"papa-francisco-visita-a-basilica-de-santa-maria-maior-antes-da-semana-santa","status":"publish","type":"post","link":"https:\/\/imais.online\/portal\/papa-francisco-visita-a-basilica-de-santa-maria-maior-antes-da-semana-santa\/","title":{"rendered":"Papa Francisco visita a Bas\u00edlica de Santa Maria Maior antes da Semana Santa"},"content":{"rendered":"<div class=\"imais-before-content-placement\" id=\"imais-2850404959\"><script async src=\"\/\/pagead2.googlesyndication.com\/pagead\/js\/adsbygoogle.js?client=ca-pub-8787528412751566\" crossorigin=\"anonymous\"><\/script><ins class=\"adsbygoogle\" style=\"display:block;\" data-ad-client=\"ca-pub-8787528412751566\" \ndata-ad-slot=\"\" \ndata-ad-format=\"auto\"><\/ins>\n<script> \n(adsbygoogle = window.adsbygoogle || []).push({}); \n<\/script>\n<\/div>\n<h3 class=\"wp-block-heading\">Apesar da melhora de sa\u00fade, ainda n\u00e3o h\u00e1 nada definido sobre a participa\u00e7\u00e3o do pont\u00edfice nas cerim\u00f4nias religiosas da Semana Santa; o cardeal Leonardo Sandri presidir\u00e1 a missa do Domingo de Ramos<\/h3>\n\n\n\n<p>O<a href=\"http:\/\/jovempan.com.br\/tag\/papa-francisco\"><strong>&nbsp;papa Francisco<\/strong><\/a>, convalescente de uma pneumonia bilateral, fez outra sa\u00edda inesperada neste s\u00e1bado (12) e visitou a Bas\u00edlica de Santa Maria Maior para rezar, anunciou o servi\u00e7o de imprensa do&nbsp;<a href=\"http:\/\/jovempan.com.br\/tag\/vaticano\"><strong>Vaticano<\/strong><\/a>&nbsp;no Telegram. \u201cNo in\u00edcio desta tarde, o papa Francisco foi \u00e0 Bas\u00edlica de Santa Maria Maior e, \u00e0s v\u00e9speras do Domingo de Ramos e da Semana Santa, parou para rezar diante do \u00edcone da Virgem\u201d, disse o Vaticano.<\/p>\n\n\n\n<p>O pont\u00edfice argentino, de 88 anos, que se recupera de uma pneumonia grave, fez uma s\u00e9rie de apari\u00e7\u00f5es surpresa nos \u00faltimos dias. Francisco fez sua primeira apari\u00e7\u00e3o inesperada no \u00faltimo domingo em frente \u00e0 Bas\u00edlica de S\u00e3o Pedro para cumprimentar os fi\u00e9is, antes de receber o rei Charles III da Inglaterra e a rainha Camilla em uma audi\u00eancia privada na quarta-feira, apesar do encontro ter sido inicialmente cancelado.<\/p>\n\n\n\n<p>Ele tamb\u00e9m visitou a Bas\u00edlica de S\u00e3o Pedro na quinta-feira para ver o trabalho de reforma e prestar suas homenagens no t\u00famulo de Pio X, cumprimentando fi\u00e9is e restauradores ao longo do caminho. \u201cO fato de ele estar convalescente n\u00e3o significa que ele n\u00e3o possa sair\u201d, disse o Vaticano na sexta-feira.<\/p>\n\n\n\n<p>Apesar da melhora em seu estado de sa\u00fade, ainda n\u00e3o h\u00e1 nada definido sobre sua participa\u00e7\u00e3o nas cerim\u00f4nias religiosas da Semana Santa. \u00c9 certo que o cardeal Leonardo Sandri presidir\u00e1 a missa do Domingo de Ramos. Jorge Bergoglio passou mais de cinco semanas no hospital Gemelli, em Roma, para tratar uma pneumonia nos dois pulm\u00f5es. Convalescente desde seu retorno ao Vaticano, em 23 de mar\u00e7o, ele continua debilitado pela doen\u00e7a, que colocou sua vida em risco e reduziu drasticamente suas atividades. Os m\u00e9dicos recomendaram repouso por dois meses.<\/p>\n\n\n\n<p><em>*Com informa\u00e7\u00f5es da AFP<\/em><\/p>\n","protected":false},"excerpt":{"rendered":"<p>Apesar da melhora de sa\u00fade, ainda n\u00e3o h\u00e1 nada definido sobre a participa\u00e7\u00e3o do pont\u00edfice nas cerim\u00f4nias religiosas da Semana Santa; o cardeal Leonardo Sandri presidir\u00e1 a missa do Domingo de Ramos O&nbsp;papa Francisco, convalescente de uma pneumonia bilateral, fez outra sa\u00edda inesperada neste s\u00e1bado (12) e visitou a Bas\u00edlica de Santa Maria Maior para [&hellip;]<\/p>\n","protected":false},"author":8,"featured_media":26671,"comment_status":"closed","ping_status":"open","sticky":false,"template":"","format":"standard","meta":{"rop_custom_images_group":[],"rop_custom_messages_group":[],"rop_publish_now":"initial","rop_publish_now_accounts":[],"rop_publish_now_history":[],"rop_publish_now_status":"pending","footnotes":""},"categories":[212],"tags":[],"class_list":["post-26670","post","type-post","status-publish","format-standard","has-post-thumbnail","hentry","category-internacional"],"amp_enabled":true,"_links":{"self":[{"href":"https:\/\/imais.online\/portal\/wp-json\/wp\/v2\/posts\/26670","targetHints":{"allow":["GET"]}}],"collection":[{"href":"https:\/\/imais.online\/portal\/wp-json\/wp\/v2\/posts"}],"about":[{"href":"https:\/\/imais.online\/portal\/wp-json\/wp\/v2\/types\/post"}],"author":[{"embeddable":true,"href":"https:\/\/imais.online\/portal\/wp-json\/wp\/v2\/users\/8"}],"replies":[{"embeddable":true,"href":"https:\/\/imais.online\/portal\/wp-json\/wp\/v2\/comments?post=26670"}],"version-history":[{"count":1,"href":"https:\/\/imais.online\/portal\/wp-json\/wp\/v2\/posts\/26670\/revisions"}],"predecessor-version":[{"id":26672,"href":"https:\/\/imais.online\/portal\/wp-json\/wp\/v2\/posts\/26670\/revisions\/26672"}],"wp:featuredmedia":[{"embeddable":true,"href":"https:\/\/imais.online\/portal\/wp-json\/wp\/v2\/media\/26671"}],"wp:attachment":[{"href":"https:\/\/imais.online\/portal\/wp-json\/wp\/v2\/media?parent=26670"}],"wp:term":[{"taxonomy":"category","embeddable":true,"href":"https:\/\/imais.online\/portal\/wp-json\/wp\/v2\/categories?post=26670"},{"taxonomy":"post_tag","embeddable":true,"href":"https:\/\/imais.online\/portal\/wp-json\/wp\/v2\/tags?post=26670"}],"curies":[{"name":"wp","href":"https:\/\/api.w.org\/{rel}","templated":true}]}}