{"id":26766,"date":"2025-04-19T20:50:54","date_gmt":"2025-04-19T23:50:54","guid":{"rendered":"https:\/\/imais.online\/portal\/?p=26766"},"modified":"2025-04-19T20:50:55","modified_gmt":"2025-04-19T23:50:55","slug":"descoberta-da-nasa-pode-comprovar-o-dia-em-que-jesus-foi-crucificado","status":"publish","type":"post","link":"https:\/\/imais.online\/portal\/descoberta-da-nasa-pode-comprovar-o-dia-em-que-jesus-foi-crucificado\/","title":{"rendered":"Descoberta da Nasa pode &#8216;comprovar&#8217; o dia em que Jesus foi crucificado"},"content":{"rendered":"<div class=\"imais-before-content-placement\" id=\"imais-3435709816\"><script async src=\"\/\/pagead2.googlesyndication.com\/pagead\/js\/adsbygoogle.js?client=ca-pub-8787528412751566\" crossorigin=\"anonymous\"><\/script><ins class=\"adsbygoogle\" style=\"display:block;\" data-ad-client=\"ca-pub-8787528412751566\" \ndata-ad-slot=\"\" \ndata-ad-format=\"auto\"><\/ins>\n<script> \n(adsbygoogle = window.adsbygoogle || []).push({}); \n<\/script>\n<\/div>\n<h2 class=\"wp-block-heading\">Ag\u00eancia espacial dos EUA revela ocorr\u00eancia de eclipse lunar a que passagens b\u00edblicas poderiam se referir no dia da execu\u00e7\u00e3o do nazareno em Jerusal\u00e9m<\/h2>\n\n\n\n<p>Uma descoberta da Nasa (ag\u00eancia espacial dos EUA) pode dar credibilidade a um dos momentos mais dram\u00e1ticos da B\u00edblia \u2014 a crucifica\u00e7\u00e3o de Jesus Cristo, o evento mais importante na constru\u00e7\u00e3o do cristianismo \u2014 e ao espet\u00e1culo celeste que se seguiu.<\/p>\n\n\n\n<p>Os modelos astron\u00f4micos da ag\u00eancia espacial sugerem que um eclipse lunar deixou a lua vermelha sobre Jerusal\u00e9m na sexta-feira, 3 de abril de 33 DC \u2014 uma data que muitos estudiosos associam \u00e0 morte de Jesus.<\/p>\n\n\n\n<figure class=\"wp-block-image\"><img decoding=\"async\" src=\"https:\/\/s2-extra.glbimg.com\/ykqhdRlGv3PBEeryqhYpaU2bgzA=\/0x0:1052x751\/888x0\/smart\/filters:strip_icc()\/i.s3.glbimg.com\/v1\/AUTH_1f551ea7087a47f39ead75f64041559a\/internal_photos\/bs\/2025\/9\/A\/lFfREqTrSeZKJG96QGpg\/blog-jesus-cross.jpg\" alt=\"Imagem de Jesus crucificado, em igreja cat\u00f3lica\"\/><\/figure>\n\n\n\n<p class=\"has-small-font-size\">Imagem de Jesus crucificado, em igreja cat\u00f3lica \u2014 Foto: AFP<\/p>\n\n\n\n<p>&#8220;Do meio-dia \u00e0s tr\u00eas da tarde, trevas cobriram toda a terra&#8221;, diz uma tradu\u00e7\u00e3o de Mateus 27:45 \u2014 um vers\u00edculo do Evangelho que descreve os c\u00e9us surreais enquanto Jesus estava pendurado na cruz. Os Evangelhos de Mateus, Marcos, Lucas e Jo\u00e3o s\u00e3o considerados os quatro can\u00f4nicos.<\/p>\n\n\n\n<p>A teoria do eclipse, originalmente proposta pelos pesquisadores da Universidade de Oxford Colin Humphreys e W. Graeme Waddington, agora est\u00e1 ganhando for\u00e7a nas redes sociais, contou reportagem no &#8220;NY Post&#8221;. Os estudos da Nasa sobre o tema remontam aos anos 1990.<\/p>\n\n\n\n<p>&#8220;Textos crist\u00e3os mencionam que a lua se transformou em sangue ap\u00f3s a crucifica\u00e7\u00e3o de Jesus \u2014 possivelmente se referindo a um eclipse lunar, durante o qual a lua assume uma tonalidade avermelhada&#8221;, observou a NASA, acrescentando que sua tecnologia de rastreamento do c\u00e9u localizou o antigo eclipse vis\u00edvel em Jerusal\u00e9m logo ap\u00f3s o p\u00f4r do sol.<\/p>\n\n\n\n<p>A revele\u00e7\u00e3o poderia amparar passagens prof\u00e9ticas da B\u00edblia.<\/p>\n\n\n\n<p>&#8220;O sol se tornar\u00e1 em trevas e a lua em sangue antes que venha o grande e glorioso dia do Senhor&#8221;, diz Atos 20:20.<\/p>\n\n\n\n<p>Essa passagem, proferida pelo ap\u00f3stolo Pedro 50 dias ap\u00f3s a crucifica\u00e7\u00e3o, cita outra previs\u00e3o de fogo e enxofre do Antigo Testamento, como Joel 2:28-31 alerta:<\/p>\n\n\n\n<p>&#8220;O sol se transformar\u00e1 em trevas, e a lua em sangue, antes que venha o grande e terr\u00edvel dia do Senhor.&#8221;<\/p>\n\n\n\n<p>Humphreys e Waddington acreditam que essa passagens b\u00edblicas descreveram os eventos assustadores que se desenrolaram no dia da morte de Jesus.<\/p>\n\n\n\n<p>Sua pesquisa aponta para mais um vers\u00edculo arrepiante de textos crist\u00e3os antigos fora do c\u00e2none b\u00edblico, uma passagem do Relat\u00f3rio de Pilatos \u2014 parte dos ap\u00f3crifos do Novo Testamento:<\/p>\n\n\n\n<p>&#8220;Na sua crucifica\u00e7\u00e3o, o sol escureceu; as estrelas apareceram e em todo o mundo acenderam l\u00e2mpadas desde a sexta hora at\u00e9 a tarde; a lua parecia sangue.&#8221;<\/p>\n\n\n\n<p>Humphreys e Waddington afirmam que isso apoia a ideia de que o eclipse lunar foi o mesmo visto e registrado nas escrituras antigas.<\/p>\n\n\n\n<p>Eles argumentam que a cita\u00e7\u00e3o de Pedro (&#8220;o sol se converter\u00e1 em trevas&#8221;) faz refer\u00eancia direta a Mateus 27:45 e se alinha com o apag\u00e3o de tr\u00eas horas relatado nos Evangelhos. Os dados da Nasa, dizem eles, ajudam a juntar as pe\u00e7as.<\/p>\n\n\n\n<p>Fonte: Jornal Extra <\/p>\n","protected":false},"excerpt":{"rendered":"<p>Ag\u00eancia espacial dos EUA revela ocorr\u00eancia de eclipse lunar a que passagens b\u00edblicas poderiam se referir no dia da execu\u00e7\u00e3o do nazareno em Jerusal\u00e9m Uma descoberta da Nasa (ag\u00eancia espacial dos EUA) pode dar credibilidade a um dos momentos mais dram\u00e1ticos da B\u00edblia \u2014 a crucifica\u00e7\u00e3o de Jesus Cristo, o evento mais importante na constru\u00e7\u00e3o [&hellip;]<\/p>\n","protected":false},"author":8,"featured_media":26767,"comment_status":"closed","ping_status":"open","sticky":false,"template":"","format":"standard","meta":{"rop_custom_images_group":[],"rop_custom_messages_group":[],"rop_publish_now":"initial","rop_publish_now_accounts":[],"rop_publish_now_history":[],"rop_publish_now_status":"pending","footnotes":""},"categories":[212],"tags":[],"class_list":["post-26766","post","type-post","status-publish","format-standard","has-post-thumbnail","hentry","category-internacional"],"amp_enabled":true,"_links":{"self":[{"href":"https:\/\/imais.online\/portal\/wp-json\/wp\/v2\/posts\/26766","targetHints":{"allow":["GET"]}}],"collection":[{"href":"https:\/\/imais.online\/portal\/wp-json\/wp\/v2\/posts"}],"about":[{"href":"https:\/\/imais.online\/portal\/wp-json\/wp\/v2\/types\/post"}],"author":[{"embeddable":true,"href":"https:\/\/imais.online\/portal\/wp-json\/wp\/v2\/users\/8"}],"replies":[{"embeddable":true,"href":"https:\/\/imais.online\/portal\/wp-json\/wp\/v2\/comments?post=26766"}],"version-history":[{"count":1,"href":"https:\/\/imais.online\/portal\/wp-json\/wp\/v2\/posts\/26766\/revisions"}],"predecessor-version":[{"id":26768,"href":"https:\/\/imais.online\/portal\/wp-json\/wp\/v2\/posts\/26766\/revisions\/26768"}],"wp:featuredmedia":[{"embeddable":true,"href":"https:\/\/imais.online\/portal\/wp-json\/wp\/v2\/media\/26767"}],"wp:attachment":[{"href":"https:\/\/imais.online\/portal\/wp-json\/wp\/v2\/media?parent=26766"}],"wp:term":[{"taxonomy":"category","embeddable":true,"href":"https:\/\/imais.online\/portal\/wp-json\/wp\/v2\/categories?post=26766"},{"taxonomy":"post_tag","embeddable":true,"href":"https:\/\/imais.online\/portal\/wp-json\/wp\/v2\/tags?post=26766"}],"curies":[{"name":"wp","href":"https:\/\/api.w.org\/{rel}","templated":true}]}}