{"id":26775,"date":"2025-04-20T11:12:49","date_gmt":"2025-04-20T14:12:49","guid":{"rendered":"https:\/\/imais.online\/portal\/?p=26775"},"modified":"2025-04-20T11:12:50","modified_gmt":"2025-04-20T14:12:50","slug":"papa-francisco-aparece-no-domingo-de-pascoa-para-dar-a-bencao-aos-fieis","status":"publish","type":"post","link":"https:\/\/imais.online\/portal\/papa-francisco-aparece-no-domingo-de-pascoa-para-dar-a-bencao-aos-fieis\/","title":{"rendered":"Papa Francisco aparece no Domingo de P\u00e1scoa para dar a b\u00ean\u00e7\u00e3o aos fi\u00e9is"},"content":{"rendered":"<div class=\"imais-before-content-placement\" id=\"imais-3047948826\"><script async src=\"\/\/pagead2.googlesyndication.com\/pagead\/js\/adsbygoogle.js?client=ca-pub-8787528412751566\" crossorigin=\"anonymous\"><\/script><ins class=\"adsbygoogle\" style=\"display:block;\" data-ad-client=\"ca-pub-8787528412751566\" \ndata-ad-slot=\"\" \ndata-ad-format=\"auto\"><\/ins>\n<script> \n(adsbygoogle = window.adsbygoogle || []).push({}); \n<\/script>\n<\/div>\n<h3 class=\"wp-block-heading\">Segundo o Vaticano, ao menos 35 mil pessoas participaram da missa no local, especialmente adornado com narcisos, tulipas e outras flores doadas pelos Pa\u00edses Baixos<\/h3>\n\n\n\n<p>O&nbsp;<a href=\"http:\/\/www.jovempan.com.br\/tag\/papa-francisco\" target=\"_blank\" rel=\"noreferrer noopener\"><strong>papa Francisco<\/strong><\/a>&nbsp;fez uma breve apari\u00e7\u00e3o neste Domingo de P\u00e1scoa (20), para aben\u00e7oar as milhares de pessoas na Pra\u00e7a S\u00e3o Pedro, no Vaticano, o que provocou vivas e aplausos da multid\u00e3o. O pont\u00edfice continua sua recupera\u00e7\u00e3o de um grave epis\u00f3dio de pneumonia bilateral. \u201cIrm\u00e3os e irm\u00e3s, feliz P\u00e1scoa!\u201d, disse Francisco, com uma voz que soou mais forte do que a apresentada quando deixou o hospital. Segundo o Vaticano, ao menos 35 mil pessoas participaram da missa no local, especialmente adornado com narcisos, tulipas e outras flores doadas pelos Pa\u00edses Baixos.<\/p>\n\n\n\n<p>Francisco n\u00e3o celebrou a missa de P\u00e1scoa na pra\u00e7a, deixando a tarefa para o cardeal Angelo Comastri, o arcipreste aposentado da Bas\u00edlica de S\u00e3o Pedro. Mas, ap\u00f3s o t\u00e9rmino da celebra\u00e7\u00e3o, o pont\u00edfice apareceu na varanda do balc\u00e3o acima da entrada da bas\u00edlica. As milhares de pessoas abaixo vibraram, enquanto uma banda militar come\u00e7ou uma sequ\u00eancia de hinos da Santa S\u00e9 e da It\u00e1lia. Comastri, por sua vez, agradeceu o papa: \u201cObrigado por despertar a nossa f\u00e9!\u201d. Francisco acenou da varanda e depois pediu a um assistente que lesse seu discurso. A homilia preparada pelo papa enfatizou como Cristo ressuscitado remete \u00e0 esperan\u00e7a.<\/p>\n\n\n\n<p>\u201cIrm\u00e3os e irm\u00e3s, aqui est\u00e1 a maior esperan\u00e7a da nossa vida: podemos viver esta exist\u00eancia pobre, fr\u00e1gil e ferida agarrados a Cristo, porque ele venceu a morte, vence a nossa escurid\u00e3o e vencer\u00e1 as trevas do mundo, para nos fazer viver com ele na alegria, para sempre\u201d, conforme escreveu. A caminho da bas\u00edlica, Francisco se encontrou brevemente com o vice-presidente dos Estados Unidos, JD Vance, que est\u00e1 passando a P\u00e1scoa em Roma com a fam\u00edlia. Francisco s\u00f3 apareceu em p\u00fablico algumas vezes desde que retornou ao Vaticano, em 23 de mar\u00e7o, ap\u00f3s uma hospitaliza\u00e7\u00e3o de 38 dias. Ele n\u00e3o participou das solenidades da Sexta-Feira Santa e do S\u00e1bado Santo, mas o folheto da missa e os planos lit\u00fargicos publicados pelo Vaticano j\u00e1 adiantavam sua apari\u00e7\u00e3o neste domingo.<\/p>\n\n\n\n<p>A P\u00e1scoa \u00e9 o momento mais alegre no calend\u00e1rio lit\u00fargico crist\u00e3o, quando os fi\u00e9is celebram a ressurrei\u00e7\u00e3o de Cristo ap\u00f3s sua crucifica\u00e7\u00e3o. Este ano, a P\u00e1scoa \u00e9 celebrada no mesmo dia por cat\u00f3licos e crist\u00e3os ortodoxos, e tem sido marcada pelo an\u00fancio da R\u00fassia de uma tr\u00e9gua tempor\u00e1ria em sua guerra na Ucr\u00e2nia. A celebra\u00e7\u00e3o da P\u00e1scoa no Vaticano geralmente envolve uma missa e a b\u00ean\u00e7\u00e3o Urbi et Orbi do papa (\u201c\u00e0 cidade e ao mundo\u201d, em latim), um discurso proclamado da varanda acima da entrada da bas\u00edlica que costuma ser um resumo dos pontos cr\u00edticos globais e do sofrimento humano. Restava saber se Francisco apareceria para fazer o discurso ou simplesmente para conceder a b\u00ean\u00e7\u00e3o apost\u00f3lica no final.<\/p>\n\n\n\n<p>Francisco reduziu drasticamente sua carga de trabalho enquanto segue as ordens dos m\u00e9dicos para dois meses de convalescen\u00e7a e terapia respirat\u00f3ria para melhorar a fun\u00e7\u00e3o de seus pulm\u00f5es. Ainda parece exigir um grande esfor\u00e7o para projetar sua voz, e sua respira\u00e7\u00e3o continua a ser trabalhosa. Antes do domingo, sua maior sa\u00edda tinha sido uma visita \u00e0 pris\u00e3o do centro de Roma para passar a Quinta-Feira Santa com os detentos.<\/p>\n\n\n\n<p>Fonte: Jovem Pan<\/p>\n","protected":false},"excerpt":{"rendered":"<p>Segundo o Vaticano, ao menos 35 mil pessoas participaram da missa no local, especialmente adornado com narcisos, tulipas e outras flores doadas pelos Pa\u00edses Baixos O&nbsp;papa Francisco&nbsp;fez uma breve apari\u00e7\u00e3o neste Domingo de P\u00e1scoa (20), para aben\u00e7oar as milhares de pessoas na Pra\u00e7a S\u00e3o Pedro, no Vaticano, o que provocou vivas e aplausos da multid\u00e3o. [&hellip;]<\/p>\n","protected":false},"author":8,"featured_media":26776,"comment_status":"closed","ping_status":"open","sticky":false,"template":"","format":"standard","meta":{"rop_custom_images_group":[],"rop_custom_messages_group":[],"rop_publish_now":"initial","rop_publish_now_accounts":[],"rop_publish_now_history":[],"rop_publish_now_status":"pending","footnotes":""},"categories":[212],"tags":[73],"class_list":["post-26775","post","type-post","status-publish","format-standard","has-post-thumbnail","hentry","category-internacional","tag-featured"],"amp_enabled":true,"_links":{"self":[{"href":"https:\/\/imais.online\/portal\/wp-json\/wp\/v2\/posts\/26775","targetHints":{"allow":["GET"]}}],"collection":[{"href":"https:\/\/imais.online\/portal\/wp-json\/wp\/v2\/posts"}],"about":[{"href":"https:\/\/imais.online\/portal\/wp-json\/wp\/v2\/types\/post"}],"author":[{"embeddable":true,"href":"https:\/\/imais.online\/portal\/wp-json\/wp\/v2\/users\/8"}],"replies":[{"embeddable":true,"href":"https:\/\/imais.online\/portal\/wp-json\/wp\/v2\/comments?post=26775"}],"version-history":[{"count":1,"href":"https:\/\/imais.online\/portal\/wp-json\/wp\/v2\/posts\/26775\/revisions"}],"predecessor-version":[{"id":26777,"href":"https:\/\/imais.online\/portal\/wp-json\/wp\/v2\/posts\/26775\/revisions\/26777"}],"wp:featuredmedia":[{"embeddable":true,"href":"https:\/\/imais.online\/portal\/wp-json\/wp\/v2\/media\/26776"}],"wp:attachment":[{"href":"https:\/\/imais.online\/portal\/wp-json\/wp\/v2\/media?parent=26775"}],"wp:term":[{"taxonomy":"category","embeddable":true,"href":"https:\/\/imais.online\/portal\/wp-json\/wp\/v2\/categories?post=26775"},{"taxonomy":"post_tag","embeddable":true,"href":"https:\/\/imais.online\/portal\/wp-json\/wp\/v2\/tags?post=26775"}],"curies":[{"name":"wp","href":"https:\/\/api.w.org\/{rel}","templated":true}]}}