{"id":26787,"date":"2025-04-21T11:53:20","date_gmt":"2025-04-21T14:53:20","guid":{"rendered":"https:\/\/imais.online\/portal\/?p=26787"},"modified":"2025-04-21T11:53:21","modified_gmt":"2025-04-21T14:53:21","slug":"procissao-caixao-aberto-de-madeira-e-zinco-com-sepultamento-fora-do-vaticano-veja-como-sera-o-funeral-do-papa-francisco-em-graficos","status":"publish","type":"post","link":"https:\/\/imais.online\/portal\/procissao-caixao-aberto-de-madeira-e-zinco-com-sepultamento-fora-do-vaticano-veja-como-sera-o-funeral-do-papa-francisco-em-graficos\/","title":{"rendered":"Prociss\u00e3o, caix\u00e3o aberto de madeira e zinco com sepultamento fora do Vaticano. Veja como ser\u00e1 o funeral do Papa Francisco em gr\u00e1ficos"},"content":{"rendered":"<div class=\"imais-before-content-placement\" id=\"imais-26841327\"><script async src=\"\/\/pagead2.googlesyndication.com\/pagead\/js\/adsbygoogle.js?client=ca-pub-8787528412751566\" crossorigin=\"anonymous\"><\/script><ins class=\"adsbygoogle\" style=\"display:block;\" data-ad-client=\"ca-pub-8787528412751566\" \ndata-ad-slot=\"\" \ndata-ad-format=\"auto\"><\/ins>\n<script> \n(adsbygoogle = window.adsbygoogle || []).push({}); \n<\/script>\n<\/div>\n<h2 class=\"wp-block-heading\">O rito f\u00fanebre de um Pont\u00edfice \u00e9 dividido em tr\u00eas partes, da constata\u00e7\u00e3o da morte ao sepultamento<\/h2>\n\n\n\n<p>As honras f\u00fanebres (ex\u00e9quias) de um\u00a0<a class=\"\" href=\"https:\/\/oglobo.globo.com\/tudo-sobre\/assunto\/papa\">Papa<\/a>\u00a0s\u00e3o um conjunto de cerim\u00f4nias que acontecem durante a\u00a0<em>Novendiales<\/em>, os Nove Dias Santos de<a class=\"\" href=\"https:\/\/oglobo.globo.com\/mundo\/noticia\/2025\/04\/21\/morre-papa-francisco-o-reformista-da-igreja-catolica.ghtml\">\u00a0luto ap\u00f3s a sua morte<\/a>. O Pont\u00edfice deve ser enterrado de quatro a seis dias a partir desta segunda-feira, primeiro dia de falecimento. Em abril de 2024, o\u00a0<a class=\"\" href=\"https:\/\/oglobo.globo.com\/tudo-sobre\/personalidade\/papa-francisco\/\">Papa Francisco<\/a>\u00a0aprovou uma reforma nos ritos e\u00a0<a class=\"\" href=\"https:\/\/oglobo.globo.com\/mundo\/noticia\/2025\/04\/21\/como-sera-o-funeral-do-papa-francisco-simplificou-tradicoes.ghtml\">simplificou as cerim\u00f4nias<\/a>. As mudan\u00e7as foram publicadas em uma nova edi\u00e7\u00e3o do\u00a0<em>Ordo Exsequiarum Romani Pontificis<\/em>, o guia cerimonial dos rituais. As tr\u00eas \u201cesta\u00e7\u00f5es\u201d, que s\u00e3o os passos da constata\u00e7\u00e3o da morte at\u00e9 o sepultamento do Pont\u00edfice, permaneceram inalteradas, mas a publica\u00e7\u00e3o trouxe novidades.<\/p>\n\n\n\n<h2 class=\"wp-block-heading\">PRIMEIRA ESTA\u00c7\u00c3O: na resid\u00eancia do Papa<\/h2>\n\n\n\n<p>Aconteceu na casa do Pont\u00edfice e compreendeu tr\u00eas momentos: Constata\u00e7\u00e3o da morte (<em>Constatazione della morte<\/em>); Exposi\u00e7\u00e3o do corpo (<em>Esposizione della salma<\/em>); e a Celebra\u00e7\u00e3o e ora\u00e7\u00f5es (C<em>elebrazioni e preghiere<\/em>). A morte do Papa foi verificada e oficializada pelo Camerlengo, o administrador de propriedades da Santa S\u00e9, atualmente o\u00a0<a class=\"\" href=\"https:\/\/oglobo.globo.com\/mundo\/noticia\/2025\/04\/21\/quem-e-cardeal-farrell-papa-interino-responsavel-por-funeral-de-francisco-e-conclave.ghtml\">cardeal irland\u00eas Kevin Farrell<\/a>. Isso aconteceu na resid\u00eancia da Casa Santa Marta, uma hospedaria no\u00a0<a class=\"\" href=\"https:\/\/oglobo.globo.com\/tudo-sobre\/pais\/vaticano\">Vaticano<\/a>, onde o Papa decidiu morar ap\u00f3s o conclave que o elegeu, em 2013. Antes, a confirma\u00e7\u00e3o acontecia no Pal\u00e1cio Apost\u00f3lico, antiga resid\u00eancia dos Pont\u00edfices e o corpo era transladado dos aposentos papais at\u00e9 a Sala Clementina.<\/p>\n\n\n\n<p>O corpo do Papa ser\u00e1 embalsamado para que possa permanecer dias sendo velado. Membros da fam\u00edlia romana Signoracci t\u00eam mantido h\u00e1 d\u00e9cadas a tradi\u00e7\u00e3o do embalsamamento. Depois do procedimento, o corpo do Papa ser\u00e1 vestido com os respectivos paramentos lit\u00fargicos e, na capela de Santa Marta, ser\u00e1 velado por membros do Vaticano. Seguem-se as ora\u00e7\u00f5es previstas e uma celebra\u00e7\u00e3o da palavra que ser\u00e1 presidida pelo cardeal Camerlengo, que tamb\u00e9m assume a administra\u00e7\u00e3o da S\u00e9 Apost\u00f3lica durante a\u00a0<a class=\"\" href=\"https:\/\/oglobo.globo.com\/mundo\/noticia\/2025\/04\/21\/o-vaticano-sem-papa-o-que-acontece-durante-a-se-vacante.ghtml\"><strong>S\u00e9 Vacante<\/strong><\/a>, per\u00edodo sem o Papa.<\/p>\n\n\n\n<p><strong>Paramentos vermelhos<\/strong><\/p>\n\n\n\n<p>Costume bizantino, o vermelho \u00e9 a cor de luto para papas falecidos. A cor tamb\u00e9m est\u00e1 associada aos Ap\u00f3stolos e \u00e0 Festa dos Bem-Aventurados Ap\u00f3stolos Pedro e Paulo, sendo o Pont\u00edfice o primeiro entre os ap\u00f3stolos.<\/p>\n\n\n\n<p>O corpo do Pont\u00edfice ser\u00e1 depositado e enterrado em um \u00fanico caix\u00e3o, de madeira e zinco, sem mais a exig\u00eancia anterior de tr\u00eas: de cipreste, chumbo e carvalho, que juntos pesavam meia tonelada.<\/p>\n\n\n\n<h2 class=\"wp-block-heading\">SEGUNDA ESTA\u00c7\u00c3O: na Bas\u00edlica de S\u00e3o Pedro<\/h2>\n\n\n\n<p>\u00c9 dividida em tr\u00eas momentos: o traslado do corpo para a Bas\u00edlica vaticana (<em>Traslazione della salma del Sommo Pontefice nella Basilica Vaticana<\/em>); as Celebra\u00e7\u00f5es e as ora\u00e7\u00f5es (<em>Celebrazioni e preghiere<\/em>); e a Missa de ex\u00e9quias (<em>Messa Esequiale<\/em>). Primeiro o corpo ser\u00e1 transportado em prociss\u00e3o da Casa de Santa Marta at\u00e9 a Bas\u00edlica de S\u00e3o Pedro, com o caix\u00e3o fechado. Quem preside o rito \u00e9 o cardeal Camerlengo, que primeiro borrifar\u00e1 \u00e1gua benta no Papa morto com um esperge e, em seguida, iniciar\u00e1 a prociss\u00e3o. Durante o caminho, ser\u00e3o recitados diversos salmos e c\u00e2nticos.<\/p>\n\n\n\n<p><strong>A Prociss\u00e3o<\/strong><\/p>\n\n\n\n<p>O Pont\u00edfice ser\u00e1 levado para o interior da Bas\u00edlica de S\u00e3o Pedro, e no trajeto ser\u00e1 declamada a Ladainha de todos os santos com o canto gregoriano em latim. O corpo ser\u00e1 colocado em frente ao altar principal ou em outro lugar preparado pelos Cardeais da Congrega\u00e7\u00e3o. O Camerlengo ir\u00e1 aspergir \u00e1gua benta mais uma vez no corpo e o incensar\u00e1 na sequ\u00eancia, enquanto todos os presentes cantar\u00e3o o Respons\u00f3rio \u201cSubvenite Sancti Dei\u201d. O traslado \u00e9 conclu\u00eddo.<\/p>\n\n\n\n<p>O caix\u00e3o permanecer\u00e1 sem a tampa at\u00e9 a noite anterior do funeral para que os fi\u00e9is possam se aproximar do Pont\u00edfice e fazer suas ora\u00e7\u00f5es. Foi abandonada a pr\u00e1tica de colocar o corpo sobre um catafalco, plataforma elevada e decorada. Nem a f\u00e9rula papal, que \u00e9 o bast\u00e3o do Papa, ser\u00e1 colocada ao lado do caix\u00e3o. A cerim\u00f4nia seguir\u00e1, e o Mestre das Celebra\u00e7\u00f5es Lit\u00fargicas dos Pont\u00edfices, Diego Ravelli, ler\u00e1 o rogito, uma ata em latim que relata os principais atos da vida de Francisco. Em seguida, ser\u00e1 estendido um v\u00e9u de seda branca sobre o rosto do Papa que ser\u00e1 aspergido com \u00e1gua benta pela terceira vez.<\/p>\n\n\n\n<p>No caix\u00e3o, ser\u00e3o colocados um saco com as medalhas cunhadas durante o pontificado e um tubo com o rogito. A Bas\u00edlica de S\u00e3o Pedro ser\u00e1 aberta para a visita\u00e7\u00e3o p\u00fablica que poder\u00e1 durar mais de um dia. Durante a passagem dos fi\u00e9is, ser\u00e3o realizadas ora\u00e7\u00f5es e celebra\u00e7\u00f5es lit\u00fargicas.<\/p>\n\n\n\n<p>Terminado o per\u00edodo de visita\u00e7\u00e3o, chega o dia da Missa de ex\u00e9quias, Eucaristia popularmente chamada de corpo presente, que acontecer\u00e1 na Pra\u00e7a de S\u00e3o Pedro e ser\u00e1 presidida pelo cardeal decano, Giovanni Battista Re, ou, na aus\u00eancia deste, do vice-decano, o cardeal Leonardo Sandri. Durante a celebra\u00e7\u00e3o religiosa, estar\u00e3o presentes na pra\u00e7a os integrantes das igrejas, os chefes de Estado, as delega\u00e7\u00f5es de governos e os fi\u00e9is. N\u00e3o ocorrer\u00e1 o rito de fechamento do caix\u00e3o no interior da Bas\u00edlica, feito quando o caix\u00e3o de exposi\u00e7\u00e3o em madeira cipreste era envolto pelo de chumbo e pelo de carvalho \u2014 esse rito foi suprimido. O caix\u00e3o fechado do Papa ser\u00e1 transportado por 12 carregadores e sair\u00e1 da Bas\u00edlica pelo port\u00e3o central.<\/p>\n\n\n\n<p>O caix\u00e3o ser\u00e1 depositado na frente da escadaria da Bas\u00edlica sobre um tapete \u2014 ali, esperam-se mais de 300 mil fi\u00e9is na Pra\u00e7a de S\u00e3o Pedro. Sobre o ata\u00fade ser\u00e1 posto um evangelho aberto. A missa de ex\u00e9quias se iniciar\u00e1 e tem-se a s\u00faplica da Igreja de Roma, presidida pelo Cardeal Vig\u00e1rio, e a s\u00faplica das Igrejas Orientais, presidida por um Patriarca Oriental, \u00faltimo rito de encomenda\u00e7\u00e3o e despedida do Papa.<\/p>\n\n\n\n<h2 class=\"wp-block-heading\">TERCEIRA ESTA\u00c7\u00c3O: local da sepultura<\/h2>\n\n\n\n<p>Ao terminar a missa de ex\u00e9quias, se iniciar\u00e1 a terceira esta\u00e7\u00e3o, composta por dois momentos: Prociss\u00e3o ou Traslado ao local da sepultura (<em>Processione<\/em>) e Sepultamento (<em>Tumulazione della salma del Sommo Pontefice defunto<\/em>). Ao contr\u00e1rio da maioria dos Papas que foram sepultados sob a Bas\u00edlica de S\u00e3o Pedro, nas criptas, o Papa Francisco pediu para ser levado para a Bas\u00edlica de Santa Maria Maggiore, em Roma, para ser enterrado. A Santa Maria Maggiore \u00e9 a primeira igreja no Ocidente dedicada \u00e0 devo\u00e7\u00e3o da Virgem Maria. Francisco visitava essa igreja com frequ\u00eancia quando era cardeal. Depois, como Papa, rezava na Bas\u00edlica antes e depois de qualquer viagem internacional.<\/p>\n\n\n\n<p>Na Bas\u00edlica de Santa Maria Maggiore, o cardeal Camerlengo presidir\u00e1 o rito de inuma\u00e7\u00e3o que consiste na coloca\u00e7\u00e3o do Papa Francisco em sua sepultura. Foi eliminada a deposi\u00e7\u00e3o e o fechamento do caix\u00e3o. Os presentes cantar\u00e3o o Salve Regina (ora\u00e7\u00e3o da Salve Rainha cantada em latim) e o Pont\u00edfice ser\u00e1 sepultado. O t\u00famulo permanece em local acess\u00edvel ao p\u00fablico para visitas e ora\u00e7\u00f5es.<\/p>\n\n\n\n<p>Fonte O Globo <\/p>\n","protected":false},"excerpt":{"rendered":"<p>O rito f\u00fanebre de um Pont\u00edfice \u00e9 dividido em tr\u00eas partes, da constata\u00e7\u00e3o da morte ao sepultamento As honras f\u00fanebres (ex\u00e9quias) de um\u00a0Papa\u00a0s\u00e3o um conjunto de cerim\u00f4nias que acontecem durante a\u00a0Novendiales, os Nove Dias Santos de\u00a0luto ap\u00f3s a sua morte. O Pont\u00edfice deve ser enterrado de quatro a seis dias a partir desta segunda-feira, primeiro [&hellip;]<\/p>\n","protected":false},"author":8,"featured_media":26788,"comment_status":"closed","ping_status":"open","sticky":false,"template":"","format":"standard","meta":{"rop_custom_images_group":[],"rop_custom_messages_group":[],"rop_publish_now":"initial","rop_publish_now_accounts":[],"rop_publish_now_history":[],"rop_publish_now_status":"pending","footnotes":""},"categories":[237],"tags":[],"class_list":["post-26787","post","type-post","status-publish","format-standard","has-post-thumbnail","hentry","category-luto"],"amp_enabled":true,"_links":{"self":[{"href":"https:\/\/imais.online\/portal\/wp-json\/wp\/v2\/posts\/26787","targetHints":{"allow":["GET"]}}],"collection":[{"href":"https:\/\/imais.online\/portal\/wp-json\/wp\/v2\/posts"}],"about":[{"href":"https:\/\/imais.online\/portal\/wp-json\/wp\/v2\/types\/post"}],"author":[{"embeddable":true,"href":"https:\/\/imais.online\/portal\/wp-json\/wp\/v2\/users\/8"}],"replies":[{"embeddable":true,"href":"https:\/\/imais.online\/portal\/wp-json\/wp\/v2\/comments?post=26787"}],"version-history":[{"count":1,"href":"https:\/\/imais.online\/portal\/wp-json\/wp\/v2\/posts\/26787\/revisions"}],"predecessor-version":[{"id":26789,"href":"https:\/\/imais.online\/portal\/wp-json\/wp\/v2\/posts\/26787\/revisions\/26789"}],"wp:featuredmedia":[{"embeddable":true,"href":"https:\/\/imais.online\/portal\/wp-json\/wp\/v2\/media\/26788"}],"wp:attachment":[{"href":"https:\/\/imais.online\/portal\/wp-json\/wp\/v2\/media?parent=26787"}],"wp:term":[{"taxonomy":"category","embeddable":true,"href":"https:\/\/imais.online\/portal\/wp-json\/wp\/v2\/categories?post=26787"},{"taxonomy":"post_tag","embeddable":true,"href":"https:\/\/imais.online\/portal\/wp-json\/wp\/v2\/tags?post=26787"}],"curies":[{"name":"wp","href":"https:\/\/api.w.org\/{rel}","templated":true}]}}