{"id":26790,"date":"2025-04-21T11:57:44","date_gmt":"2025-04-21T14:57:44","guid":{"rendered":"https:\/\/imais.online\/portal\/?p=26790"},"modified":"2025-04-21T11:57:45","modified_gmt":"2025-04-21T14:57:45","slug":"o-que-acontece-com-os-pertences-do-papa-apos-sua-morte","status":"publish","type":"post","link":"https:\/\/imais.online\/portal\/o-que-acontece-com-os-pertences-do-papa-apos-sua-morte\/","title":{"rendered":"O que acontece com os pertences do Papa ap\u00f3s sua morte?"},"content":{"rendered":"<div class=\"imais-before-content-placement\" id=\"imais-217883203\"><script async src=\"\/\/pagead2.googlesyndication.com\/pagead\/js\/adsbygoogle.js?client=ca-pub-8787528412751566\" crossorigin=\"anonymous\"><\/script><ins class=\"adsbygoogle\" style=\"display:block;\" data-ad-client=\"ca-pub-8787528412751566\" \ndata-ad-slot=\"\" \ndata-ad-format=\"auto\"><\/ins>\n<script> \n(adsbygoogle = window.adsbygoogle || []).push({}); \n<\/script>\n<\/div>\n<h2 class=\"wp-block-heading\">Apartamento \u00e9 fechado para evitar saques e Anel do Pescador \u00e9 retirado do dedo do Pont\u00edfice e destru\u00eddo<\/h2>\n\n\n\n<p>A\u00a0morte do Papa Francisco\u00a0marca o final de um ciclo na Igreja Cat\u00f3lica. Agora, a institui\u00e7\u00e3o entra em tempo de S\u00e9 Vacante \u2014 per\u00edodo entre 15 dias e 20 dias em que a fun\u00e7\u00e3o fica vaga \u2014 at\u00e9 que um sucessor seja escolhido pelo Col\u00e9gio de Cardeais, durante o conclave.<\/p>\n\n\n\n<p>A morte s\u00f3 \u00e9 confirmada quando o\u00a0cardeal camerlengo \u2014 que administra a Igreja durante o per\u00edodo da S\u00e9 Vacante\u00a0\u2014 chama o nome de batismo do Papa tr\u00eas vezes. N\u00e3o havendo rea\u00e7\u00e3o, ele bate em sua testa com um martelo de prata e cabo de marfim. Por fim, pronuncia a frase: \u201cVere Papa mortuus est\u201d (O Papa est\u00e1 morto).<\/p>\n\n\n\n<p>Ap\u00f3s a partida do Papa, diversos ritos come\u00e7am a ser realizados pela Igreja Cat\u00f3lica. O apartamento do Papa \u00e9 desocupado e lacrado com lacre de cera, at\u00e9 a escolha de seu sucessor. O Anel do Pescador \u2014 s\u00edmbolo do poder papal recebido ao subir ao Trono de Pedro \u2014 \u00e9 destru\u00eddo, num sinal de que o reinado foi conclu\u00eddo. O camerlengo, cargo atualmente ocupado pelo cardeal Kevin Joseph Farrell, tamb\u00e9m \u00e9 o encarregado dessa fun\u00e7\u00e3o.<\/p>\n\n\n\n<h2 class=\"wp-block-heading\">Quem foi Francisco?<\/h2>\n\n\n\n<figure class=\"wp-block-image\"><img decoding=\"async\" src=\"https:\/\/s2-oglobo.glbimg.com\/6Y3W116WTEPiI1dPFAPeggOG54g=\/0x0:1200x800\/888x0\/smart\/filters:strip_icc()\/i.s3.glbimg.com\/v1\/AUTH_da025474c0c44edd99332dddb09cabe8\/internal_photos\/bs\/2025\/H\/5\/Kk2tEVQGWBpPtNGWR02w\/afp-20250214-36xq8ph-v1-preview-filesvaticanreligionurbiorbihealth.jpg\" alt=\"Papa Francisco participa das celebra\u00e7\u00f5es de Natal, na pra\u00e7a de S\u00e3o Pedro, em 25 de dezembro de 2024\"\/><\/figure>\n\n\n\n<p class=\"has-small-font-size\">Papa Francisco participa das celebra\u00e7\u00f5es de Natal, na pra\u00e7a de S\u00e3o Pedro, em 25 de dezembro de 2024 \u2014 Foto: Alberto PIZZOLI \/ AFP<\/p>\n\n\n\n<p>Eram 20h12 do dia 13 de mar\u00e7o de 2013 quando o argentino Jorge Mario Bergoglio apareceu na sacada central da Bas\u00edlica de S\u00e3o Pedro, provocando o grito da multid\u00e3o que, uma hora antes, viu a fuma\u00e7a branca da Capela Sistina anunciar a elei\u00e7\u00e3o do novo l\u00edder da Igreja Cat\u00f3lica. Bergoglio, o\u00a0<a class=\"\" href=\"https:\/\/oglobo.globo.com\/tudo-sobre\/personalidade\/papa-francisco\/\">Papa Francisco<\/a>, n\u00e3o demorou a mostrar ao mundo como era devoto de brincadeiras: \u201cVoc\u00eas sabem que o dever de um conclave \u00e9 dar um bispo a Roma. Parece que meus irm\u00e3os cardeais foram buscar-me quase at\u00e9 o fim do mundo\u201d. E veio de Buenos Aires o religioso que, nos 12 anos seguintes, chacoalhou a C\u00faria levando aos holofotes temas como a defesa do meio ambiente, a puni\u00e7\u00e3o severa \u00e0 corrup\u00e7\u00e3o no Vaticano e \u00e0 pedofilia, al\u00e9m de abrir espa\u00e7o para a discuss\u00e3o da ordena\u00e7\u00e3o de mulheres e homens casados.<\/p>\n\n\n\n<p>A sa\u00fade de Francisco era motivo de preocupa\u00e7\u00e3o h\u00e1 anos. Al\u00e9m de um epis\u00f3dio aos 21 anos, quando perdeu a parte superior do pulm\u00e3o direito devido a uma grave pneumonia, o Papa acumulava problemas no quadril, nas costas e artrose nos joelhos, o que reduziu sua mobilidade ao longo dos anos. Em julho de 2021, o Papa foi submetido a uma cirurgia que retirou 33 cm de seu intestino grosso em raz\u00e3o de uma diverticulite. Diante dos recorrentes problemas de sa\u00fade, Francisco chegou a admitir, em uma entrevista no final de 2022, que havia assinado uma carta de ren\u00fancia h\u00e1 quase uma d\u00e9cada, caso sua sa\u00fade prec\u00e1ria o impedisse de desempenhar suas fun\u00e7\u00f5es. Pouco tempo depois, em junho de 2023, ele foi submetido a uma nova cirurgia, que durou tr\u00eas horas e terminou &#8220;sem complica\u00e7\u00f5es&#8221;.<\/p>\n\n\n\n<p>O Papa teve um quadro de infec\u00e7\u00e3o polimicrobiana das vias respirat\u00f3rias detectado por exames na segunda-feira [17 de fevereiro de 2025], segundo um boletim m\u00e9dico divulgado pelo Vaticano, que classificou a situa\u00e7\u00e3o do Sumo Pont\u00edfice como &#8220;um quadro cl\u00ednico complexo&#8221;. Francisco estava internado no Hospital Agostino Gemelli, em Roma, devido a um ataque cont\u00ednuo de bronquite, na semana anterior.<\/p>\n\n\n\n<p>\u00c0 frente da Igreja, Bergoglio foi, desde o primeiro minuto, um pioneiro. Foi o primeiro Papa latino-americano, o primeiro jesu\u00edta e o primeiro a adotar o nome de Francisco. Os mais de 90 cardeais que o elegeram, entre os 115 eleitores do conclave, confiaram ao argentino a tarefa de combater os esc\u00e2ndalos sexuais e os crimes financeiros na Igreja, al\u00e9m de estancar a perda de fi\u00e9is no mundo inteiro, especialmente nas Am\u00e9ricas.<\/p>\n\n\n\n<p>Fonte O Globo <\/p>\n","protected":false},"excerpt":{"rendered":"<p>Apartamento \u00e9 fechado para evitar saques e Anel do Pescador \u00e9 retirado do dedo do Pont\u00edfice e destru\u00eddo A\u00a0morte do Papa Francisco\u00a0marca o final de um ciclo na Igreja Cat\u00f3lica. Agora, a institui\u00e7\u00e3o entra em tempo de S\u00e9 Vacante \u2014 per\u00edodo entre 15 dias e 20 dias em que a fun\u00e7\u00e3o fica vaga \u2014 at\u00e9 [&hellip;]<\/p>\n","protected":false},"author":8,"featured_media":26791,"comment_status":"closed","ping_status":"open","sticky":false,"template":"","format":"standard","meta":{"rop_custom_images_group":[],"rop_custom_messages_group":[],"rop_publish_now":"initial","rop_publish_now_accounts":[],"rop_publish_now_history":[],"rop_publish_now_status":"pending","footnotes":""},"categories":[237],"tags":[],"class_list":["post-26790","post","type-post","status-publish","format-standard","has-post-thumbnail","hentry","category-luto"],"amp_enabled":true,"_links":{"self":[{"href":"https:\/\/imais.online\/portal\/wp-json\/wp\/v2\/posts\/26790","targetHints":{"allow":["GET"]}}],"collection":[{"href":"https:\/\/imais.online\/portal\/wp-json\/wp\/v2\/posts"}],"about":[{"href":"https:\/\/imais.online\/portal\/wp-json\/wp\/v2\/types\/post"}],"author":[{"embeddable":true,"href":"https:\/\/imais.online\/portal\/wp-json\/wp\/v2\/users\/8"}],"replies":[{"embeddable":true,"href":"https:\/\/imais.online\/portal\/wp-json\/wp\/v2\/comments?post=26790"}],"version-history":[{"count":1,"href":"https:\/\/imais.online\/portal\/wp-json\/wp\/v2\/posts\/26790\/revisions"}],"predecessor-version":[{"id":26792,"href":"https:\/\/imais.online\/portal\/wp-json\/wp\/v2\/posts\/26790\/revisions\/26792"}],"wp:featuredmedia":[{"embeddable":true,"href":"https:\/\/imais.online\/portal\/wp-json\/wp\/v2\/media\/26791"}],"wp:attachment":[{"href":"https:\/\/imais.online\/portal\/wp-json\/wp\/v2\/media?parent=26790"}],"wp:term":[{"taxonomy":"category","embeddable":true,"href":"https:\/\/imais.online\/portal\/wp-json\/wp\/v2\/categories?post=26790"},{"taxonomy":"post_tag","embeddable":true,"href":"https:\/\/imais.online\/portal\/wp-json\/wp\/v2\/tags?post=26790"}],"curies":[{"name":"wp","href":"https:\/\/api.w.org\/{rel}","templated":true}]}}