{"id":26793,"date":"2025-04-21T12:00:17","date_gmt":"2025-04-21T15:00:17","guid":{"rendered":"https:\/\/imais.online\/portal\/?p=26793"},"modified":"2025-04-21T12:00:18","modified_gmt":"2025-04-21T15:00:18","slug":"corpo-do-papa-francisco-sera-colocado-em-caixao-as-15h-diz-vaticano","status":"publish","type":"post","link":"https:\/\/imais.online\/portal\/corpo-do-papa-francisco-sera-colocado-em-caixao-as-15h-diz-vaticano\/","title":{"rendered":"Corpo do papa Francisco ser\u00e1 colocado em caix\u00e3o \u00e0s 15h, diz Vaticano"},"content":{"rendered":"<div class=\"imais-before-content-placement\" id=\"imais-2936202974\"><script async src=\"\/\/pagead2.googlesyndication.com\/pagead\/js\/adsbygoogle.js?client=ca-pub-8787528412751566\" crossorigin=\"anonymous\"><\/script><ins class=\"adsbygoogle\" style=\"display:block;\" data-ad-client=\"ca-pub-8787528412751566\" \ndata-ad-slot=\"\" \ndata-ad-format=\"auto\"><\/ins>\n<script> \n(adsbygoogle = window.adsbygoogle || []).push({}); \n<\/script>\n<\/div>\n<p>Pont\u00edfice faleceu nesta segunda-feira aos 88 anos<\/p>\n\n\n\n<p>O corpo do papa Francisco ser\u00e1 colocado em um caix\u00e3o \u00e0s 20h, hor\u00e1rio local (15h de Bras\u00edlia), nesta segunda-feira (21), informou o Vaticano em um comunicado.<\/p>\n\n\n\n<p>O cardeal Kevin Joseph Farrell, camerlengo do Vaticano, vai presidir a certifica\u00e7\u00e3o da morte de Francisco e a coloca\u00e7\u00e3o de seu corpo no caix\u00e3o.<\/p>\n\n\n\n<p>Segundo o Vaticano, a fam\u00edlia do papa e v\u00e1rias outras autoridades do Vaticano v\u00e3o participar do rito, que ser\u00e1 realizado na Capela da Domus Sanctae Marthae.<\/p>\n\n\n\n<p>O corpo do papa Francisco poder\u00e1 ser transferido para a Bas\u00edlica de S\u00e3o Pedro, permitindo que os fi\u00e9is prestem suas homenagens, j\u00e1 na quarta-feira (23), disse o porta-voz do Vaticano, Matteo Bruni.<\/p>\n\n\n\n<p>Francisco morreu nesta segunda-feira (21). Ele se recuperava de uma infec\u00e7\u00e3o respirat\u00f3ria depois de passar quase 40 dias internado no hospital.<\/p>\n\n\n\n<p>No Domingo de P\u00e1scoa, o papa fez uma breve apari\u00e7\u00e3o no Vaticano. Em uma mensagem lida por um assessor, o pont\u00edfice pediu cessar-fogo na Faixa de Gaza.<\/p>\n\n\n\n<p>Fonte CNN Brasil <\/p>\n","protected":false},"excerpt":{"rendered":"<p>Pont\u00edfice faleceu nesta segunda-feira aos 88 anos O corpo do papa Francisco ser\u00e1 colocado em um caix\u00e3o \u00e0s 20h, hor\u00e1rio local (15h de Bras\u00edlia), nesta segunda-feira (21), informou o Vaticano em um comunicado. O cardeal Kevin Joseph Farrell, camerlengo do Vaticano, vai presidir a certifica\u00e7\u00e3o da morte de Francisco e a coloca\u00e7\u00e3o de seu corpo [&hellip;]<\/p>\n","protected":false},"author":8,"featured_media":26794,"comment_status":"closed","ping_status":"open","sticky":false,"template":"","format":"standard","meta":{"rop_custom_images_group":[],"rop_custom_messages_group":[],"rop_publish_now":"initial","rop_publish_now_accounts":[],"rop_publish_now_history":[],"rop_publish_now_status":"pending","footnotes":""},"categories":[237],"tags":[],"class_list":["post-26793","post","type-post","status-publish","format-standard","has-post-thumbnail","hentry","category-luto"],"amp_enabled":true,"_links":{"self":[{"href":"https:\/\/imais.online\/portal\/wp-json\/wp\/v2\/posts\/26793","targetHints":{"allow":["GET"]}}],"collection":[{"href":"https:\/\/imais.online\/portal\/wp-json\/wp\/v2\/posts"}],"about":[{"href":"https:\/\/imais.online\/portal\/wp-json\/wp\/v2\/types\/post"}],"author":[{"embeddable":true,"href":"https:\/\/imais.online\/portal\/wp-json\/wp\/v2\/users\/8"}],"replies":[{"embeddable":true,"href":"https:\/\/imais.online\/portal\/wp-json\/wp\/v2\/comments?post=26793"}],"version-history":[{"count":1,"href":"https:\/\/imais.online\/portal\/wp-json\/wp\/v2\/posts\/26793\/revisions"}],"predecessor-version":[{"id":26795,"href":"https:\/\/imais.online\/portal\/wp-json\/wp\/v2\/posts\/26793\/revisions\/26795"}],"wp:featuredmedia":[{"embeddable":true,"href":"https:\/\/imais.online\/portal\/wp-json\/wp\/v2\/media\/26794"}],"wp:attachment":[{"href":"https:\/\/imais.online\/portal\/wp-json\/wp\/v2\/media?parent=26793"}],"wp:term":[{"taxonomy":"category","embeddable":true,"href":"https:\/\/imais.online\/portal\/wp-json\/wp\/v2\/categories?post=26793"},{"taxonomy":"post_tag","embeddable":true,"href":"https:\/\/imais.online\/portal\/wp-json\/wp\/v2\/tags?post=26793"}],"curies":[{"name":"wp","href":"https:\/\/api.w.org\/{rel}","templated":true}]}}