{"id":26796,"date":"2025-04-21T12:02:37","date_gmt":"2025-04-21T15:02:37","guid":{"rendered":"https:\/\/imais.online\/portal\/?p=26796"},"modified":"2025-04-21T12:02:37","modified_gmt":"2025-04-21T15:02:37","slug":"saiba-quem-administra-a-igreja-apos-a-morte-do-papa-francisco","status":"publish","type":"post","link":"https:\/\/imais.online\/portal\/saiba-quem-administra-a-igreja-apos-a-morte-do-papa-francisco\/","title":{"rendered":"Saiba quem administra a Igreja ap\u00f3s a morte do papa Francisco"},"content":{"rendered":"<div class=\"imais-before-content-placement\" id=\"imais-1919346326\"><script async src=\"\/\/pagead2.googlesyndication.com\/pagead\/js\/adsbygoogle.js?client=ca-pub-8787528412751566\" crossorigin=\"anonymous\"><\/script><ins class=\"adsbygoogle\" style=\"display:block;\" data-ad-client=\"ca-pub-8787528412751566\" \ndata-ad-slot=\"\" \ndata-ad-format=\"auto\"><\/ins>\n<script> \n(adsbygoogle = window.adsbygoogle || []).push({}); \n<\/script>\n<\/div>\n<p>Cardeal espec\u00edfico, conhecido como Camerlengo, \u00e9 o respons\u00e1vel por gerenciar o Vaticano durante o per\u00edodo chamado de \u201cSede Vacante\u201d<\/p>\n\n\n\n<p>Com a morte do papa Francisco, aos 88 anos, o Vaticano passa a adotar uma s\u00e9rie de protocolos ligados ao processo f\u00fanebre e \u00e0 escolha de um novo chefe da Igreja Cat\u00f3lica no conclave. Durante esse per\u00edodo, conhecido como a Sede Vacante, a S\u00e9 Apost\u00f3lica, a sede da Igreja de Roma, passa a ser administrada pelo Camerlengo, um cardeal que exerce uma fun\u00e7\u00e3o parecida com a de assistente do papa.<\/p>\n\n\n\n<p>Atualmente, o posto de Camerlengo \u00e9 ocupado pelo cardeal irland\u00eas-americano Kevin Farrell. Ele est\u00e1 na fun\u00e7\u00e3o desde fevereiro de 2019 ap\u00f3s a morte do cardeal franc\u00eas Jean-Louis Tauran.<\/p>\n\n\n\n<p>Farrell, por exemplo, \u00e9 o respons\u00e1vel por<a href=\"https:\/\/www.cnnbrasil.com.br\/internacional\/saiba-o-que-acontece-assim-que-o-papa-morre\/#:~:text=Funeral%20ser%C3%A1%20mais%20simples,em%202024%20pelo%20pr%C3%B3prio%20papa.\">&nbsp;atestar oficialmente a morte do pont\u00edfice<\/a>, o que depois \u00e9 comunicado aos fi\u00e9is. Tradicionalmente, a verifica\u00e7\u00e3o do \u00f3bito \u00e9 feita quando o Camerlengo d\u00e1 tr\u00eas batidas com um martelo de prata na cabe\u00e7a do pont\u00edfice, enquanto fala o nome dele.<\/p>\n\n\n\n<p>As fun\u00e7\u00f5es do Camerlengo est\u00e3o explicadas no documento conhecido como Universi Dominici Gregis, uma esp\u00e9cie de constitui\u00e7\u00e3o da Igreja promulgada pelo papa Jo\u00e3o Paulo II na d\u00e9cada de noventa.<\/p>\n\n\n\n<p>Al\u00e9m de ter que constatar a morte do pont\u00edfice, o Camerlengo \u00e9 o respons\u00e1vel por lacrar a resid\u00eancia e o escrit\u00f3rio papais, dentro do Vaticano. O objetivo \u00e9 garantir que nada seja removido ou alterado nesses espa\u00e7os at\u00e9 que um novo papa seja eleito e possa tomar posse.<\/p>\n\n\n\n<p>O Camerlengo tamb\u00e9m tem que preparar o funeral do papa em consulta com outros cardeais da Igreja, sobretudo se, em vida, o papa em quest\u00e3o n\u00e3o deixou um plano pronto para esse momento. Nesse est\u00e1gio, entram quest\u00f5es como o traslado do corpo dentro e fora do Vaticano, impedir que fotos indevidas sejam tiradas e organizar todo o passo-a-passo do rito.<\/p>\n\n\n\n<p>\u00c9 importante refor\u00e7ar que estas fun\u00e7\u00f5es s\u00e3o exercidas em nome e com o consenso do Col\u00e9gio dos Cardeais. O Camerlengo atua como um administrador e supervisor, garantindo que a transi\u00e7\u00e3o para um novo pontificado ocorra de forma organizada e de acordo com as normas estabelecidas.<\/p>\n\n\n\n<p>Durante a Sede Vacante, o Camerlengo \u00e9 o respons\u00e1vel por gerenciar os bens da Igreja e se torna, interinamente, o administrador de im\u00f3veis de posse do Vaticano, como o Pal\u00e1cio Apost\u00f3lico, a resid\u00eancia oficial do pont\u00edfice, o Pal\u00e1cio de Latr\u00e3o, antiga resid\u00eancia papal, e o Pal\u00e1cio Apost\u00f3lico de Castel Gandolfo, a casa de ver\u00e3o do papa. Este \u00faltimo local \u00e9 muito explorado no filme \u201cDois Papas\u201d, do diretor brasileiro, Fernando Meirelles.<\/p>\n\n\n\n<p>Garantir o andamento tranquilo e seguro do conclave tamb\u00e9m \u00e9 uma atribui\u00e7\u00e3o do Camerlengo. O processo de escolha do novo chefe da Igreja Cat\u00f3lica \u00e9 extremamente sigiloso.<\/p>\n\n\n\n<p>Os cardeais se re\u00fanem na Capela Sistina a portas fechadas e nada do que acontece ali dentro pode ser revelado, sobretudo a vota\u00e7\u00e3o. Uma revista pr\u00e9via supervisionada pelo Camerlengo \u00e9 feita no local para assegurar que n\u00e3o existam dispositivos de grava\u00e7\u00e3o de \u00e1udio ou v\u00eddeo.<\/p>\n\n\n\n<p>Por fim, por pertencer ao Col\u00e9gio de Cardeais, o Camerlengo tamb\u00e9m tem direito a um novo na escolha do novo papa durante o conclave.<\/p>\n\n\n\n<p>Fonte CNN Brasil <\/p>\n","protected":false},"excerpt":{"rendered":"<p>Cardeal espec\u00edfico, conhecido como Camerlengo, \u00e9 o respons\u00e1vel por gerenciar o Vaticano durante o per\u00edodo chamado de \u201cSede Vacante\u201d Com a morte do papa Francisco, aos 88 anos, o Vaticano passa a adotar uma s\u00e9rie de protocolos ligados ao processo f\u00fanebre e \u00e0 escolha de um novo chefe da Igreja Cat\u00f3lica no conclave. Durante esse [&hellip;]<\/p>\n","protected":false},"author":8,"featured_media":26797,"comment_status":"closed","ping_status":"open","sticky":false,"template":"","format":"standard","meta":{"rop_custom_images_group":[],"rop_custom_messages_group":[],"rop_publish_now":"initial","rop_publish_now_accounts":[],"rop_publish_now_history":[],"rop_publish_now_status":"pending","footnotes":""},"categories":[237],"tags":[],"class_list":["post-26796","post","type-post","status-publish","format-standard","has-post-thumbnail","hentry","category-luto"],"amp_enabled":true,"_links":{"self":[{"href":"https:\/\/imais.online\/portal\/wp-json\/wp\/v2\/posts\/26796","targetHints":{"allow":["GET"]}}],"collection":[{"href":"https:\/\/imais.online\/portal\/wp-json\/wp\/v2\/posts"}],"about":[{"href":"https:\/\/imais.online\/portal\/wp-json\/wp\/v2\/types\/post"}],"author":[{"embeddable":true,"href":"https:\/\/imais.online\/portal\/wp-json\/wp\/v2\/users\/8"}],"replies":[{"embeddable":true,"href":"https:\/\/imais.online\/portal\/wp-json\/wp\/v2\/comments?post=26796"}],"version-history":[{"count":1,"href":"https:\/\/imais.online\/portal\/wp-json\/wp\/v2\/posts\/26796\/revisions"}],"predecessor-version":[{"id":26798,"href":"https:\/\/imais.online\/portal\/wp-json\/wp\/v2\/posts\/26796\/revisions\/26798"}],"wp:featuredmedia":[{"embeddable":true,"href":"https:\/\/imais.online\/portal\/wp-json\/wp\/v2\/media\/26797"}],"wp:attachment":[{"href":"https:\/\/imais.online\/portal\/wp-json\/wp\/v2\/media?parent=26796"}],"wp:term":[{"taxonomy":"category","embeddable":true,"href":"https:\/\/imais.online\/portal\/wp-json\/wp\/v2\/categories?post=26796"},{"taxonomy":"post_tag","embeddable":true,"href":"https:\/\/imais.online\/portal\/wp-json\/wp\/v2\/tags?post=26796"}],"curies":[{"name":"wp","href":"https:\/\/api.w.org\/{rel}","templated":true}]}}