{"id":26801,"date":"2025-04-21T19:07:41","date_gmt":"2025-04-21T22:07:41","guid":{"rendered":"https:\/\/imais.online\/portal\/?p=26801"},"modified":"2025-04-21T19:07:42","modified_gmt":"2025-04-21T22:07:42","slug":"plaza-shopping-itu-celebra-25-anos-de-historia-com-programacao-especial-para-a-regiao-a-partir-deste-mes","status":"publish","type":"post","link":"https:\/\/imais.online\/portal\/plaza-shopping-itu-celebra-25-anos-de-historia-com-programacao-especial-para-a-regiao-a-partir-deste-mes\/","title":{"rendered":"Plaza Shopping Itu celebra 25 anos de hist\u00f3ria com programa\u00e7\u00e3o especial para a regi\u00e3o a partir deste m\u00eas"},"content":{"rendered":"<div class=\"imais-before-content-placement\" id=\"imais-50614735\"><script async src=\"\/\/pagead2.googlesyndication.com\/pagead\/js\/adsbygoogle.js?client=ca-pub-8787528412751566\" crossorigin=\"anonymous\"><\/script><ins class=\"adsbygoogle\" style=\"display:block;\" data-ad-client=\"ca-pub-8787528412751566\" \ndata-ad-slot=\"\" \ndata-ad-format=\"auto\"><\/ins>\n<script> \n(adsbygoogle = window.adsbygoogle || []).push({}); \n<\/script>\n<\/div>\n<p class=\"has-text-align-center\"><em>Empreendimento comemora Bodas de Prata com atra\u00e7\u00f5es exclusivas<\/em><\/p>\n\n\n\n<p>O m\u00eas de abril marca um cap\u00edtulo especial na hist\u00f3ria do com\u00e9rcio regional: o Plaza Shopping Itu completa 25 anos de atividades e inicia uma programa\u00e7\u00e3o comemorativa que promete envolver visitantes de todas as idades ao longo do ano. Inaugurado em 27 de abril de 2000, o empreendimento se consolidou como o principal centro de compras, lazer e servi\u00e7os da regi\u00e3o, atendendo consumidores de cidades como Itu, Salto, Porto Feliz, Cabre\u00fava, Indaiatuba, Tiet\u00ea, Capivari, Sorocaba, Boituva e da capital paulista.<\/p>\n\n\n\n<p>As comemora\u00e7\u00f5es do anivers\u00e1rio incluem uma exposi\u00e7\u00e3o gratuita que percorre a linha do tempo do shopping, revelando sua evolu\u00e7\u00e3o ao longo dos anos, em um espa\u00e7o tem\u00e1tico preparado para envolver o p\u00fablico. A campanha &#8220;La\u00e7os que nos Unem&#8221;, com um selo criado especialmente para o anivers\u00e1rio, j\u00e1 come\u00e7ou a destacar depoimentos marcantes de colaboradores, lojistas e clientes que vivenciaram momentos especiais nessas duas d\u00e9cadas e meia. Esses v\u00eddeos s\u00e3o compartilhados nas redes sociais e tamb\u00e9m marcam presen\u00e7a na mostra de 25 anos. \u00a0<\/p>\n\n\n\n<figure class=\"wp-block-image size-large\"><img loading=\"lazy\" decoding=\"async\" width=\"1024\" height=\"596\" src=\"https:\/\/imais.online\/portal\/wp-content\/uploads\/2025\/04\/Plaza-Shopping-Itu-1024x596.jpg\" alt=\"\" class=\"wp-image-26803\" srcset=\"https:\/\/imais.online\/portal\/wp-content\/uploads\/2025\/04\/Plaza-Shopping-Itu-1024x596.jpg 1024w, https:\/\/imais.online\/portal\/wp-content\/uploads\/2025\/04\/Plaza-Shopping-Itu-300x175.jpg 300w, https:\/\/imais.online\/portal\/wp-content\/uploads\/2025\/04\/Plaza-Shopping-Itu-768x447.jpg 768w, https:\/\/imais.online\/portal\/wp-content\/uploads\/2025\/04\/Plaza-Shopping-Itu.jpg 1279w\" sizes=\"auto, (max-width: 1024px) 100vw, 1024px\" \/><\/figure>\n\n\n\n<p><strong>Plaza Prime<\/strong><\/p>\n\n\n\n<p>Durante o m\u00eas de abril, o cat\u00e1logo do Programa de Fidelidade do shopping tamb\u00e9m oferecer\u00e1 vantagens e benef\u00edcios exclusivos para aos clientes Prime. Entre as mais de 80 op\u00e7\u00f5es a serem resgatadas, est\u00e3o: pacotes de experi\u00eancias nas lojas, restaurantes e no Hotel Ibis, al\u00e9m de um benef\u00edcio especial do anivers\u00e1rio, uma sess\u00e3o VIP de cinema para o cliente e mais 10 amigos no Cine Plaza.&nbsp;&nbsp;<\/p>\n","protected":false},"excerpt":{"rendered":"<p>Empreendimento comemora Bodas de Prata com atra\u00e7\u00f5es exclusivas O m\u00eas de abril marca um cap\u00edtulo especial na hist\u00f3ria do com\u00e9rcio regional: o Plaza Shopping Itu completa 25 anos de atividades e inicia uma programa\u00e7\u00e3o comemorativa que promete envolver visitantes de todas as idades ao longo do ano. Inaugurado em 27 de abril de 2000, o [&hellip;]<\/p>\n","protected":false},"author":7,"featured_media":26802,"comment_status":"closed","ping_status":"open","sticky":false,"template":"","format":"standard","meta":{"rop_custom_images_group":[],"rop_custom_messages_group":[],"rop_publish_now":"initial","rop_publish_now_accounts":[],"rop_publish_now_history":[],"rop_publish_now_status":"pending","footnotes":""},"categories":[271],"tags":[],"class_list":["post-26801","post","type-post","status-publish","format-standard","has-post-thumbnail","hentry","category-itu"],"amp_enabled":true,"_links":{"self":[{"href":"https:\/\/imais.online\/portal\/wp-json\/wp\/v2\/posts\/26801","targetHints":{"allow":["GET"]}}],"collection":[{"href":"https:\/\/imais.online\/portal\/wp-json\/wp\/v2\/posts"}],"about":[{"href":"https:\/\/imais.online\/portal\/wp-json\/wp\/v2\/types\/post"}],"author":[{"embeddable":true,"href":"https:\/\/imais.online\/portal\/wp-json\/wp\/v2\/users\/7"}],"replies":[{"embeddable":true,"href":"https:\/\/imais.online\/portal\/wp-json\/wp\/v2\/comments?post=26801"}],"version-history":[{"count":1,"href":"https:\/\/imais.online\/portal\/wp-json\/wp\/v2\/posts\/26801\/revisions"}],"predecessor-version":[{"id":26804,"href":"https:\/\/imais.online\/portal\/wp-json\/wp\/v2\/posts\/26801\/revisions\/26804"}],"wp:featuredmedia":[{"embeddable":true,"href":"https:\/\/imais.online\/portal\/wp-json\/wp\/v2\/media\/26802"}],"wp:attachment":[{"href":"https:\/\/imais.online\/portal\/wp-json\/wp\/v2\/media?parent=26801"}],"wp:term":[{"taxonomy":"category","embeddable":true,"href":"https:\/\/imais.online\/portal\/wp-json\/wp\/v2\/categories?post=26801"},{"taxonomy":"post_tag","embeddable":true,"href":"https:\/\/imais.online\/portal\/wp-json\/wp\/v2\/tags?post=26801"}],"curies":[{"name":"wp","href":"https:\/\/api.w.org\/{rel}","templated":true}]}}